{"id":148401,"date":"2025-06-03T07:57:08","date_gmt":"2025-06-03T07:57:08","guid":{"rendered":"https:\/\/www.europesays.com\/fr\/148401\/"},"modified":"2025-06-03T07:57:08","modified_gmt":"2025-06-03T07:57:08","slug":"grenoble-linterpellation-dun-individu-suspect-tourne-mal-et-se-termine-a-lhopital","status":"publish","type":"post","link":"https:\/\/www.europesays.com\/fr\/148401\/","title":{"rendered":"Grenoble. L&rsquo;interpellation d&rsquo;un individu suspect tourne mal et se termine \u00e0 l&rsquo;h\u00f4pital"},"content":{"rendered":"<p>            Par<br \/>\n        <strong><br \/>\n            <a href=\"https:\/\/actu.fr\/auteur\/redaction-grenoble\" title=\"Consulter tous les articles de R\u00e9daction Grenoble\" rel=\"nofollow noopener\" target=\"_blank\">R\u00e9daction Grenoble<\/a><br \/>\n        <\/strong><\/p>\n<p>        Publi\u00e9 le<\/p>\n<p>            3 juin 2025 \u00e0 9h30        <\/p>\n<p>L\u2019interpellation a mal tourn\u00e9, lundi 2 juin \u00e0 <a href=\"https:\/\/actu.fr\/auvergne-rhone-alpes\/grenoble_38185\" rel=\"nofollow noopener\" target=\"_blank\">Grenoble<\/a>. Sur les coups de 20 heures, des effectifs de la brigade sp\u00e9cialis\u00e9e de terrain rep\u00e8rent rue Barral de Montferrat, dans le quartier des Eaux-Claires, un homme suspect.<\/p>\n<p>    <a href=\"https:\/\/www.google.com\/maps\/embed?pb=!1m18!1m12!1m3!1d5625.3398526428755!2d5.706339158438122!3d45.17353345196144!2m3!1f0!2f0!3f0!3m2!1i1024!2i768!4f13.1!3m3!1m2!1s0x478af4a051adc987%3A0xe9f879f00027980d!2sRue%20Barral%20de%20Montferrat%2C%2038100%20Grenoble!5e0!3m2!1sfr!2sfr!4v1748933993749!5m2!1sfr!2sfr\" title=\"Ouvrie le lien\" rel=\"nofollow noopener\" target=\"_blank\">Cliquez ici pour visualiser le contenu<\/a><\/p>\n<p class=\" wall-content\">L\u2019individu est en <strong>possession de cigarettes de contrebande<\/strong>. Les policiers proc\u00e8dent alors \u00e0 son interpellation.<\/p>\n<p>L\u2019individu \u00e9tait sous OQTF<\/p>\n<p class=\" wall-content\">Mais tout ne se passe pas comme pr\u00e9vu. L\u2019homme devient violent et tente de fuir. Il finit par porter plusieurs coups aux agents de police, blessant plus s\u00e9rieusement un fonctionnaire au coude droit.<\/p>\n<p class=\" wall-content\">Ce dernier a d\u00fb \u00eatre transport\u00e9 au <a href=\"https:\/\/actu.fr\/tag\/chu-grenoble-alpes\" rel=\"nofollow noopener\" target=\"_blank\">CHU Grenoble-Alpes<\/a>. Apr\u00e8s examen, il s\u2019est av\u00e9r\u00e9 que <strong>son coude est cass\u00e9<\/strong>.<\/p>\n<p>Vid\u00e9os : en ce moment sur Actu<\/p>\n<p class=\" wall-content\">L\u2019homme interpell\u00e9, \u00e2g\u00e9 de 26 ans et sous OQTF (obligation de quitter le territoire fran\u00e7ais), a \u00e9t\u00e9 plac\u00e9 en garde \u00e0 vue pour <strong>violences sur personne d\u00e9positaire de l\u2019autorit\u00e9 publique<\/strong> et r\u00e9bellion.<\/p>\n<p class=\" wall-content\">Suivez toute l\u2019actualit\u00e9 de vos villes et m\u00e9dias favoris en vous inscrivant \u00e0 <a href=\"https:\/\/moncompte.actu.fr\" title=\"D\u00e9couvez Mon Actu\" rel=\"nofollow noopener\" data-trk=\"{&quot;cta&quot;:{&quot;action&quot;:&quot;https:\\\/\\\/moncompte.actu.fr&quot;,&quot;category&quot;:&quot;mon compte&quot;,&quot;from&quot;:&quot;article footer&quot;,&quot;name&quot;:&quot;Mon actu&quot;,&quot;type&quot;:&quot;cta&quot;}}\" target=\"_blank\">Mon Actu<\/a>.<\/p>\n","protected":false},"excerpt":{"rendered":"Par R\u00e9daction Grenoble Publi\u00e9 le 3 juin 2025 \u00e0 9h30 L\u2019interpellation a mal tourn\u00e9, lundi 2 juin \u00e0&hellip;\n","protected":false},"author":2,"featured_media":148402,"comment_status":"","ping_status":"","sticky":false,"template":"","format":"standard","meta":{"footnotes":""},"categories":[9566],"tags":[1111,11,2430,1777,674,118,1011,27,2731,100,12,1072,25],"class_list":{"0":"post-148401","1":"post","2":"type-post","3":"status-publish","4":"format-standard","5":"has-post-thumbnail","7":"category-grenoble","8":"tag-actu","9":"tag-actualites","10":"tag-auvergne-rhone-alpes","11":"tag-eu","12":"tag-europe","13":"tag-faits-divers","14":"tag-fr","15":"tag-france","16":"tag-grenoble","17":"tag-hopital","18":"tag-news","19":"tag-police","20":"tag-republique-francaise"},"share_on_mastodon":{"url":"https:\/\/pubeurope.com\/@fr\/114618370824673309","error":""},"_links":{"self":[{"href":"https:\/\/www.europesays.com\/fr\/wp-json\/wp\/v2\/posts\/148401","targetHints":{"allow":["GET"]}}],"collection":[{"href":"https:\/\/www.europesays.com\/fr\/wp-json\/wp\/v2\/posts"}],"about":[{"href":"https:\/\/www.europesays.com\/fr\/wp-json\/wp\/v2\/types\/post"}],"author":[{"embeddable":true,"href":"https:\/\/www.europesays.com\/fr\/wp-json\/wp\/v2\/users\/2"}],"replies":[{"embeddable":true,"href":"https:\/\/www.europesays.com\/fr\/wp-json\/wp\/v2\/comments?post=148401"}],"version-history":[{"count":0,"href":"https:\/\/www.europesays.com\/fr\/wp-json\/wp\/v2\/posts\/148401\/revisions"}],"wp:featuredmedia":[{"embeddable":true,"href":"https:\/\/www.europesays.com\/fr\/wp-json\/wp\/v2\/media\/148402"}],"wp:attachment":[{"href":"https:\/\/www.europesays.com\/fr\/wp-json\/wp\/v2\/media?parent=148401"}],"wp:term":[{"taxonomy":"category","embeddable":true,"href":"https:\/\/www.europesays.com\/fr\/wp-json\/wp\/v2\/categories?post=148401"},{"taxonomy":"post_tag","embeddable":true,"href":"https:\/\/www.europesays.com\/fr\/wp-json\/wp\/v2\/tags?post=148401"}],"curies":[{"name":"wp","href":"https:\/\/api.w.org\/{rel}","templated":true}]}}