{"id":148411,"date":"2025-06-03T08:02:42","date_gmt":"2025-06-03T08:02:42","guid":{"rendered":"https:\/\/www.europesays.com\/fr\/148411\/"},"modified":"2025-06-03T08:02:42","modified_gmt":"2025-06-03T08:02:42","slug":"remise-des-plaques-michelin-2025-lalsace-a-lhonneur-au-regent-petite-france-a-strasbourg-les-nouvelles-gastronomiques","status":"publish","type":"post","link":"https:\/\/www.europesays.com\/fr\/148411\/","title":{"rendered":"Remise des plaques Michelin 2025 : l\u2019Alsace \u00e0 l\u2019honneur au R\u00e9gent Petite France \u00e0 Strasbourg \u2022 Les Nouvelles Gastronomiques"},"content":{"rendered":"<p style=\"text-align: left;\" data-start=\"183\" data-end=\"287\"><strong data-start=\"289\" data-end=\"316\">Lundi 2 juin 2025 \u00e0 11h<\/strong>, l\u2019h\u00f4tel <strong data-start=\"339\" data-end=\"376\">R\u00e9gent Petite France \u00e0 Strasbourg<\/strong> a accueilli la c\u00e9r\u00e9monie officielle de <strong data-start=\"416\" data-end=\"462\">remise des plaques Michelin mill\u00e9sime 2025<\/strong>. Ce rendez-vous annuel permet aux chefs alsaciens (\u00e9toil\u00e9s + Bib gourmand) de recevoir leur nouvelle plaque Michelin mill\u00e9sim\u00e9 2025, offertes par M\u00e9tro, qui f\u00eate cette ann\u00e9e leur 10 ann\u00e9es de partenariat avec le guide rouge.<\/p>\n<p style=\"text-align: center;\"><strong>Vid\u00e9o\u00a0<\/strong><\/p>\n<p style=\"text-align: center;\">\n<p>Un moment de c\u00e9l\u00e9bration et de reconnaissance<\/p>\n<p data-start=\"781\" data-end=\"1089\">Dans un esprit de grande famille, les chefs ont pos\u00e9 tour \u00e0 tour devant le photocall, brandissant fi\u00e8rement leur pr\u00e9cieuse plaque. Pour les <strong data-start=\"921\" data-end=\"940\">nouveaux promus<\/strong>, il s\u2019agissait d\u2019un moment historique, marquant leur premi\u00e8re entr\u00e9e dans le cercle tr\u00e8s ferm\u00e9 des \u00e9tablissements distingu\u00e9s par le Guide Michelin.<\/p>\n<p data-start=\"1091\" data-end=\"1370\">\u00ab Cette c\u00e9r\u00e9monie est semblable \u00e0 une grande f\u00eate de famille. On s\u2019y raconte nos joies et nos peines, ce qu\u2019on a d\u00fb endurer pour d\u00e9crocher cette plaque. Elle est bien plus qu\u2019un simple ornement : c\u2019est l\u2019aboutissement d\u2019une passion immense \u00bb, a r\u00e9sum\u00e9 l\u2019un des participants, \u00e9mu.<\/p>\n<p><img data-recalc-dims=\"1\" loading=\"lazy\" decoding=\"async\" class=\"aligncenter size-mailpoet_newsletter_max wp-image-85373\" src=\"https:\/\/www.europesays.com\/fr\/wp-content\/uploads\/2025\/06\/Photo-de-groupe-Plaques-Michelin-2025-Strasbourg-\u00a9Nouvelles-Gastronomiques.jpeg\" alt=\"\" width=\"1170\" height=\"1560\"  \/><br \/>\nUn beau mill\u00e9sime 2025 pour l\u2019Alsace<\/p>\n<p data-start=\"1414\" data-end=\"1553\"><strong data-start=\"1414\" data-end=\"1492\">L\u2019\u00e9dition 2025 du Guide Michelin est particuli\u00e8rement favorable \u00e0 l\u2019Alsace<\/strong>, qui gagne <strong data-start=\"1510\" data-end=\"1549\">quatre distinctions suppl\u00e9mentaires<\/strong><\/p>\n<ul data-start=\"1554\" data-end=\"1946\">\n<li data-start=\"1554\" data-end=\"1657\">\n<p data-start=\"1556\" data-end=\"1657\"><strong data-start=\"1556\" data-end=\"1586\">Emmanuelle et Yannick Guth<\/strong> d\u00e9crochent <strong data-start=\"1597\" data-end=\"1630\">leur premi\u00e8re \u00e9toile Michelin<\/strong> pour <strong data-start=\"1636\" data-end=\"1654\">l\u2019Auberge Guth<\/strong>,<\/p>\n<\/li>\n<li data-start=\"1658\" data-end=\"1764\">\n<p data-start=\"1660\" data-end=\"1764\"><strong data-start=\"1660\" data-end=\"1679\">Jean-Paul Acker<\/strong> est gratifi\u00e9 d\u2019une <strong data-start=\"1699\" data-end=\"1738\">\u00e9toile au restaurant Les Feuillages<\/strong>, \u00e0 <strong data-start=\"1742\" data-end=\"1761\">La Cheneaudi\u00e8re<\/strong>,<\/p>\n<\/li>\n<li data-start=\"1765\" data-end=\"1867\">\n<p data-start=\"1767\" data-end=\"1867\">Le restaurant <strong data-start=\"1781\" data-end=\"1803\">HUNA \u00e0 Waldersbach<\/strong> obtient une <strong data-start=\"1816\" data-end=\"1832\">\u00e9toile verte<\/strong>, saluant son engagement durable,<\/p>\n<\/li>\n<li data-start=\"1868\" data-end=\"1946\">\n<p data-start=\"1870\" data-end=\"1946\">Le chef <strong data-start=\"1878\" data-end=\"1899\">Kevin Lopes-Reach<\/strong> int\u00e8gre la <strong data-start=\"1911\" data-end=\"1945\">Promotion Passion Dessert 2025<\/strong>.<\/p>\n<\/li>\n<\/ul>\n<p><img data-recalc-dims=\"1\" loading=\"lazy\" decoding=\"async\" class=\"aligncenter size-mailpoet_newsletter_max wp-image-85374\" src=\"https:\/\/www.europesays.com\/fr\/wp-content\/uploads\/2025\/06\/auberge-Guth-2-Plaques-Michelin-2025-Strasbourg-\u00a9Nouvelles-Gastronomiques.jpeg\" alt=\"\" width=\"1170\" height=\"2080\"  \/> <img data-recalc-dims=\"1\" loading=\"lazy\" decoding=\"async\" class=\"aligncenter size-mailpoet_newsletter_max wp-image-85375\" src=\"https:\/\/www.europesays.com\/fr\/wp-content\/uploads\/2025\/06\/Jean-Paul-Acker-la-Cheneaudiere-Plaques-Michelin-2025-Strasbourg-\u00a9Nouvelles-Gastronomiques.jpeg\" alt=\"\" width=\"1170\" height=\"1593\"  \/><br \/>\nBilan des distinctions<\/p>\n<p data-start=\"1984\" data-end=\"2075\">Avec ces nouvelles r\u00e9compenses, l\u2019Alsace peut se pr\u00e9valoir d\u2019un palmar\u00e8s impressionnant :<\/p>\n<ul data-start=\"2076\" data-end=\"2465\">\n<li data-start=\"2076\" data-end=\"2135\">\n<p data-start=\"2078\" data-end=\"2135\"><strong data-start=\"2111\" data-end=\"2132\">35 \u00e9toiles rouges<\/strong>,<\/p>\n<\/li>\n<li data-start=\"2076\" data-end=\"2135\">\n<p data-start=\"2078\" data-end=\"2135\"><strong>6 deux \u00e9toiles<\/strong><\/p>\n<\/li>\n<li data-start=\"2076\" data-end=\"2135\"><strong>29 une \u00e9toiles<\/strong><\/li>\n<li data-start=\"2136\" data-end=\"2161\">\n<p data-start=\"2138\" data-end=\"2161\"><strong data-start=\"2138\" data-end=\"2158\">6 \u00e9toiles vertes<\/strong>,<\/p>\n<\/li>\n<li data-start=\"2162\" data-end=\"2282\">\n<p data-start=\"2164\" data-end=\"2282\"><strong data-start=\"2164\" data-end=\"2192\">3 prix \u201cPassion Dessert\u201d<\/strong> : attribu\u00e9s \u00e0 <strong data-start=\"2207\" data-end=\"2229\">L\u2019Auberge de l\u2019Ill<\/strong>, <strong data-start=\"2231\" data-end=\"2257\">La Fourchette des Ducs<\/strong>, et <strong data-start=\"2262\" data-end=\"2279\">JY\u2019S \u00e0 Colmar<\/strong>,<\/p>\n<\/li>\n<li data-start=\"2283\" data-end=\"2358\">\n<p data-start=\"2285\" data-end=\"2358\"><strong data-start=\"2285\" data-end=\"2313\">2 prix de la sommellerie<\/strong> : <strong data-start=\"2316\" data-end=\"2331\">Julien Binz<\/strong> et <strong data-start=\"2335\" data-end=\"2355\">Thierry Schwartz<\/strong>,<\/p>\n<\/li>\n<li data-start=\"2359\" data-end=\"2405\">\n<p data-start=\"2361\" data-end=\"2405\"><strong data-start=\"2361\" data-end=\"2383\">1 prix de la salle<\/strong> : <strong data-start=\"2386\" data-end=\"2402\">Serge Schaal<\/strong>,<\/p>\n<\/li>\n<li data-start=\"2406\" data-end=\"2465\">\n<p data-start=\"2408\" data-end=\"2465\"><strong data-start=\"2408\" data-end=\"2427\">18 Bib Gourmand<\/strong>, soulignant l\u2019excellence \u00e0 prix doux.<\/p>\n<\/li>\n<\/ul>\n<p data-start=\"2467\" data-end=\"2577\">Du c\u00f4t\u00e9 des \u00e9tablissements doublement \u00e9toil\u00e9s, on retrouve les grandes maisons embl\u00e9matiques du territoire :<\/p>\n<ul data-start=\"2578\" data-end=\"2812\">\n<li data-start=\"2578\" data-end=\"2603\">\n<p data-start=\"2580\" data-end=\"2603\"><strong data-start=\"2580\" data-end=\"2591\">Le JY\u2019S<\/strong> \u00e0 Colmar,<\/p>\n<\/li>\n<li data-start=\"2604\" data-end=\"2645\">\n<p data-start=\"2606\" data-end=\"2645\"><strong data-start=\"2606\" data-end=\"2628\">L\u2019Auberge de l\u2019Ill<\/strong> \u00e0 Illhaeusern,<\/p>\n<\/li>\n<li data-start=\"2646\" data-end=\"2693\">\n<p data-start=\"2648\" data-end=\"2693\"><strong data-start=\"2648\" data-end=\"2676\">La Table d\u2019Olivier Nasti<\/strong> \u00e0 Kaysersberg,<\/p>\n<\/li>\n<li data-start=\"2694\" data-end=\"2735\">\n<p data-start=\"2696\" data-end=\"2735\"><strong data-start=\"2696\" data-end=\"2722\">La Fourchette des Ducs<\/strong> \u00e0 Obernai,<\/p>\n<\/li>\n<li data-start=\"2736\" data-end=\"2764\">\n<p data-start=\"2738\" data-end=\"2764\"><strong data-start=\"2738\" data-end=\"2751\">La Merise<\/strong> \u00e0 Laubach,<\/p>\n<\/li>\n<li data-start=\"2765\" data-end=\"2812\">\n<p data-start=\"2767\" data-end=\"2812\"><strong data-start=\"2767\" data-end=\"2792\">La Villa Ren\u00e9 Lalique<\/strong> \u00e0 Wingen-sur-Moder.<\/p>\n<\/li>\n<\/ul>\n<p><img data-recalc-dims=\"1\" loading=\"lazy\" decoding=\"async\" class=\"aligncenter size-mailpoet_newsletter_max wp-image-85376\" src=\"https:\/\/www.europesays.com\/fr\/wp-content\/uploads\/2025\/06\/auberge-de-lIll-Plaques-Michelin-2025-Strasbourg-\u00a9Nouvelles-Gastronomiques.jpeg\" alt=\"\" width=\"1170\" height=\"841\"  \/> <img data-recalc-dims=\"1\" loading=\"lazy\" decoding=\"async\" class=\"aligncenter size-mailpoet_newsletter_max wp-image-85377\" src=\"https:\/\/www.europesays.com\/fr\/wp-content\/uploads\/2025\/06\/Chambard-Plaques-Michelin-2025-Strasbourg-\u00a9Nouvelles-Gastronomiques.jpeg\" alt=\"\" width=\"1170\" height=\"659\"  \/> <img data-recalc-dims=\"1\" loading=\"lazy\" decoding=\"async\" class=\"aligncenter size-mailpoet_newsletter_max wp-image-85378\" src=\"https:\/\/www.europesays.com\/fr\/wp-content\/uploads\/2025\/06\/Fourchette-des-ducs-Plaques-Michelin-2025-Strasbourg-\u00a9Nouvelles-Gastronomiques.jpeg\" alt=\"\" width=\"1170\" height=\"885\"  \/> <img data-recalc-dims=\"1\" loading=\"lazy\" decoding=\"async\" class=\"aligncenter size-mailpoet_newsletter_max wp-image-85379\" src=\"https:\/\/www.europesays.com\/fr\/wp-content\/uploads\/2025\/06\/Merise-Plaques-Michelin-2025-Strasbourg-\u00a9Nouvelles-Gastronomiques.jpeg\" alt=\"\" width=\"1170\" height=\"2080\"  \/><br \/>\nUn \u00e9v\u00e9nement orchestr\u00e9 avec brio<\/p>\n<p data-start=\"2857\" data-end=\"3189\">L\u2019accueil et le cocktail ont \u00e9t\u00e9 assur\u00e9s par les \u00e9quipes du <strong data-start=\"2917\" data-end=\"2941\">R\u00e9gent Petite France<\/strong>, emmen\u00e9es par <strong data-start=\"2956\" data-end=\"2972\">Serge Schaal<\/strong> et <strong data-start=\"2976\" data-end=\"2999\">Nicolas Stamm-Corby<\/strong>, co-directeurs de <strong data-start=\"3018\" data-end=\"3044\">La Fourchette des Ducs<\/strong> \u00e0 Obernai. Ce moment d\u2019\u00e9changes et de gastronomie a permis de c\u00e9l\u00e9brer les valeurs de la profession dans une ambiance conviviale et chaleureuse.<\/p>\n<p data-start=\"2857\" data-end=\"3189\">L\u2019Alsace confirme ainsi sa place parmi les grandes terres gastronomiques de France, port\u00e9e par la passion, l\u2019engagement durable, et l\u2019excellence de ses chefs.<\/p>\n<p data-start=\"2857\" data-end=\"3189\"><strong>Par Sandrine Kauffer<\/strong><\/p>\n<p data-start=\"2857\" data-end=\"3189\"><strong>Cr\u00e9dit photos et vid\u00e9os \u00a9Nouvelles gastronomiques<\/strong><\/p>\n<p data-start=\"2857\" data-end=\"3189\"><img data-recalc-dims=\"1\" loading=\"lazy\" decoding=\"async\" class=\"aligncenter size-mailpoet_newsletter_max wp-image-85380\" src=\"https:\/\/www.europesays.com\/fr\/wp-content\/uploads\/2025\/06\/sandrine-et-Julien-Binz-Plaques-Michelin-2025-Strasbourg-\u00a9Nouvelles-Gastronomiques.jpeg\" alt=\"\" width=\"1170\" height=\"1560\"  \/> <img data-recalc-dims=\"1\" loading=\"lazy\" decoding=\"async\" class=\"aligncenter size-mailpoet_newsletter_max wp-image-85381\" src=\"https:\/\/www.europesays.com\/fr\/wp-content\/uploads\/2025\/06\/vvc-Plaques-Michelin-2025-Strasbourg-\u00a9Nouvelles-Gastronomiques.jpeg\" alt=\"\" width=\"1170\" height=\"2080\"  \/> <img data-recalc-dims=\"1\" loading=\"lazy\" decoding=\"async\" class=\"aligncenter size-mailpoet_newsletter_max wp-image-85382\" src=\"https:\/\/www.europesays.com\/fr\/wp-content\/uploads\/2025\/06\/Larnsbourg-Plaques-Michelin-2025-Strasbourg-\u00a9Nouvelles-Gastronomiques.jpeg\" alt=\"\" width=\"1170\" height=\"1359\"  \/> <img data-recalc-dims=\"1\" loading=\"lazy\" decoding=\"async\" class=\"aligncenter size-mailpoet_newsletter_max wp-image-85383\" src=\"https:\/\/www.europesays.com\/fr\/wp-content\/uploads\/2025\/06\/Umami-Plaques-Michelin-2025-Strasbourg-\u00a9Nouvelles-Gastronomiques.jpeg\" alt=\"\" width=\"1170\" height=\"2079\"  \/> <img data-recalc-dims=\"1\" loading=\"lazy\" decoding=\"async\" class=\"aligncenter size-mailpoet_newsletter_max wp-image-85384\" src=\"https:\/\/www.europesays.com\/fr\/wp-content\/uploads\/2025\/06\/Yannick-Germain-Plaques-Michelin-2025-Strasbourg-\u00a9Nouvelles-Gastronomiques.jpeg\" alt=\"\" width=\"1170\" height=\"1376\"  \/> <img data-recalc-dims=\"1\" loading=\"lazy\" decoding=\"async\" class=\"aligncenter size-mailpoet_newsletter_max wp-image-85385\" src=\"https:\/\/www.europesays.com\/fr\/wp-content\/uploads\/2025\/06\/relais-de-la-poste-Plaques-Michelin-2025-Strasbourg-\u00a9Nouvelles-Gastronomiques.jpeg\" alt=\"\" width=\"1170\" height=\"815\"  \/> <img data-recalc-dims=\"1\" loading=\"lazy\" decoding=\"async\" class=\"aligncenter size-mailpoet_newsletter_max wp-image-85386\" src=\"https:\/\/www.europesays.com\/fr\/wp-content\/uploads\/2025\/06\/Frankenbourg-Plaques-Michelin-2025-Strasbourg-\u00a9Nouvelles-Gastronomiques.jpeg\" alt=\"\" width=\"1170\" height=\"1800\"  \/> <img data-recalc-dims=\"1\" loading=\"lazy\" decoding=\"async\" class=\"aligncenter size-mailpoet_newsletter_max wp-image-85387\" src=\"https:\/\/www.europesays.com\/fr\/wp-content\/uploads\/2025\/06\/Atelier-du-peintre-Plaques-Michelin-2025-Strasbourg-\u00a9Nouvelles-Gastronomiques.jpeg\" alt=\"\" width=\"1170\" height=\"859\"  \/> <img data-recalc-dims=\"1\" loading=\"lazy\" decoding=\"async\" class=\"aligncenter size-mailpoet_newsletter_max wp-image-85388\" src=\"https:\/\/www.europesays.com\/fr\/wp-content\/uploads\/2025\/06\/Crocodile-Plaques-Michelin-2025-Strasbourg-\u00a9Nouvelles-Gastronomiques.jpeg\" alt=\"\" width=\"1170\" height=\"1145\"  \/> <img data-recalc-dims=\"1\" loading=\"lazy\" decoding=\"async\" class=\"aligncenter size-mailpoet_newsletter_max wp-image-85389\" src=\"https:\/\/www.europesays.com\/fr\/wp-content\/uploads\/2025\/06\/Eleonore-Goetz-et-Laurent-Arbeit-Plaques-Michelin-2025-Strasbourg-\u00a9Nouvelles-Gastronomiques.jpeg\" alt=\"\" width=\"1170\" height=\"2080\"  \/> <img data-recalc-dims=\"1\" loading=\"lazy\" decoding=\"async\" class=\"aligncenter size-mailpoet_newsletter_max wp-image-85390\" src=\"https:\/\/www.europesays.com\/fr\/wp-content\/uploads\/2025\/06\/Thierry-Billon-Plaques-Michelin-2025-Strasbourg-\u00a9Nouvelles-Gastronomiques.jpeg\" alt=\"\" width=\"1170\" height=\"1031\"  \/> <img data-recalc-dims=\"1\" loading=\"lazy\" decoding=\"async\" class=\"aligncenter size-mailpoet_newsletter_max wp-image-85391\" src=\"https:\/\/www.europesays.com\/fr\/wp-content\/uploads\/2025\/06\/Gugenbuhml-Plaques-Michelin-2025-Strasbourg-\u00a9Nouvelles-Gastronomiques.jpeg\" alt=\"\" width=\"1170\" height=\"768\"  \/> <img data-recalc-dims=\"1\" loading=\"lazy\" decoding=\"async\" class=\"aligncenter size-mailpoet_newsletter_max wp-image-85392\" src=\"https:\/\/www.europesays.com\/fr\/wp-content\/uploads\/2025\/06\/Bernard-leray-Plaques-Michelin-2025-Strasbourg-\u00a9Nouvelles-Gastronomiques.jpeg\" alt=\"\" width=\"1170\" height=\"854\"  \/> <img data-recalc-dims=\"1\" loading=\"lazy\" decoding=\"async\" class=\"aligncenter size-mailpoet_newsletter_max wp-image-85393\" src=\"https:\/\/www.europesays.com\/fr\/wp-content\/uploads\/2025\/06\/Orchydee-Plaques-Michelin-2025-Strasbourg-\u00a9Nouvelles-Gastronomiques.jpeg\" alt=\"\" width=\"1170\" height=\"2080\"  \/> <img data-recalc-dims=\"1\" loading=\"lazy\" decoding=\"async\" class=\"aligncenter size-mailpoet_newsletter_max wp-image-85394\" src=\"https:\/\/www.europesays.com\/fr\/wp-content\/uploads\/2025\/06\/Haller-Plaques-Michelin-2025-Strasbourg-\u00a9Nouvelles-Gastronomiques.jpeg\" alt=\"\" width=\"1170\" height=\"892\"  \/> <img data-recalc-dims=\"1\" loading=\"lazy\" decoding=\"async\" class=\"aligncenter size-mailpoet_newsletter_max wp-image-85395\" src=\"https:\/\/www.europesays.com\/fr\/wp-content\/uploads\/2025\/06\/le-cerf-Plaques-Michelin-2025-Strasbourg-\u00a9Nouvelles-Gastronomiques.jpeg\" alt=\"\" width=\"1170\" height=\"810\"  \/> <img data-recalc-dims=\"1\" loading=\"lazy\" decoding=\"async\" class=\"aligncenter size-mailpoet_newsletter_max wp-image-85396\" src=\"https:\/\/www.europesays.com\/fr\/wp-content\/uploads\/2025\/06\/bib-gourmand-Plaques-Michelin-2025-Strasbourg-\u00a9Nouvelles-Gastronomiques.jpeg\" alt=\"\" width=\"1170\" height=\"773\"  \/> <img data-recalc-dims=\"1\" loading=\"lazy\" decoding=\"async\" class=\"aligncenter size-mailpoet_newsletter_max wp-image-85397\" src=\"https:\/\/www.europesays.com\/fr\/wp-content\/uploads\/2025\/06\/auberge-Guth-Plaques-Michelin-2025-Strasbourg-\u00a9Nouvelles-Gastronomiques.jpeg\" alt=\"\" width=\"1170\" height=\"1560\"  \/> <img data-recalc-dims=\"1\" loading=\"lazy\" decoding=\"async\" class=\"aligncenter size-mailpoet_newsletter_max wp-image-85398\" src=\"https:\/\/www.europesays.com\/fr\/wp-content\/uploads\/2025\/06\/Serge-Schaal-et-Sandrine-Kauffer-Plaques-Michelin-2025-Strasbourg-\u00a9Nouvelles-Gastronomiques.jpeg\" alt=\"\" width=\"1170\" height=\"1560\"  \/> <img data-recalc-dims=\"1\" loading=\"lazy\" decoding=\"async\" class=\"aligncenter size-mailpoet_newsletter_max wp-image-85399\" src=\"https:\/\/www.europesays.com\/fr\/wp-content\/uploads\/2025\/06\/Jerome-jaegle-et-Sandrine-Kauffer-Plaques-Michelin-2025-Strasbourg-\u00a9Nouvelles-Gastronomiques.jpeg\" alt=\"\" width=\"1170\" height=\"1560\"  \/> <img data-recalc-dims=\"1\" loading=\"lazy\" decoding=\"async\" class=\"aligncenter size-mailpoet_newsletter_max wp-image-85400\" src=\"https:\/\/www.europesays.com\/fr\/wp-content\/uploads\/2025\/06\/Cedric-Decker-Sandrine-Kauffer-Plaques-Michelin-2025-Strasbourg-\u00a9Nouvelles-Gastronomiques.jpeg\" alt=\"\" width=\"1170\" height=\"1560\"  \/> <img data-recalc-dims=\"1\" loading=\"lazy\" decoding=\"async\" class=\"aligncenter size-mailpoet_newsletter_max wp-image-85401\" src=\"https:\/\/www.europesays.com\/fr\/wp-content\/uploads\/2025\/06\/Jean-Paul-Acker-et-Sandrine-Kauffer-Plaques-Michelin-2025-Strasbourg-\u00a9Nouvelles-Gastronomiques.jpeg\" alt=\"\" width=\"1170\" height=\"2050\"  \/><\/p>\n","protected":false},"excerpt":{"rendered":"Lundi 2 juin 2025 \u00e0 11h, l\u2019h\u00f4tel R\u00e9gent Petite France \u00e0 Strasbourg a accueilli la c\u00e9r\u00e9monie officielle de&hellip;\n","protected":false},"author":2,"featured_media":148412,"comment_status":"","ping_status":"","sticky":false,"template":"","format":"standard","meta":{"footnotes":""},"categories":[2820],"tags":[1111,11,2389,27763,27764,1777,674,27765,1011,27,775,27766,27767,27768,4047,27769,12,27770,27771,25,27772,640,27773],"class_list":{"0":"post-148411","1":"post","2":"type-post","3":"status-publish","4":"format-standard","5":"has-post-thumbnail","7":"category-strasbourg","8":"tag-actu","9":"tag-actualites","10":"tag-alsace","11":"tag-cheneaudiere","12":"tag-emmanuelle-guth","13":"tag-eu","14":"tag-europe","15":"tag-fourchette-des-ducs","16":"tag-fr","17":"tag-france","18":"tag-grand-est","19":"tag-jean-paul-acker","20":"tag-marc-haeberlin","21":"tag-merise","22":"tag-metro","23":"tag-michelin-2025","24":"tag-news","25":"tag-nicolas-stamm-corby","26":"tag-regent-petite-france","27":"tag-republique-francaise","28":"tag-serge-schaal","29":"tag-strasbourg","30":"tag-yannick-guth"},"share_on_mastodon":{"url":"https:\/\/pubeurope.com\/@fr\/114618391229354227","error":""},"_links":{"self":[{"href":"https:\/\/www.europesays.com\/fr\/wp-json\/wp\/v2\/posts\/148411","targetHints":{"allow":["GET"]}}],"collection":[{"href":"https:\/\/www.europesays.com\/fr\/wp-json\/wp\/v2\/posts"}],"about":[{"href":"https:\/\/www.europesays.com\/fr\/wp-json\/wp\/v2\/types\/post"}],"author":[{"embeddable":true,"href":"https:\/\/www.europesays.com\/fr\/wp-json\/wp\/v2\/users\/2"}],"replies":[{"embeddable":true,"href":"https:\/\/www.europesays.com\/fr\/wp-json\/wp\/v2\/comments?post=148411"}],"version-history":[{"count":0,"href":"https:\/\/www.europesays.com\/fr\/wp-json\/wp\/v2\/posts\/148411\/revisions"}],"wp:featuredmedia":[{"embeddable":true,"href":"https:\/\/www.europesays.com\/fr\/wp-json\/wp\/v2\/media\/148412"}],"wp:attachment":[{"href":"https:\/\/www.europesays.com\/fr\/wp-json\/wp\/v2\/media?parent=148411"}],"wp:term":[{"taxonomy":"category","embeddable":true,"href":"https:\/\/www.europesays.com\/fr\/wp-json\/wp\/v2\/categories?post=148411"},{"taxonomy":"post_tag","embeddable":true,"href":"https:\/\/www.europesays.com\/fr\/wp-json\/wp\/v2\/tags?post=148411"}],"curies":[{"name":"wp","href":"https:\/\/api.w.org\/{rel}","templated":true}]}}