{"id":148413,"date":"2025-06-03T08:03:09","date_gmt":"2025-06-03T08:03:09","guid":{"rendered":"https:\/\/www.europesays.com\/fr\/148413\/"},"modified":"2025-06-03T08:03:09","modified_gmt":"2025-06-03T08:03:09","slug":"les-bus-et-tramways-a-larret-toute-une-journee","status":"publish","type":"post","link":"https:\/\/www.europesays.com\/fr\/148413\/","title":{"rendered":"les bus et tramways \u00e0 l&rsquo;arr\u00eat toute une journ\u00e9e"},"content":{"rendered":"<p>            Par<br \/>\n        <strong><br \/>\n            <a href=\"https:\/\/actu.fr\/auteur\/ugo-maillard\" title=\"Consulter tous les articles de Ugo Maillard\" rel=\"nofollow noopener\" target=\"_blank\">Ugo Maillard<\/a><br \/>\n        <\/strong><\/p>\n<p>        Publi\u00e9 le<\/p>\n<p>            3 juin 2025 \u00e0 9h46        <\/p>\n<p>Les d\u00e9placements vont devoir \u00eatre adapt\u00e9s pour les habitants de la m\u00e9tropole de <a href=\"https:\/\/actu.fr\/nice\/\" rel=\"nofollow noopener\" target=\"_blank\">Nice<\/a>. La r\u00e9gie des Lignes d\u2019Azur informe que les<strong> bus et tramways ne circuleront pas<\/strong> le jeudi 5\u00a0juin 2025, confirmant une <a href=\"https:\/\/actu.fr\/provence-alpes-cote-d-azur\/nice_06088\/nice-une-greve-annoncee-dans-les-transports-en-commun-lignes-d-azur-ce-que-l-on-sait_62700307.html\" rel=\"nofollow noopener\" target=\"_blank\">information d\u2019actu Nice<\/a>. Dans un communiqu\u00e9 publi\u00e9 ce mardi 3\u00a0juin, les services de transports d\u00e9taillent les impacts \u00e0 Nice de la<strong> gr\u00e8ve nationale<\/strong> lanc\u00e9e par la CGT. Voici les conditions de circulation sur le r\u00e9seau de transports en commun de la M\u00e9tropole de Nice C\u00f4te d\u2019Azur.<\/p>\n<p>Les lignes \u00e0 l\u2019arr\u00eat<\/p>\n<p class=\" wall-content\">En raison du mouvement social de jeudi, les lignes suivant ne circuleront pas sur l\u2019enti\u00e8ret\u00e9 de la journ\u00e9e\u2009:<\/p>\n<ul class=\" wall-content\">\n<li>Lignes de tramway\u00a01, 2, 3\u00a0et\u00a0B.<\/li>\n<li>Les lignes de bus 5, 6, 7, 8, 10, 11, 12, 14, 15, 16, 17, 18, 20, 21, 30, 32, 33, 35, 36, 37, 38, 57, 64, 70, 81, 98, 99 et Cadam Est.<\/li>\n<\/ul>\n<p class=\" wall-content\">\u00c0 noter que les agences commerciales Lignes d\u2019Azur et tous les <strong>PARCAZUR seront ferm\u00e9s<\/strong>.<\/p>\n<p>Les transports gratuits trois jours<\/p>\n<p class=\" wall-content\">Au lendemain de cette gr\u00e8ve, les transports en commun seront gratuits durant trois journ\u00e9es comme<a href=\"https:\/\/actu.fr\/provence-alpes-cote-d-azur\/nice_06088\/info-actu-nice-les-transports-en-commun-seront-gratuits-pour-le-sommet-des-oceans_62692080.html\" rel=\"nofollow noopener\" target=\"_blank\"> annonc\u00e9 sur actu Nice<\/a>.<\/p>\n<p class=\" wall-content\">Les <strong>6, 7 et 8\u00a0juin<\/strong>, les bus et tramways seront gratuits pour tous \u00e0 l\u2019approche du <a href=\"https:\/\/actu.fr\/dossier\/sommet-des-oceans-a-nice-tout-ce-qu-il-faut-savoir-sur-la-conference-de-l-onu_62542007.html\" rel=\"nofollow noopener\" target=\"_blank\">sommet des Oc\u00e9ans de l\u2019Onu<\/a>. Une volont\u00e9 de Christian Estrosi, maire de Nice, pour inciter le public \u00e0 utiliser les transports en commun et donc pour faciliter la circulation sur des journ\u00e9es o\u00f9 la ville de Nice sera tr\u00e8s fr\u00e9quent\u00e9e. Notamment le 6\u00a0juin avec le <a href=\"https:\/\/actu.fr\/provence-alpes-cote-d-azur\/nice_06088\/nice-une-foule-monstre-attendue-sur-la-promenade-des-anglais-pour-un-spectacle-inedit_62715100.html\" rel=\"nofollow noopener\" target=\"_blank\">grand spectacle de drones<\/a> pr\u00e9vu dans la soir\u00e9e.<\/p>\n<p class=\" wall-content\">Suivez toute l\u2019actualit\u00e9 de vos villes et m\u00e9dias favoris en vous inscrivant \u00e0 <a href=\"https:\/\/moncompte.actu.fr\" title=\"D\u00e9couvez Mon Actu\" rel=\"nofollow noopener\" data-trk=\"{&quot;cta&quot;:{&quot;action&quot;:&quot;https:\\\/\\\/moncompte.actu.fr&quot;,&quot;category&quot;:&quot;mon compte&quot;,&quot;from&quot;:&quot;article footer&quot;,&quot;name&quot;:&quot;Mon actu&quot;,&quot;type&quot;:&quot;cta&quot;}}\" target=\"_blank\">Mon Actu<\/a>.<\/p>\n","protected":false},"excerpt":{"rendered":"Par Ugo Maillard Publi\u00e9 le 3 juin 2025 \u00e0 9h46 Les d\u00e9placements vont devoir \u00eatre adapt\u00e9s pour les&hellip;\n","protected":false},"author":2,"featured_media":148414,"comment_status":"","ping_status":"","sticky":false,"template":"","format":"standard","meta":{"footnotes":""},"categories":[2819],"tags":[1111,11,1777,674,1011,27,14554,12,2401,882,25,104,2803],"class_list":{"0":"post-148413","1":"post","2":"type-post","3":"status-publish","4":"format-standard","5":"has-post-thumbnail","7":"category-nice","8":"tag-actu","9":"tag-actualites","10":"tag-eu","11":"tag-europe","12":"tag-fr","13":"tag-france","14":"tag-lignes-dazur","15":"tag-news","16":"tag-nice","17":"tag-provence-alpes-cote-dazur","18":"tag-republique-francaise","19":"tag-societe","20":"tag-transport"},"share_on_mastodon":{"url":"https:\/\/pubeurope.com\/@fr\/114618394429723341","error":""},"_links":{"self":[{"href":"https:\/\/www.europesays.com\/fr\/wp-json\/wp\/v2\/posts\/148413","targetHints":{"allow":["GET"]}}],"collection":[{"href":"https:\/\/www.europesays.com\/fr\/wp-json\/wp\/v2\/posts"}],"about":[{"href":"https:\/\/www.europesays.com\/fr\/wp-json\/wp\/v2\/types\/post"}],"author":[{"embeddable":true,"href":"https:\/\/www.europesays.com\/fr\/wp-json\/wp\/v2\/users\/2"}],"replies":[{"embeddable":true,"href":"https:\/\/www.europesays.com\/fr\/wp-json\/wp\/v2\/comments?post=148413"}],"version-history":[{"count":0,"href":"https:\/\/www.europesays.com\/fr\/wp-json\/wp\/v2\/posts\/148413\/revisions"}],"wp:featuredmedia":[{"embeddable":true,"href":"https:\/\/www.europesays.com\/fr\/wp-json\/wp\/v2\/media\/148414"}],"wp:attachment":[{"href":"https:\/\/www.europesays.com\/fr\/wp-json\/wp\/v2\/media?parent=148413"}],"wp:term":[{"taxonomy":"category","embeddable":true,"href":"https:\/\/www.europesays.com\/fr\/wp-json\/wp\/v2\/categories?post=148413"},{"taxonomy":"post_tag","embeddable":true,"href":"https:\/\/www.europesays.com\/fr\/wp-json\/wp\/v2\/tags?post=148413"}],"curies":[{"name":"wp","href":"https:\/\/api.w.org\/{rel}","templated":true}]}}