{"id":148431,"date":"2025-06-03T08:18:08","date_gmt":"2025-06-03T08:18:08","guid":{"rendered":"https:\/\/www.europesays.com\/fr\/148431\/"},"modified":"2025-06-03T08:18:08","modified_gmt":"2025-06-03T08:18:08","slug":"trois-marins-pompiers-agresses-au-cutter-par-un-homme-auquel-ils-devaient-prodiguer-des-soins-a-marseille","status":"publish","type":"post","link":"https:\/\/www.europesays.com\/fr\/148431\/","title":{"rendered":"Trois marins-pompiers agress\u00e9s au cutter par un homme auquel ils devaient prodiguer des soins \u00e0 Marseille"},"content":{"rendered":"<p>D\u00e9p\u00each\u00e9e depuis la <a href=\"https:\/\/www.laprovence.com\/article\/faits-divers-justice\/25965017686970\/le-bataillon-des-marins-pompiers-de-marseille-pourrait-inspirer-la-securite-civile\" target=\"_blank\" rel=\"noopener\">caserne Louvain<\/a> pour une intervention boulevard Cr\u00e9mieux, dans le 8e arrondissement de Marseille, une \u00e9quipe de marins-pompiers s\u2019est retrouv\u00e9e dans une situation critique mardi 2 juin soir.<\/p>\n<p>La victime \u00e0 laquelle ils devaient prodiguer des soins se serait brutalement retourn\u00e9e contre ses sauveteurs en les mena\u00e7ant avec une arme blanche.<\/p>\n<p>R\u00e9fugi\u00e9s dans l\u2019ambulance en attendant les renforts<\/p>\n<p>Face \u00e0 l\u2019individu qui brandissait un cutter, les trois marins-pompiers ont \u00e9t\u00e9 contraints de se r\u00e9fugier \u00e0 l\u2019int\u00e9rieur de leur VSAV (v\u00e9hicule de secours et d\u2019assistance aux victimes) en attendant le renfort de la police.<\/p>\n<p>L\u2019individu a finalement \u00e9t\u00e9 interpell\u00e9, mais non sans avoir, au pr\u00e9alable, pass\u00e9 ses nerfs sur la carrosserie de l\u2019ambulance qui est rentr\u00e9e \u00e0 la caserne Louvain avec de nombreuses traces de coups de cutter.<\/p>\n<p>D\u00e9p\u00f4ts de plaintes<\/p>\n<p>\u00c2g\u00e9 d\u2019une trentaine d\u2019ann\u00e9es, le mis en cause a \u00e9t\u00e9 plac\u00e9 en garde \u00e0 vue. Quant aux marins-pompiers, ils devraient d\u00e9poser plainte dans la journ\u00e9e pour menaces avec arme. Le Bataillon, qui s\u2019est dot\u00e9 d\u2019une cellule psychologique qui se tient \u00e0 disposition des marins-pompiers s\u2019ils en expriment le besoin, met un point d\u2019honneur \u00e0 accompagner, et encourage les marins-pompiers \u00e0 aller jusqu\u2019au bout des d\u00e9marches juridiques en portant plainte lorsqu\u2019ils sont <a href=\"https:\/\/www.laprovence.com\/article\/faits-divers-justice\/1334520620161314\/des-marins-pompiers-agresses-en-pleine-intervention-a-marseille\" target=\"_blank\" rel=\"noopener\">victimes d\u2019agression<\/a>.<\/p>\n","protected":false},"excerpt":{"rendered":"D\u00e9p\u00each\u00e9e depuis la caserne Louvain pour une intervention boulevard Cr\u00e9mieux, dans le 8e arrondissement de Marseille, une \u00e9quipe&hellip;\n","protected":false},"author":2,"featured_media":148432,"comment_status":"","ping_status":"","sticky":false,"template":"","format":"standard","meta":{"footnotes":""},"categories":[2814],"tags":[17,1111,11,3874,27774,16336,1777,674,274,1011,27,4933,18640,884,12,5912,882,25,1100],"class_list":{"0":"post-148431","1":"post","2":"type-post","3":"status-publish","4":"format-standard","5":"has-post-thumbnail","7":"category-marseille","8":"tag-17","9":"tag-actu","10":"tag-actualites","11":"tag-agresses","12":"tag-auquel","13":"tag-cutter","14":"tag-eu","15":"tag-europe","16":"tag-faits-divers-justice","17":"tag-fr","18":"tag-france","19":"tag-homme","20":"tag-marins-pompiers","21":"tag-marseille","22":"tag-news","23":"tag-par","24":"tag-provence-alpes-cote-dazur","25":"tag-republique-francaise","26":"tag-trois"},"share_on_mastodon":{"url":"https:\/\/pubeurope.com\/@fr\/114618453416858268","error":""},"_links":{"self":[{"href":"https:\/\/www.europesays.com\/fr\/wp-json\/wp\/v2\/posts\/148431","targetHints":{"allow":["GET"]}}],"collection":[{"href":"https:\/\/www.europesays.com\/fr\/wp-json\/wp\/v2\/posts"}],"about":[{"href":"https:\/\/www.europesays.com\/fr\/wp-json\/wp\/v2\/types\/post"}],"author":[{"embeddable":true,"href":"https:\/\/www.europesays.com\/fr\/wp-json\/wp\/v2\/users\/2"}],"replies":[{"embeddable":true,"href":"https:\/\/www.europesays.com\/fr\/wp-json\/wp\/v2\/comments?post=148431"}],"version-history":[{"count":0,"href":"https:\/\/www.europesays.com\/fr\/wp-json\/wp\/v2\/posts\/148431\/revisions"}],"wp:featuredmedia":[{"embeddable":true,"href":"https:\/\/www.europesays.com\/fr\/wp-json\/wp\/v2\/media\/148432"}],"wp:attachment":[{"href":"https:\/\/www.europesays.com\/fr\/wp-json\/wp\/v2\/media?parent=148431"}],"wp:term":[{"taxonomy":"category","embeddable":true,"href":"https:\/\/www.europesays.com\/fr\/wp-json\/wp\/v2\/categories?post=148431"},{"taxonomy":"post_tag","embeddable":true,"href":"https:\/\/www.europesays.com\/fr\/wp-json\/wp\/v2\/tags?post=148431"}],"curies":[{"name":"wp","href":"https:\/\/api.w.org\/{rel}","templated":true}]}}