{"id":148433,"date":"2025-06-03T08:19:12","date_gmt":"2025-06-03T08:19:12","guid":{"rendered":"https:\/\/www.europesays.com\/fr\/148433\/"},"modified":"2025-06-03T08:19:12","modified_gmt":"2025-06-03T08:19:12","slug":"deux-jeunes-grievement-blesses-a-larme-blanche-dans-les-quartiers-nord-de-marseille","status":"publish","type":"post","link":"https:\/\/www.europesays.com\/fr\/148433\/","title":{"rendered":"Deux jeunes gri\u00e8vement bless\u00e9s \u00e0 l\u2019arme blanche dans les quartiers nord de Marseille"},"content":{"rendered":"<p>Deux jeunes hommes \u00e2g\u00e9s de 17 et 20\u00a0ans ont \u00e9t\u00e9 bless\u00e9s par arme blanche lundi 2\u00a0juin apr\u00e8s-midi dans le 15e arrondissement de <a href=\"https:\/\/www.laprovence.com\/\" target=\"_blank\" rel=\"noopener\">Marseille<\/a>. L\u2019agression aurait eu lieu <a href=\"https:\/\/www.laprovence.com\/article\/faits-divers-justice\/1139670239772714\/ils-seclipsent-apres-avoir-hele-les-marins-pompiers-un-mort-et-des-circonstances-floues-a-marseille\" target=\"_blank\" rel=\"noopener\">avenue de Saint-Antoine<\/a>, peu avant 17 heures.<\/p>\n<p>L\u2019une des deux victimes a \u00e9t\u00e9 transport\u00e9e \u00e0 l\u2019h\u00f4pital avec un pronostic vital engag\u00e9. Elle pr\u00e9senterait notamment des plaies s\u00e9rieuses \u00e0 l\u2019abdomen et au niveau du cr\u00e2ne.<\/p>\n<p>Une enqu\u00eate est en cours<\/p>\n<p>Bless\u00e9 lui aussi, mais moins gravement, le deuxi\u00e8me jeune homme aurait \u00e9t\u00e9 touch\u00e9 au thorax et l\u2019avant-bras. Il a lui aussi \u00e9t\u00e9 transport\u00e9 \u00e0 l\u2019h\u00f4pital par les marins-pompiers. Une enqu\u00eate a \u00e9t\u00e9 ouverte.<\/p>\n","protected":false},"excerpt":{"rendered":"Deux jeunes hommes \u00e2g\u00e9s de 17 et 20\u00a0ans ont \u00e9t\u00e9 bless\u00e9s par arme blanche lundi 2\u00a0juin apr\u00e8s-midi dans&hellip;\n","protected":false},"author":2,"featured_media":148434,"comment_status":"","ping_status":"","sticky":false,"template":"","format":"standard","meta":{"footnotes":""},"categories":[2814],"tags":[17,1111,11,8386,4901,1446,4070,1777,674,274,1011,27,3915,4074,1859,884,12,882,25],"class_list":{"0":"post-148433","1":"post","2":"type-post","3":"status-publish","4":"format-standard","5":"has-post-thumbnail","7":"category-marseille","8":"tag-17","9":"tag-actu","10":"tag-actualites","11":"tag-blanche","12":"tag-blesses","13":"tag-dans","14":"tag-deux","15":"tag-eu","16":"tag-europe","17":"tag-faits-divers-justice","18":"tag-fr","19":"tag-france","20":"tag-grievement","21":"tag-jeunes","22":"tag-larme","23":"tag-marseille","24":"tag-news","25":"tag-provence-alpes-cote-dazur","26":"tag-republique-francaise"},"share_on_mastodon":{"url":"https:\/\/pubeurope.com\/@fr\/114618457337514734","error":""},"_links":{"self":[{"href":"https:\/\/www.europesays.com\/fr\/wp-json\/wp\/v2\/posts\/148433","targetHints":{"allow":["GET"]}}],"collection":[{"href":"https:\/\/www.europesays.com\/fr\/wp-json\/wp\/v2\/posts"}],"about":[{"href":"https:\/\/www.europesays.com\/fr\/wp-json\/wp\/v2\/types\/post"}],"author":[{"embeddable":true,"href":"https:\/\/www.europesays.com\/fr\/wp-json\/wp\/v2\/users\/2"}],"replies":[{"embeddable":true,"href":"https:\/\/www.europesays.com\/fr\/wp-json\/wp\/v2\/comments?post=148433"}],"version-history":[{"count":0,"href":"https:\/\/www.europesays.com\/fr\/wp-json\/wp\/v2\/posts\/148433\/revisions"}],"wp:featuredmedia":[{"embeddable":true,"href":"https:\/\/www.europesays.com\/fr\/wp-json\/wp\/v2\/media\/148434"}],"wp:attachment":[{"href":"https:\/\/www.europesays.com\/fr\/wp-json\/wp\/v2\/media?parent=148433"}],"wp:term":[{"taxonomy":"category","embeddable":true,"href":"https:\/\/www.europesays.com\/fr\/wp-json\/wp\/v2\/categories?post=148433"},{"taxonomy":"post_tag","embeddable":true,"href":"https:\/\/www.europesays.com\/fr\/wp-json\/wp\/v2\/tags?post=148433"}],"curies":[{"name":"wp","href":"https:\/\/api.w.org\/{rel}","templated":true}]}}