{"id":148439,"date":"2025-06-03T08:22:08","date_gmt":"2025-06-03T08:22:08","guid":{"rendered":"https:\/\/www.europesays.com\/fr\/148439\/"},"modified":"2025-06-03T08:22:08","modified_gmt":"2025-06-03T08:22:08","slug":"apres-la-meteo-estivale-le-temps-va-changer-radicalement-a-paris-et-en-ile-de-france","status":"publish","type":"post","link":"https:\/\/www.europesays.com\/fr\/148439\/","title":{"rendered":"Apr\u00e8s la m\u00e9t\u00e9o estivale, le temps va changer radicalement \u00e0 Paris et en Ile-de-France"},"content":{"rendered":"<p>            Par<br \/>\n        <strong><br \/>\n            <a href=\"https:\/\/actu.fr\/auteur\/redaction-paris\" title=\"Consulter tous les articles de R\u00e9daction Paris\" target=\"_blank\" rel=\"noopener\">R\u00e9daction Paris<\/a><br \/>\n        <\/strong><\/p>\n<p>        Publi\u00e9 le<\/p>\n<p>            3 juin 2025 \u00e0 9h14        <\/p>\n<p>Derni\u00e8re journ\u00e9e pour profiter des rayons du soleil. \u00c0 partir de demain, mercredi 4\u00a0juin 2025, la <a href=\"https:\/\/actu.fr\/paris\/meteo\" target=\"_blank\" rel=\"noopener\">m\u00e9t\u00e9o<\/a> va prendre un <strong>tournant automnal<\/strong>. Les temp\u00e9ratures vont chuter et le ciel bleu laisser place \u00e0 la pluie. <a href=\"https:\/\/actu.fr\/tag\/meteo-france\" target=\"_blank\" rel=\"noopener\">M\u00e9t\u00e9o France<\/a> a d\u2019ailleurs plac\u00e9 plusieurs d\u00e9partements en vigilance orange orage.<\/p>\n<p>Pluie et temp\u00e9ratures fra\u00eeches<\/p>\n<p class=\" wall-content\">Qu\u2019en est-il \u00e0 Paris et en \u00cele-de-France\u2009? Si les <a href=\"https:\/\/actu.fr\/tag\/orages\" target=\"_blank\" rel=\"noopener\">orages<\/a> devraient \u00e9viter la r\u00e9gion, la pluie sera, elle, bien pr\u00e9sente d\u00e8s mercredi 4\u00a0juin 2025. L\u2019institut de m\u00e9t\u00e9orologie pr\u00e9voit des averses pour la matin\u00e9e et un temps \u00ab\u2009changeant accompagn\u00e9 d\u2019ond\u00e9es \u00e9parses en seconde partie de journ\u00e9e\u2009\u00bb avec un ciel \u00ab\u2009tr\u00e8s nuageux ensuite\u2009\u00bb. C\u00f4t\u00e9 temp\u00e9rature, il fera <strong>16\u00b0C<\/strong> \u00e0 8\u00a0heures et <strong>18\u00b0C<\/strong> \u00e0 14\u00a0heures.<\/p>\n<p class=\" wall-content\">Le lendemain, jeudi 5\u00a0juin 2025, m\u00eame sc\u00e9nario, le ciel sera \u00ab\u2009tr\u00e8s nuageux\u2009\u00bb d\u00e8s le lever du jour. De \u00ab\u2009petites pluies\u2009\u00bb sont attendues dans l\u2019apr\u00e8s-midi. Le mercure oscillera entre <strong>13\u00b0C et 19\u00b0C<\/strong>.<\/p>\n<p class=\" wall-content\">Vendredi 6\u00a0juin 2025, toujours pas de soleil. Le ciel sera \u00ab\u2009souvent encombr\u00e9 de nuages\u2009\u00bb, pr\u00e9dit M\u00e9t\u00e9o France. De \u00ab\u2009petites pluies\u2009\u00bb devraient venir ponctuer la journ\u00e9e.\u00a0Il fera <strong>13\u00b0C<\/strong> au plus froid et <strong>20\u00b0C<\/strong> au plus chaud.<\/p>\n<p class=\" wall-content\">\n<p class=\" wall-content\">D\u2019apr\u00e8s La Cha\u00eene M\u00e9t\u00e9o, entre mardi et samedi, la moiti\u00e9 <strong>nord du pays va perdre 5\u00b0C<\/strong>. Les orages devraient \u00e9pargner l\u2019\u00cele-de-France et suivre \u00ab\u2009l\u2019axe sud-ouest \/ nord-est\u2009\u00bb.<\/p>\n<p>Vid\u00e9os : en ce moment sur Actu<\/p>\n<p class=\" wall-content\">Suivez toute l\u2019actualit\u00e9 de vos villes et m\u00e9dias favoris en vous inscrivant \u00e0 <a href=\"https:\/\/moncompte.actu.fr\" title=\"D\u00e9couvez Mon Actu\" rel=\"nofollow noopener\" data-trk=\"{&quot;cta&quot;:{&quot;action&quot;:&quot;https:\\\/\\\/moncompte.actu.fr&quot;,&quot;category&quot;:&quot;mon compte&quot;,&quot;from&quot;:&quot;article footer&quot;,&quot;name&quot;:&quot;Mon actu&quot;,&quot;type&quot;:&quot;cta&quot;}}\" target=\"_blank\">Mon Actu<\/a>.<\/p>\n","protected":false},"excerpt":{"rendered":"Par R\u00e9daction Paris Publi\u00e9 le 3 juin 2025 \u00e0 9h14 Derni\u00e8re journ\u00e9e pour profiter des rayons du soleil.&hellip;\n","protected":false},"author":2,"featured_media":143626,"comment_status":"","ping_status":"","sticky":false,"template":"","format":"standard","meta":{"footnotes":""},"categories":[1592],"tags":[1111,11,1777,674,1011,27,662,2487,2357,12,626,4459,25],"class_list":{"0":"post-148439","1":"post","2":"type-post","3":"status-publish","4":"format-standard","5":"has-post-thumbnail","7":"category-ile-de-france","8":"tag-actu","9":"tag-actualites","10":"tag-eu","11":"tag-europe","12":"tag-fr","13":"tag-france","14":"tag-ile-de-france","15":"tag-meteo","16":"tag-meteo-france","17":"tag-news","18":"tag-paris","19":"tag-pluie","20":"tag-republique-francaise"},"share_on_mastodon":{"url":"https:\/\/pubeurope.com\/@fr\/114618469154802445","error":""},"_links":{"self":[{"href":"https:\/\/www.europesays.com\/fr\/wp-json\/wp\/v2\/posts\/148439","targetHints":{"allow":["GET"]}}],"collection":[{"href":"https:\/\/www.europesays.com\/fr\/wp-json\/wp\/v2\/posts"}],"about":[{"href":"https:\/\/www.europesays.com\/fr\/wp-json\/wp\/v2\/types\/post"}],"author":[{"embeddable":true,"href":"https:\/\/www.europesays.com\/fr\/wp-json\/wp\/v2\/users\/2"}],"replies":[{"embeddable":true,"href":"https:\/\/www.europesays.com\/fr\/wp-json\/wp\/v2\/comments?post=148439"}],"version-history":[{"count":0,"href":"https:\/\/www.europesays.com\/fr\/wp-json\/wp\/v2\/posts\/148439\/revisions"}],"wp:featuredmedia":[{"embeddable":true,"href":"https:\/\/www.europesays.com\/fr\/wp-json\/wp\/v2\/media\/143626"}],"wp:attachment":[{"href":"https:\/\/www.europesays.com\/fr\/wp-json\/wp\/v2\/media?parent=148439"}],"wp:term":[{"taxonomy":"category","embeddable":true,"href":"https:\/\/www.europesays.com\/fr\/wp-json\/wp\/v2\/categories?post=148439"},{"taxonomy":"post_tag","embeddable":true,"href":"https:\/\/www.europesays.com\/fr\/wp-json\/wp\/v2\/tags?post=148439"}],"curies":[{"name":"wp","href":"https:\/\/api.w.org\/{rel}","templated":true}]}}