{"id":148440,"date":"2025-06-03T08:23:10","date_gmt":"2025-06-03T08:23:10","guid":{"rendered":"https:\/\/www.europesays.com\/fr\/148440\/"},"modified":"2025-06-03T08:23:10","modified_gmt":"2025-06-03T08:23:10","slug":"rats-a-argenteuil-la-ville-veut-frapper-un-grand-coup","status":"publish","type":"post","link":"https:\/\/www.europesays.com\/fr\/148440\/","title":{"rendered":"Rats \u00e0 Argenteuil : la Ville veut frapper un grand coup"},"content":{"rendered":"<p><img loading=\"lazy\" decoding=\"async\" alt=\"\u00a9 Shutterstock - En 2024, Argenteuil a trait\u00e9 35 lieux et proc\u00e9d\u00e9 \u00e0 106 interventions.\" data-zoom-src=\"https:\/\/www.europesays.com\/fr\/wp-content\/uploads\/2025\/06\/initial-rats-dechets.jpg\" data-zoomable=\"\" height=\"702\" src=\"https:\/\/www.europesays.com\/fr\/wp-content\/uploads\/2025\/06\/initial-rats-dechets.jpg\" width=\"1248\"\/>  <\/p>\n<p class=\"article-desc\">\u00a9 Shutterstock &#8211; En 2024, Argenteuil a trait\u00e9 35 lieux et proc\u00e9d\u00e9 \u00e0 106 interventions. <\/p>\n<p><strong>Argenteuil <\/strong>intensifie sa lutte contre la prolif\u00e9ration des rongeurs. La Ville annonce une op\u00e9ration de d\u00e9ratisation d\u2019envergure pour ce mercredi 4 juin \u00e0 11h30. Face \u00e0 la recrudescence des <a href=\"https:\/\/mesinfos.fr\/ile-de-france\/gare-aux-rats-dans-le-val-d-oise-199157.html\" rel=\"noopener nofollow\" target=\"_blank\">rats<\/a> dans l\u2019espace public et suite \u00e0 la demande croissante des habitants, la Ville va cibler notamment les abords du <strong>groupe scolaire Anatole France <\/strong>et les 2 000 m\u00b2 du <strong>square de la Haie normande<\/strong>. L\u2019objectif affich\u00e9 ? R\u00e9duire la population de rongeurs d\u2019au moins 90\u202f% sur les zones trait\u00e9es. <\/p>\n<p>Argenteuil va recourir au furetage <\/p>\n<p>Pour y parvenir, <strong>Argenteuil<\/strong> mise sur un proc\u00e9d\u00e9 qui se veut respectueux de l\u2019environnement. le furetage, qui consiste \u00e0 utiliser des furets pour d\u00e9busquer les rats, associ\u00e9 \u00e0 un pi\u00e9geage cibl\u00e9. Cette m\u00e9thode, \u00e0 faible impact \u00e9cologique et conforme \u00e0 la r\u00e9glementation, limite la souffrance animale tout en assurant une efficacit\u00e9 maximale. Les produits utilis\u00e9s sont choisis pour leur respect de l\u2019environnement. <\/p>\n<p>R\u00e9seaux d\u2019assainissement, <strong>berges de Seine<\/strong>, b\u00e2timents publics et espaces verts sont r\u00e9guli\u00e8rement trait\u00e9s, en partenariat avec l\u2019\u00e9tablissement public territorial <strong>Boucle Nord-de-Seine<\/strong>\u2026 Cette op\u00e9ration s\u2019inscrit dans un plan d\u2019action global, men\u00e9 plusieurs fois par an sur l\u2019ensemble du territoire communal.\u00a0<\/p>\n<p> Les acteurs locaux impliqu\u00e9s <\/p>\n<p>La r\u00e9ussite de cette d\u00e9marche repose aussi sur l\u2019implication de tous les <strong>acteurs locaux<\/strong>. Bailleurs priv\u00e9s, commer\u00e7ants et grand public sont sensibilis\u00e9s \u00e0 la n\u00e9cessit\u00e9, notamment via l\u2019affichage, d\u2019adopter les bons gestes pour limiter la prolif\u00e9ration des <a href=\"https:\/\/mesinfos.fr\/69400-villefranche-sur-saone\/a-belleroche-les-rats-inquietent-les-habitants-des-fauvettes-219168.html\" rel=\"noopener nofollow\" target=\"_blank\">nuisibles<\/a>. Dans le m\u00eame temps, il est rappel\u00e9 l\u2019obligation pour les commerces de prendre toutes les mesures n\u00e9cessaires et d\u2019entretenir leurs dispositifs de protection.\u00a0 <\/p>\n<p>Le service communal d\u2019hygi\u00e8ne et de sant\u00e9, renforc\u00e9 par six inspecteurs de salubrit\u00e9, veille \u00e0 la bonne application du r\u00e8glement sanitaire. Depuis le d\u00e9but de l\u2019ann\u00e9e, <strong>24 interventions <\/strong>ont \u00e9t\u00e9 r\u00e9alis\u00e9es sur <strong>14 sites<\/strong>, apr\u00e8s 106 interventions et 35 lieux trait\u00e9s en 2024. L\u2019op\u00e9ration du 4 juin fait suite \u00e0 deux premi\u00e8res campagnes men\u00e9es les 19 et 20 mai.<\/p>\n","protected":false},"excerpt":{"rendered":"\u00a9 Shutterstock &#8211; En 2024, Argenteuil a trait\u00e9 35 lieux et proc\u00e9d\u00e9 \u00e0 106 interventions. Argenteuil intensifie sa&hellip;\n","protected":false},"author":2,"featured_media":148441,"comment_status":"","ping_status":"","sticky":false,"template":"","format":"standard","meta":{"footnotes":""},"categories":[1592],"tags":[1111,11,1777,674,1011,27,662,12,626,22653,25],"class_list":{"0":"post-148440","1":"post","2":"type-post","3":"status-publish","4":"format-standard","5":"has-post-thumbnail","7":"category-ile-de-france","8":"tag-actu","9":"tag-actualites","10":"tag-eu","11":"tag-europe","12":"tag-fr","13":"tag-france","14":"tag-ile-de-france","15":"tag-news","16":"tag-paris","17":"tag-rats","18":"tag-republique-francaise"},"share_on_mastodon":{"url":"https:\/\/pubeurope.com\/@fr\/114618473139936572","error":""},"_links":{"self":[{"href":"https:\/\/www.europesays.com\/fr\/wp-json\/wp\/v2\/posts\/148440","targetHints":{"allow":["GET"]}}],"collection":[{"href":"https:\/\/www.europesays.com\/fr\/wp-json\/wp\/v2\/posts"}],"about":[{"href":"https:\/\/www.europesays.com\/fr\/wp-json\/wp\/v2\/types\/post"}],"author":[{"embeddable":true,"href":"https:\/\/www.europesays.com\/fr\/wp-json\/wp\/v2\/users\/2"}],"replies":[{"embeddable":true,"href":"https:\/\/www.europesays.com\/fr\/wp-json\/wp\/v2\/comments?post=148440"}],"version-history":[{"count":0,"href":"https:\/\/www.europesays.com\/fr\/wp-json\/wp\/v2\/posts\/148440\/revisions"}],"wp:featuredmedia":[{"embeddable":true,"href":"https:\/\/www.europesays.com\/fr\/wp-json\/wp\/v2\/media\/148441"}],"wp:attachment":[{"href":"https:\/\/www.europesays.com\/fr\/wp-json\/wp\/v2\/media?parent=148440"}],"wp:term":[{"taxonomy":"category","embeddable":true,"href":"https:\/\/www.europesays.com\/fr\/wp-json\/wp\/v2\/categories?post=148440"},{"taxonomy":"post_tag","embeddable":true,"href":"https:\/\/www.europesays.com\/fr\/wp-json\/wp\/v2\/tags?post=148440"}],"curies":[{"name":"wp","href":"https:\/\/api.w.org\/{rel}","templated":true}]}}