{"id":148442,"date":"2025-06-03T08:24:12","date_gmt":"2025-06-03T08:24:12","guid":{"rendered":"https:\/\/www.europesays.com\/fr\/148442\/"},"modified":"2025-06-03T08:24:12","modified_gmt":"2025-06-03T08:24:12","slug":"jeux-pour-les-enfants-decouverte-des-poissons-noisy-le-grand-a-ouvert-un-chemin-au-bord-de-la-marne","status":"publish","type":"post","link":"https:\/\/www.europesays.com\/fr\/148442\/","title":{"rendered":"Jeux pour les enfants, d\u00e9couverte des poissons&#8230; Noisy-le-Grand a ouvert un chemin au bord de la Marne"},"content":{"rendered":"<p>            Par<br \/>\n        <strong><br \/>\n            <a href=\"https:\/\/actu.fr\/auteur\/antoine-grotteria02\" title=\"Consulter tous les articles de Antoine Grotteria\" target=\"_blank\" rel=\"noopener\">Antoine Grotteria<\/a><br \/>\n        <\/strong><\/p>\n<p>        Publi\u00e9 le<\/p>\n<p>            3 juin 2025 \u00e0 6h24        <\/p>\n<p>Dans le <a href=\"https:\/\/actu.fr\/ile-de-france\/val-de-marne_94\" target=\"_blank\" rel=\"noopener\">Val-de-Marne<\/a>, <strong>la Marne<\/strong> attend d\u00e9j\u00e0 les baigneurs. En <a href=\"https:\/\/actu.fr\/ile-de-france\/seine-saint-denis_93\" target=\"_blank\" rel=\"noopener\">Seine-Saint-Denis<\/a>, le coup d\u2019envoi devrait \u00eatre lanc\u00e9 en 2026. En attendant, <a href=\"https:\/\/actu.fr\/ile-de-france\/noisy-le-grand_93051\" target=\"_blank\" rel=\"noopener\">Noisy-le-Grand<\/a> tente de piquer la curiosit\u00e9 des habitants sur la <strong>richesse \u00e9cologique<\/strong> de la plus longue rivi\u00e8re de France. Depuis quelques jours, les citoyens peuvent emprunter un sentier \u00ab\u2009p\u00e9dagogique\u2009\u00bb compos\u00e9 de jeux \u00e9ducatifs et de macarons destin\u00e9s afin de les sensibiliser \u00e0 la pr\u00e9servation de la biodiversit\u00e9.<\/p>\n<p class=\" wall-content\">Dans un communiqu\u00e9 relay\u00e9 sur le r\u00e9seau social X, la Ville de Noisy-le-Grand indique le parcours s\u2019\u00e9tend \u00ab\u2009du pont de Neuilly au 11 quai de la Marne\u2009\u00bb. Cela repr\u00e9sente une distance de plusieurs centaines de m\u00e8tres. Suffisant pour d\u00e9couvrir les <strong>39 esp\u00e8ces aquatiques<\/strong> pr\u00e9sentes dans la Marne gr\u00e2ce \u00e0 des messages vulgaris\u00e9s. Des macarons sont \u00e9galement ancr\u00e9s dans le sol, avec le message\u2009: \u00ab\u2009Ici commence la Marne, ne rien jeter\u2009\u00bb.<\/p>\n<p class=\" wall-content\">\n<p class=\" wall-content\">La collectivit\u00e9 souhaite une appropriation singuli\u00e8re des <strong>jeunes<\/strong>. Pour ce faire, un prisme ludique a \u00e9t\u00e9 choisi. Courses d\u2019orientation, travail de la m\u00e9moire\u2026 Plusieurs <strong>jeux<\/strong> \u00e9maillent le chemin.<\/p>\n<p class=\" wall-content\">Les eaux de la Marne accueillent plusieurs <strong>nouvelles esp\u00e8ces de poissons<\/strong>, comme le note <a href=\"https:\/\/www.marne-vive.com\/la-marne\/la-faune-et-la-flore\" target=\"_blank\" rel=\"noopener\">le Syndicat Marne Vive<\/a>. La qualit\u00e9 des eaux a ainsi facilit\u00e9 la reproduction. En revanche, les populations d\u2019oiseaux et d\u2019arbres s\u2019av\u00e8rent inf\u00e9rieures aux niveaux d\u2019antan. Signe que l\u2019\u00e9quilibre \u00e9cologique reste <strong>tr\u00e8s pr\u00e9caire<\/strong> pr\u00e8s de la Marne.<\/p>\n<p class=\" wall-content\">Suivez toute l\u2019actualit\u00e9 de vos villes et m\u00e9dias favoris en vous inscrivant \u00e0 <a href=\"https:\/\/moncompte.actu.fr\" title=\"D\u00e9couvez Mon Actu\" rel=\"nofollow noopener\" data-trk=\"{&quot;cta&quot;:{&quot;action&quot;:&quot;https:\\\/\\\/moncompte.actu.fr&quot;,&quot;category&quot;:&quot;mon compte&quot;,&quot;from&quot;:&quot;article footer&quot;,&quot;name&quot;:&quot;Mon actu&quot;,&quot;type&quot;:&quot;cta&quot;}}\" target=\"_blank\">Mon Actu<\/a>.<\/p>\n","protected":false},"excerpt":{"rendered":"Par Antoine Grotteria Publi\u00e9 le 3 juin 2025 \u00e0 6h24 Dans le Val-de-Marne, la Marne attend d\u00e9j\u00e0 les&hellip;\n","protected":false},"author":2,"featured_media":148443,"comment_status":"","ping_status":"","sticky":false,"template":"","format":"standard","meta":{"footnotes":""},"categories":[1888],"tags":[1111,1928,11,1927,14189,1130,1777,674,1011,27,12650,12,1926,626,1925,52,25],"class_list":{"0":"post-148442","1":"post","2":"type-post","3":"status-publish","4":"format-standard","5":"has-post-thumbnail","7":"category-paris","8":"tag-actu","9":"tag-actu-paris","10":"tag-actualites","11":"tag-actualites-paris","12":"tag-biodiv","13":"tag-biodiversite","14":"tag-eu","15":"tag-europe","16":"tag-fr","17":"tag-france","18":"tag-marne","19":"tag-news","20":"tag-news-paris","21":"tag-paris","22":"tag-paris-news","23":"tag-planete","24":"tag-republique-francaise"},"share_on_mastodon":{"url":"https:\/\/pubeurope.com\/@fr\/114618477004771353","error":""},"_links":{"self":[{"href":"https:\/\/www.europesays.com\/fr\/wp-json\/wp\/v2\/posts\/148442","targetHints":{"allow":["GET"]}}],"collection":[{"href":"https:\/\/www.europesays.com\/fr\/wp-json\/wp\/v2\/posts"}],"about":[{"href":"https:\/\/www.europesays.com\/fr\/wp-json\/wp\/v2\/types\/post"}],"author":[{"embeddable":true,"href":"https:\/\/www.europesays.com\/fr\/wp-json\/wp\/v2\/users\/2"}],"replies":[{"embeddable":true,"href":"https:\/\/www.europesays.com\/fr\/wp-json\/wp\/v2\/comments?post=148442"}],"version-history":[{"count":0,"href":"https:\/\/www.europesays.com\/fr\/wp-json\/wp\/v2\/posts\/148442\/revisions"}],"wp:featuredmedia":[{"embeddable":true,"href":"https:\/\/www.europesays.com\/fr\/wp-json\/wp\/v2\/media\/148443"}],"wp:attachment":[{"href":"https:\/\/www.europesays.com\/fr\/wp-json\/wp\/v2\/media?parent=148442"}],"wp:term":[{"taxonomy":"category","embeddable":true,"href":"https:\/\/www.europesays.com\/fr\/wp-json\/wp\/v2\/categories?post=148442"},{"taxonomy":"post_tag","embeddable":true,"href":"https:\/\/www.europesays.com\/fr\/wp-json\/wp\/v2\/tags?post=148442"}],"curies":[{"name":"wp","href":"https:\/\/api.w.org\/{rel}","templated":true}]}}