{"id":148450,"date":"2025-06-03T08:28:09","date_gmt":"2025-06-03T08:28:09","guid":{"rendered":"https:\/\/www.europesays.com\/fr\/148450\/"},"modified":"2025-06-03T08:28:09","modified_gmt":"2025-06-03T08:28:09","slug":"opinion-lue-face-a-larret-du-gaz-russe-en-2027","status":"publish","type":"post","link":"https:\/\/www.europesays.com\/fr\/148450\/","title":{"rendered":"OPINION. \u00ab L&rsquo;UE face \u00e0 l&rsquo;arr\u00eat du gaz russe en 2027 \u00bb"},"content":{"rendered":"<p>Apr\u00e8s l&rsquo;arr\u00eat des achats de p\u00e9trole \u00e0 la Russie, l&rsquo;Union europ\u00e9enne a d\u00e9cid\u00e9, le 6 mai, le m\u00eame virage strat\u00e9gique avec le gaz russe, pour 2027. Ce choix augmente certes la pression sur l&rsquo;\u00e9conomie russe, mais impose aussi un substantiel d\u00e9fi aux Europ\u00e9ens. Vers quelles autres sources s&rsquo;orienter\u2009? Comment faire \u00e9voluer notre mix-\u00e9nerg\u00e9tique\u2009? Comment les nouvelles technologies, dont l&rsquo;IA, peuvent contribuer\u2009? De nombreux challenges \u00e0 r\u00e9soudre en un court laps de temps.<\/p>\n<p>La d\u00e9cision russe d&rsquo;envahir l&rsquo;Ukraine a non seulement fait revenir le traumatisme de la guerre sur le sol europ\u00e9en, mais redessine, et certainement pour le temps long, les flux \u00e9nerg\u00e9tiques europ\u00e9ens. La politique de sanctions \u00e9labor\u00e9e par l&rsquo;Union europ\u00e9enne s&rsquo;est d\u00e9roul\u00e9e par \u00e9tapes au cours des 3\u00a0derni\u00e8res ann\u00e9es, et sur deux volets diff\u00e9rents, des sanctions proprement dites sur les flux \u00e9conomiques et mon\u00e9taires, et la suppression progressives des approvisionnements \u00e9nerg\u00e9tiques.<\/p>\n<p>Un resserrement progressif<\/p>\n<p>La recomposition de la strat\u00e9gie d&rsquo;importation \u00e9nerg\u00e9tique de l&rsquo;Union europ\u00e9enne a \u00e9t\u00e9 amorc\u00e9e, apr\u00e8s l&rsquo;invasion de l&rsquo;Ukraine, dans le cadre du plan RePowerEU d\u00e8s mai 2022. Ce plan cadre, 3\u00a0mois seulement apr\u00e8s le d\u00e9but du conflit, d\u00e9finissait les diff\u00e9rents objectifs visant \u00e0 r\u00e9duire la d\u00e9pendance de l&rsquo;Union aux combustibles fossiles russes. Quatre axes avaient \u00e9t\u00e9 d\u00e9finis\u00a0:<\/p>\n<ul>\n<li>Encourager la r\u00e9duction de la consommation \u00e9nerg\u00e9tique, en visant des secteurs-cl\u00e9s<\/li>\n<li>Diversifier les sources d&rsquo;approvisionnement, en s\u00e9curisant des sources alternatives au p\u00e9trole, charbon et gaz russe, et en d\u00e9veloppant un march\u00e9 europ\u00e9en de l&rsquo;hydrog\u00e8ne<\/li>\n<li>Acc\u00e9l\u00e9rer une transition vers une \u00e9nergie propre, par un investissement massif dans les renouvelables, et les infrastructures de gaz naturel liqu\u00e9fi\u00e9<\/li>\n<li>S\u00e9curiser les approvisionnements entre \u00c9tats membres afin d&rsquo;\u00e9viter les p\u00e9nuries<\/li>\n<\/ul>\n<p>Le sch\u00e9ma strat\u00e9gique de 2022 pr\u00e9sentait d\u00e9j\u00e0 l&rsquo;objectif d&rsquo;arr\u00eater l&rsquo;approvisionnement en gaz russe, avec 2027 comme date butoir. Les d\u00e9cisions r\u00e9centes se situent donc dans le d\u00e9roulement du plan initial.<\/p>\n<p>Dans le cadre de cet arr\u00eat, l&rsquo;ex\u00e9cutif europ\u00e9en propose d&rsquo;agir en deux temps\u00a0: interdiction des nouveaux contrats et des contrats courts (spot) existants avec les entreprises russes, fin\u00a02025, puis extinction de l&rsquo;ensemble des importations de gaz, en contrat \u00e0 long terme, deux ans plus tard.<\/p>\n<p>Toutefois les entreprises europ\u00e9ennes pourraient invoquer des clauses de\u00a0\u00ab\u2009force majeure\u2009\u00bb\u00a0pour d\u00e9noncer les contrats sans \u00eatre sanctionn\u00e9e. Il reste \u00e0 savoir si cette option offre toute garantie.<\/p>\n<p>La Commission europ\u00e9enne pr\u00e9voit de pr\u00e9senter d\u00e8s le mois de juin, une l\u00e9gislation encadrant l&rsquo;ensemble de ce processus. Cette feuille de route va \u00eatre soumise aux \u00c9tats membres et au Parlement europ\u00e9en. Les discussions s&rsquo;annoncent sensibles sur fond de craintes d&rsquo;un amor\u00e7age de dynamique haussi\u00e8re des prix.<\/p>\n<p>Les orientations de substitution<\/p>\n<p>Le d\u00e9sengagement europ\u00e9en des approvisionnements russes repr\u00e9sente un r\u00e9el challenge strat\u00e9gique, surtout dans le cadre d&rsquo;un calendrier serr\u00e9. La mise en place de solutions devrait s&rsquo;articuler autour de 3\u00a0axes principaux.<\/p>\n<p>Il s&rsquo;agit premi\u00e8rement de s&rsquo;appuyer sur la diversification des sources d&rsquo;approvisionnement. Les \u00c9tats et les op\u00e9rateurs doivent rapidement renforcer leurs importations de Gaz Naturel Liqu\u00e9fie (GNL) en provenance d&rsquo;autres pays producteurs, comme la Norv\u00e8ge, l&rsquo;Alg\u00e9rie, le Qatar, le Canada, et les \u00c9tats-Unis.<\/p>\n<p>L&rsquo;UE avait \u00e9voqu\u00e9, il y a plusieurs mois, la possibilit\u00e9 d&rsquo;augmenter encore les importations de GNL am\u00e9ricain. Mais les tensions commerciales, r\u00e9centes, avec les \u00c9tats-Unis, brouillent pour le moment cette carte.<\/p>\n<p>Une deuxi\u00e8me orientation consiste \u00e0 acc\u00e9l\u00e9rer le d\u00e9veloppement des \u00e9nergies renouvelables, l&rsquo;\u00e9olien et le solaire, ce qui permet d&rsquo;accro\u00eetre la production d&rsquo;hydrog\u00e8ne vert.<\/p>\n<p>En troisi\u00e8me lieu, il s&rsquo;agit d&rsquo;accro\u00eetre l&rsquo;efficacit\u00e9 \u00e9nerg\u00e9tique, \u00e0 travers l&rsquo;optimisation des infrastructures. Dans un tel sch\u00e9ma, l&rsquo;apport technologique de l&rsquo;IA devrait offrir des gains que les technologies classiques ne permettent pas d&rsquo;atteindre.<\/p>\n<p>\u00c0 travers ces 3\u00a0orientations, il est imp\u00e9ratif que Les \u00c9tats membres de l&rsquo;Union europ\u00e9enne pr\u00e9parent, d\u00e8s cette ann\u00e9e,\u00a0des plans nationaux d\u00e9taillant la mani\u00e8re dont ils pr\u00e9voient de sortir de l&rsquo;usage des combustibles russes, dans les 30\u00a0mois \u00e0 venir<\/p>\n<p>La dynamique de changement<\/p>\n<p>La part des importations de gaz russe dans les pays de l&rsquo;<a href=\"https:\/\/www.rfi.fr\/fr\/tag\/union-europ%C3%A9enne\/\" target=\"_blank\" rel=\"noopener\">Union europ\u00e9enne<\/a>\u00a0est pass\u00e9e de 45\u00a0% en 2021 \u00e0 19\u00a0% en 2024, traduisant ainsi dans la r\u00e9alit\u00e9, les choix politiques. Mais si les pays de \u00ab\u2009UE ont r\u00e9duit de plus de 50\u00a0% leurs approvisionnements par gazoducs, ils se sont en partie tourn\u00e9s vers le Gaz Naturel Liqu\u00e9fi\u00e9 (GNL<\/p>\n<p>En 2024 La Russie occupe une place centrale avec 20\u00a0% des importations en GNL de l&rsquo;UE, soit 20\u00a0milliards de m\u00e8tres cubes, derri\u00e8re les \u00c9tats-Unis (45\u00a0%). De nouveaux d\u00e9veloppements technologiques \u00e0 travers l&rsquo;IA vont contribuer \u00e0 apporter des r\u00e9ponses \u00e0 cette situation.<\/p>\n<p>\u00c0 cet \u00e9gard, la soci\u00e9t\u00e9 italienne ENI a d\u00e9cid\u00e9 un investissement de 100\u00a0millions d&rsquo;euros dans l&rsquo;acquisition d&rsquo;un super-computer afin de disposer, en interne, des ressources technologiques requises par l&rsquo;intelligence artificielle. En dehors de l&rsquo;am\u00e9lioration des process industriels, des progr\u00e8s importants sont attendus dans la technologie des mat\u00e9riaux pour le captage et le stockage du CO2.<\/p>\n<p>Tous les acteurs de l&rsquo;industrie gazi\u00e8re mondiale sont concentr\u00e9s sur l&rsquo;impact de l&rsquo;AI dans leur domaine. Ils se r\u00e9uniront d&rsquo;ailleurs prochainement, et en Europe, ce qui n&rsquo;est probablement pas un hasard.<\/p>\n<p>Les opportunit\u00e9s d&rsquo;une rencontre mondiale<\/p>\n<p>L&rsquo;\u00e9v\u00e9nement mondial annuel de la profession, Gastech, r\u00e9unissant exposition et conf\u00e9rences, se d\u00e9roulera justement en Europe, \u00e0 Milan, du 10 au 15\u00a0septembre. Gastech\u00a02025 sera le plus grand \u00e9v\u00e9nement autour du gaz naturel, du GNL, de l&rsquo;Hydrog\u00e8ne, des technologies du climat. Il sera marqu\u00e9 par l&rsquo;impact de l&rsquo;IA dans ces secteurs. Plus de 50\u2009000\u00a0personnes sont en effet attendues, 1000\u00a0exposants et autant d&rsquo;intervenants, dont Patrick Pouyann\u00e9 pr\u00e9sident de TotalEnergies, qui consid\u00e8re l&rsquo;apport de l&rsquo;IA comme une r\u00e9volution.<\/p>\n<p>L&rsquo;innovation sera mise en avant autour de 3\u00a0th\u00e9matiques, l&rsquo;acc\u00e9l\u00e9ration de la d\u00e9carbonation, optimisation de la transformation de l&rsquo;\u00e9nergie, et l&rsquo;\u00e9largissement du d\u00e9veloppement de l&rsquo;hydrog\u00e8ne. On peut \u00e0 cet \u00e9gard citer la r\u00e9alisation en cours entre RWE et TotalEnergies \u00e0 la raffinerie de Leuna en Allemagne, qui vise \u00e0 supprimer l&rsquo;\u00e9mission de 300\u2009000\u00a0tonnes de CO2 gr\u00e2ce \u00e0 l&rsquo;utilisation d&rsquo;hydrog\u00e8ne vert.<\/p>\n<p>Les applications de l&rsquo;intelligence artificielle auront donc toute leur place, \u00e0 travers l&rsquo;optimisation de l&rsquo;efficacit\u00e9 \u00e9nerg\u00e9tique, mais aussi \u00e0 travers les besoins \u00e9nerg\u00e9tiques des data centers.<\/p>\n<p>Pendant toute la dur\u00e9e de cet \u00e9v\u00e9nement seront donc d\u00e9battus tous les d\u00e9veloppements technologiques permettant \u00e0 l&rsquo;Europe de se diriger vers une transformation de ses besoins \u00e9nerg\u00e9tiques gaziers<\/p>\n<p>L&rsquo;arr\u00eat d&rsquo;importation du gaz russe s&rsquo;int\u00e8gre au sch\u00e9ma strat\u00e9gique global RePowerEU. Ce dernier s&rsquo;inscrit lui-m\u00eame dans la strat\u00e9gie plus large du Pacte vert europ\u00e9en, visant la neutralit\u00e9 climatique d&rsquo;ici 2050. La mise en \u0153uvre de ce plan global repose sur un calendrier tr\u00e8s offensif, requ\u00e9rant la mobilisation de toute l&rsquo;industrie gazi\u00e8re internationale, et de ses partenaires, priv\u00e9s et publics.<\/p>\n<p>(*) dipl\u00f4m\u00e9 de l&rsquo;ISC Paris, Ma\u00eetrise de gestion, DEA de Finances Dauphine PSL, Fondateur du m\u00e9dia web\u00a0: <a href=\"http:\/\/www.le-monde-decrypte.com\/\" target=\"_blank\" rel=\"noopener\">www.le-monde-decrypte.com<\/a> Chroniqueur g\u00e9opolitique sur IdFM\u00a098.0<\/p>\n","protected":false},"excerpt":{"rendered":"Apr\u00e8s l&rsquo;arr\u00eat des achats de p\u00e9trole \u00e0 la Russie, l&rsquo;Union europ\u00e9enne a d\u00e9cid\u00e9, le 6 mai, le m\u00eame&hellip;\n","protected":false},"author":2,"featured_media":148451,"comment_status":"","ping_status":"","sticky":false,"template":"","format":"standard","meta":{"footnotes":""},"categories":[1591],"tags":[17,21202,11,2823,1887,843,27775,1861,12,4536,1427,8013,1885,1886,132],"class_list":{"0":"post-148450","1":"post","2":"type-post","3":"status-publish","4":"format-standard","5":"has-post-thumbnail","7":"category-russie","8":"tag-17","9":"tag-21202","10":"tag-actualites","11":"tag-face","12":"tag-federation-de-russie","13":"tag-gaz","14":"tag-larret","15":"tag-lue","16":"tag-news","17":"tag-opinion","18":"tag-opinions","19":"tag-russe","20":"tag-russia","21":"tag-russian-federation","22":"tag-russie"},"share_on_mastodon":{"url":"https:\/\/pubeurope.com\/@fr\/114618492864577362","error":""},"_links":{"self":[{"href":"https:\/\/www.europesays.com\/fr\/wp-json\/wp\/v2\/posts\/148450","targetHints":{"allow":["GET"]}}],"collection":[{"href":"https:\/\/www.europesays.com\/fr\/wp-json\/wp\/v2\/posts"}],"about":[{"href":"https:\/\/www.europesays.com\/fr\/wp-json\/wp\/v2\/types\/post"}],"author":[{"embeddable":true,"href":"https:\/\/www.europesays.com\/fr\/wp-json\/wp\/v2\/users\/2"}],"replies":[{"embeddable":true,"href":"https:\/\/www.europesays.com\/fr\/wp-json\/wp\/v2\/comments?post=148450"}],"version-history":[{"count":0,"href":"https:\/\/www.europesays.com\/fr\/wp-json\/wp\/v2\/posts\/148450\/revisions"}],"wp:featuredmedia":[{"embeddable":true,"href":"https:\/\/www.europesays.com\/fr\/wp-json\/wp\/v2\/media\/148451"}],"wp:attachment":[{"href":"https:\/\/www.europesays.com\/fr\/wp-json\/wp\/v2\/media?parent=148450"}],"wp:term":[{"taxonomy":"category","embeddable":true,"href":"https:\/\/www.europesays.com\/fr\/wp-json\/wp\/v2\/categories?post=148450"},{"taxonomy":"post_tag","embeddable":true,"href":"https:\/\/www.europesays.com\/fr\/wp-json\/wp\/v2\/tags?post=148450"}],"curies":[{"name":"wp","href":"https:\/\/api.w.org\/{rel}","templated":true}]}}