{"id":148454,"date":"2025-06-03T08:30:16","date_gmt":"2025-06-03T08:30:16","guid":{"rendered":"https:\/\/www.europesays.com\/fr\/148454\/"},"modified":"2025-06-03T08:30:16","modified_gmt":"2025-06-03T08:30:16","slug":"la-guerre-commerciale-pese-fortement-sur-leconomie-americaine","status":"publish","type":"post","link":"https:\/\/www.europesays.com\/fr\/148454\/","title":{"rendered":"La guerre commerciale p\u00e8se fortement sur l\u2019\u00e9conomie am\u00e9ricaine"},"content":{"rendered":"<p><strong>D\u00c9CRYPTAGE &#8211; <\/strong>L\u2019OCDE anticipe un net recul du PIB des \u00c9tats-Unis, \u00e0 1,6% cette ann\u00e9e. Les droits de douane repr\u00e9sentent un risque majeur pour de nombreux pays, dont les pr\u00e9visions sont aussi abaiss\u00e9es.<\/p>\n<p class=\"fig-paragraph\">Retour du protectionnisme, taux d\u2019int\u00e9r\u00eat \u00e9lev\u00e9s, instabilit\u00e9 g\u00e9opolitique&#8230; Les perspectives \u00e9conomiques globales deviennent de plus en plus \u00ab\u00a0complexes\u00a0\u00bb, \u00e9crit l\u2019OCDE dans son dernier rapport. Alors que\u00a0<a href=\"http:\/\/www.lefigaro.fr\/conjoncture\/inquiets-de-la-politique-erratique-de-trump-de-riches-americains-deplacent-leur-fortune-en-suisse-20250418\" target=\"_blank\" data-fig-type=\"Article\" rel=\"noopener\" data-gtm-custom-categorie=\"navigation\" data-gtm-custom-action=\"crossclick\" data-gtm-custom-label=\"Contextuel\" data-gtm-event=\"customEventSPE\" data-fig-domain=\"LEFIGARO\">les tensions commerciales\u00a0<\/a>se multiplient, en particulier entre les \u00c9tats-Unis et la Chine, l\u2019organisation internationale pr\u00e9voit un net ralentissement de la croissance mondiale, attendue \u00e0 2,9\u00a0% en 2025 et 2026, apr\u00e8s 3,3\u00a0% en 2024.<\/p>\n<p class=\"fig-paragraph\">Selon l\u2019OCDE, l\u2019ampleur de la guerre commerciale actuelle d\u00e9passe d\u00e9j\u00e0 celle de 2018-2019 entre les deux puissances. Les hausses de droits de douane annonc\u00e9es par les \u00c9tats-Unis atteignent, apr\u00e8s les n\u00e9gociations amorc\u00e9es \u00e0 Gen\u00e8ve, 30\u00a0% pour les produits chinois, et couvrent d\u00e9sormais une gamme beaucoup plus large, perturbant les cha\u00eenes de valeur mondiales. Si les \u00e9changes bilat\u00e9raux entre P\u00e9kin et Washington ont diminu\u00e9, ils repr\u00e9sentaient encore 2,5\u00a0% du commerce mondial des biens en 2023, rappelle l\u2019organisation.<\/p>\n<p>Inflation am\u00e9ricaine nourrie par la guerre commerciale<\/p>\n<p class=\"fig-paragraph\">Les \u00c9tats-Unis jouent un r\u00f4le central\u2026<\/p>\n<p class=\"fig-premium-paywall__infos\">\n        Cet article est r\u00e9serv\u00e9 aux abonn\u00e9s.        Il vous reste 80% \u00e0 d\u00e9couvrir.\n    <\/p>\n<p>                <img  data- alt=\"Le Figaro\" class=\"fig-img--complete fig-img\"\/><\/p>\n<p class=\"fig-premium-paywall__title\">Vente Flash<\/p>\n<p class=\"fig-premium-paywall__subtitle\">4,99\u20ac par mois pendant 12 mois. Sans engagement.<\/p>\n<p class=\"fig-premium-paywall__connect\">\n                D\u00e9j\u00e0 abonn\u00e9\u00a0?                <a class=\"fig-premium-paywall__connect-link\" href=\"https:\/\/connect.lefigaro.fr\/login?client=horizon_web&amp;type=main&amp;redirect_uri=https%3A%2F%2Fwww.lefigaro.fr%2Fflash-eco%2Fla-guerre-commerciale-pese-fortement-sur-l-economie-americaine-20250603\" data-js-gtm=\"{&quot;customCategorie&quot;: &quot;conversion&quot;, &quot;customAction&quot;: &quot;before_Landing_Connexion_paywall_auto&quot;, &quot;customLabel&quot;: &quot;bGVmaWdhcm8uZnJfXzFmMDNmOTU3LWVlMTItNmIxMi04YzhiLTcxNTA0NDcwYjA3N19fTmV3c0ZsYXNo_La guerre commerciale p\u00e8se fortement sur l\u2019\u00e9conomie am\u00e9ricaine_34&quot;, &quot;customIDSPE&quot;: &quot;bGVmaWdhcm8uZnJfXzFmMDNmOTU3LWVlMTItNmIxMi04YzhiLTcxNTA0NDcwYjA3N19fTmV3c0ZsYXNo&quot;, &quot;event&quot;: &quot;customEventSPE&quot;}\" target=\"_blank\" rel=\"noopener\"><br \/>\n                    Connectez-vous<br \/>\n                <\/a>\n            <\/p>\n","protected":false},"excerpt":{"rendered":"D\u00c9CRYPTAGE &#8211; L\u2019OCDE anticipe un net recul du PIB des \u00c9tats-Unis, \u00e0 1,6% cette ann\u00e9e. Les droits de&hellip;\n","protected":false},"author":2,"featured_media":148455,"comment_status":"","ping_status":"","sticky":false,"template":"","format":"standard","meta":{"footnotes":""},"categories":[1589],"tags":[1111,47,11,1117,1109,913,1112,636,341,257,73,1866,632,1108,107,1106,1107,1119,1074,1116,1110,1114,500,12,1113,27745,1118,137,401,1115,1864,1865,1863,308],"class_list":{"0":"post-148454","1":"post","2":"type-post","3":"status-publish","4":"format-standard","5":"has-post-thumbnail","7":"category-etats-unis","8":"tag-actu","9":"tag-actualite","10":"tag-actualites","11":"tag-assurance","12":"tag-breves","13":"tag-croissance","14":"tag-depeches","15":"tag-devises","16":"tag-emploi","17":"tag-entreprise","18":"tag-etats-unis","19":"tag-etats-unis-damerique","20":"tag-fcp","21":"tag-fil","22":"tag-fil-info","23":"tag-flash","24":"tag-flash-actu","25":"tag-formation","26":"tag-guerre-commerciale","27":"tag-immobilier","28":"tag-informations","29":"tag-infos","30":"tag-medias","31":"tag-news","32":"tag-nouvelles","33":"tag-ocde","34":"tag-placement","35":"tag-retraite","36":"tag-sicav","37":"tag-taux","38":"tag-united-states","39":"tag-united-states-of-america","40":"tag-us","41":"tag-usa"},"share_on_mastodon":{"url":"https:\/\/pubeurope.com\/@fr\/114618500615697020","error":""},"_links":{"self":[{"href":"https:\/\/www.europesays.com\/fr\/wp-json\/wp\/v2\/posts\/148454","targetHints":{"allow":["GET"]}}],"collection":[{"href":"https:\/\/www.europesays.com\/fr\/wp-json\/wp\/v2\/posts"}],"about":[{"href":"https:\/\/www.europesays.com\/fr\/wp-json\/wp\/v2\/types\/post"}],"author":[{"embeddable":true,"href":"https:\/\/www.europesays.com\/fr\/wp-json\/wp\/v2\/users\/2"}],"replies":[{"embeddable":true,"href":"https:\/\/www.europesays.com\/fr\/wp-json\/wp\/v2\/comments?post=148454"}],"version-history":[{"count":0,"href":"https:\/\/www.europesays.com\/fr\/wp-json\/wp\/v2\/posts\/148454\/revisions"}],"wp:featuredmedia":[{"embeddable":true,"href":"https:\/\/www.europesays.com\/fr\/wp-json\/wp\/v2\/media\/148455"}],"wp:attachment":[{"href":"https:\/\/www.europesays.com\/fr\/wp-json\/wp\/v2\/media?parent=148454"}],"wp:term":[{"taxonomy":"category","embeddable":true,"href":"https:\/\/www.europesays.com\/fr\/wp-json\/wp\/v2\/categories?post=148454"},{"taxonomy":"post_tag","embeddable":true,"href":"https:\/\/www.europesays.com\/fr\/wp-json\/wp\/v2\/tags?post=148454"}],"curies":[{"name":"wp","href":"https:\/\/api.w.org\/{rel}","templated":true}]}}