{"id":148458,"date":"2025-06-03T08:32:09","date_gmt":"2025-06-03T08:32:09","guid":{"rendered":"https:\/\/www.europesays.com\/fr\/148458\/"},"modified":"2025-06-03T08:32:09","modified_gmt":"2025-06-03T08:32:09","slug":"les-allemands-devraient-ils-travailler-plus","status":"publish","type":"post","link":"https:\/\/www.europesays.com\/fr\/148458\/","title":{"rendered":"Les Allemands devraient-ils travailler plus ?"},"content":{"rendered":"\n<p>\u201cFriedrich Merz a touch\u00e9 un point sensible et on dirait que \u00e7a fait mal\u201d, <a href=\"https:\/\/www.spiegel.de\/wirtschaft\/unternehmen\/arbeitszeit-die-deutschen-sind-nicht-faul-die-arbeitswelt-ist-mies-meinung-a-8bb409be-d472-4a13-ab1f-9a14fc835960\" target=\"_blank\" rel=\"noopener\">annonce le journal centriste <strong>Der Spiegel<\/strong><\/a><strong>.<\/strong> Peu de temps apr\u00e8s son investiture, le chancelier chr\u00e9tien-d\u00e9mocrate a laiss\u00e9 entendre que les Allemands devraient travailler davantage, s\u2019ils souhaitaient relancer l\u2019\u00e9conomie d\u2019un pays en r\u00e9cession depuis plus de deux ans. Et \u201cles r\u00e9actions vont de l\u2019acquiescement fr\u00e9n\u00e9tique au refus virulent\u201d.<\/p>\n<p><a href=\"https:\/\/www.bild.de\/politik\/inland\/gewerkschaften-vier-tage-woche-spielt-kaum-noch-eine-rolle-68341d34d892283a30e815b9\" target=\"_blank\" rel=\"noopener\">D\u2019apr\u00e8s le tablo\u00efd conservateur <strong>Bild<\/strong><\/a><strong>,<\/strong> les accusations du nouveau dirigeant allemand auraient m\u00eame pouss\u00e9 le puissant syndicat IG Metall \u00e0 revenir sur sa demande, formul\u00e9e en 2023, <a href=\"https:\/\/www.courrierinternational.com\/article\/emploi-en-allemagne-la-semaine-de-quatre-jours-gagne-du-terrain\" target=\"_blank\" rel=\"noopener\">de passer \u00e0 la semaine de quatre jours pay\u00e9e cinq dans l\u2019industrie m\u00e9tallurgique<\/a>. \u201c\u00c0 l\u2019heure o\u00f9 la croissance stagne et l\u2019emploi est en danger, en particulier dans l\u2019industrie, les syndicats ne souhaitent pas infliger une pression suppl\u00e9mentaire aux entreprises avec la semaine de quatre jours.\u201d<\/p>\n<p> La \u201cmode\u201d du temps partiel <\/p>\n<p>Il faut dire qu\u2019en Allemagne, \u201cle temps partiel est \u00e0 la mode\u201d, <a class=\"ithalc\" data-ithal=\"lien_externe\" data-ithalc=\"[nav_article]\" target=\"_blank\" href=\"https:\/\/www.cicero.de\/wirtschaft\/teilzeit-boom-mehr-freizeit-auf-kosten-der-vollzeit-malocher\" rel=\"noopener\">commente <strong>Cicero<\/strong><\/a><strong>.<\/strong> Environ 29\u00a0% des salari\u00e9s y ont eu recours l\u2019ann\u00e9e derni\u00e8re, \u201cun nouveau record\u201d. La g\u00e9n\u00e9ration\u00a0Z, notamment, voudrait \u201cplus de life et moins de work [plus de vie et moins de travail]\u201d et refuserait de travailler 40,2\u00a0heures (la moyenne hebdomadaire ou<\/p>\n","protected":false},"excerpt":{"rendered":"\u201cFriedrich Merz a touch\u00e9 un point sensible et on dirait que \u00e7a fait mal\u201d, annonce le journal centriste&hellip;\n","protected":false},"author":2,"featured_media":148459,"comment_status":"","ping_status":"","sticky":false,"template":"","format":"standard","meta":{"footnotes":""},"categories":[1587],"tags":[11,672,1804,1805,1803,1777,674,4710,1801,12,316,1802,3847,2542],"class_list":{"0":"post-148458","1":"post","2":"type-post","3":"status-publish","4":"format-standard","5":"has-post-thumbnail","7":"category-allemagne","8":"tag-actualites","9":"tag-allemagne","10":"tag-bundesrepublik-deutschland","11":"tag-de","12":"tag-deutschland","13":"tag-eu","14":"tag-europe","15":"tag-friedrich-merz","16":"tag-germany","17":"tag-news","18":"tag-politique","19":"tag-republique-federale-dallemagne","20":"tag-travail","21":"tag-u00e9conomie"},"share_on_mastodon":{"url":"https:\/\/pubeurope.com\/@fr\/114618508435584118","error":""},"_links":{"self":[{"href":"https:\/\/www.europesays.com\/fr\/wp-json\/wp\/v2\/posts\/148458","targetHints":{"allow":["GET"]}}],"collection":[{"href":"https:\/\/www.europesays.com\/fr\/wp-json\/wp\/v2\/posts"}],"about":[{"href":"https:\/\/www.europesays.com\/fr\/wp-json\/wp\/v2\/types\/post"}],"author":[{"embeddable":true,"href":"https:\/\/www.europesays.com\/fr\/wp-json\/wp\/v2\/users\/2"}],"replies":[{"embeddable":true,"href":"https:\/\/www.europesays.com\/fr\/wp-json\/wp\/v2\/comments?post=148458"}],"version-history":[{"count":0,"href":"https:\/\/www.europesays.com\/fr\/wp-json\/wp\/v2\/posts\/148458\/revisions"}],"wp:featuredmedia":[{"embeddable":true,"href":"https:\/\/www.europesays.com\/fr\/wp-json\/wp\/v2\/media\/148459"}],"wp:attachment":[{"href":"https:\/\/www.europesays.com\/fr\/wp-json\/wp\/v2\/media?parent=148458"}],"wp:term":[{"taxonomy":"category","embeddable":true,"href":"https:\/\/www.europesays.com\/fr\/wp-json\/wp\/v2\/categories?post=148458"},{"taxonomy":"post_tag","embeddable":true,"href":"https:\/\/www.europesays.com\/fr\/wp-json\/wp\/v2\/tags?post=148458"}],"curies":[{"name":"wp","href":"https:\/\/api.w.org\/{rel}","templated":true}]}}