{"id":148460,"date":"2025-06-03T08:33:08","date_gmt":"2025-06-03T08:33:08","guid":{"rendered":"https:\/\/www.europesays.com\/fr\/148460\/"},"modified":"2025-06-03T08:33:08","modified_gmt":"2025-06-03T08:33:08","slug":"leurope-opte-pour-la-prudence-dans-lattente-des-chiffres-de-linflation","status":"publish","type":"post","link":"https:\/\/www.europesays.com\/fr\/148460\/","title":{"rendered":"L&rsquo;Europe opte pour la prudence dans l&rsquo;attente des chiffres de l&rsquo;inflation"},"content":{"rendered":"<p>\u00c0 Paris, le CAC 40 perd 0,10% \u00e0 7.729,13 points vers 07h21 GMT. \u00c0 Francfort, le Dax recule de 0,12% et \u00e0 Londres, le FTSE 100 c\u00e8de 0,04%.<\/p>\n<p>L&rsquo;indice EuroStoxx 50 baisse de 0,13%, le FTSEurofirst 300 de 0,15% et le Stoxx 600 de de 0,16%.<\/p>\n<p>Tous les regards seront tourn\u00e9s mardi vers les chiffres de l&rsquo;inflation de la zone euro pour le mois de mai, attendus \u00e0 09h00 GMT, qui devraient donner le ton pour la r\u00e9union de la Banque centrale europ\u00e9enne (BCE) de cette semaine, en offrant \u00e9ventuellement des indices sur une possible pause dans les r\u00e9ductions de taux dans les mois \u00e0 venir. <\/p>\n<p>Les \u00e9conomistes s&rsquo;attendent \u00e0 ce que les prix \u00e0 la consommation ralentissent \u00e0 2% en rythme annuel, soit l&rsquo;objectif de Francfort, et une r\u00e9duction d&rsquo;un quart de point des co\u00fbts d&#8217;emprunt est consid\u00e9r\u00e9e comme acquise jeudi, mais la question est de comprendre ce que cela signifie pour la trajectoire future des taux d&rsquo;int\u00e9r\u00eat de la BCE, compte tenu de l&rsquo;incertitude commerciale. <\/p>\n<p>Sur le front des droits de douane, les doutes persistent, de m\u00eame que les craintes concernant un impact sur la croissance \u00e9conomique. <\/p>\n<p>L&rsquo;Organisation de coop\u00e9ration et de d\u00e9veloppement \u00e9conomiques (OCDE) a averti mardi que l&rsquo;augmentation des barri\u00e8res commerciales et les incertitudes en mati\u00e8re de politique \u00e9conomique allaient peser sur la croissance mondiale avec des perspectives affaiblies dans le monde entier.<\/p>\n<p>Aux valeurs, Elis perd 1,9% apr\u00e8s que Bpifrance a annonc\u00e9 lundi soir le lancement de la cession d&rsquo;une participation d&rsquo;environ 2,9% dans le sp\u00e9cialiste fran\u00e7ais des services de nettoyage.<\/p>\n<p>UBS avance de 3% apr\u00e8s un rel\u00e8vement de recommandation de Jefferies.<\/p>\n<p>La d\u00e9fense continue de progresser (+0,43%) dans le contexte de l&rsquo;escalade du conflit entre la Russie et l&rsquo;Ukraine, et alors que le secteur sera davantage repr\u00e9sent\u00e9 dans l&rsquo;indice Stoxx 600, suite aux forts gains enregistr\u00e9s r\u00e9cemment.<\/p>\n<p>Le groupe de d\u00e9fense britannique Babcock (+0,59%) rejoindra l&rsquo;indice STOXX 600 le 23 juin, selon un communiqu\u00e9 du fournisseur d&rsquo;indices.<\/p>\n<p>\u00c0 Bruxelles, Cofinimmo avance de 3,3% apr\u00e8s un accord de fusion avec la soci\u00e9t\u00e9 immobili\u00e8re belge de soins de sant\u00e9 Aedifica, cr\u00e9ant ainsi la plus grande soci\u00e9t\u00e9 d&rsquo;investissement immobilier d&rsquo;Europe.<\/p>\n<p> (R\u00e9dig\u00e9 par Diana Mandi\u00e1, \u00e9dit\u00e9 par Blandine H\u00e9nault)<\/p>\n","protected":false},"excerpt":{"rendered":"\u00c0 Paris, le CAC 40 perd 0,10% \u00e0 7.729,13 points vers 07h21 GMT. \u00c0 Francfort, le Dax recule&hellip;\n","protected":false},"author":2,"featured_media":148461,"comment_status":"","ping_status":"","sticky":false,"template":"","format":"standard","meta":{"footnotes":""},"categories":[1586],"tags":[11,2125,1777,674,1011,27,2124,12,25],"class_list":{"0":"post-148460","1":"post","2":"type-post","3":"status-publish","4":"format-standard","5":"has-post-thumbnail","7":"category-europe","8":"tag-actualites","9":"tag-depeches-reuters","10":"tag-eu","11":"tag-europe","12":"tag-fr","13":"tag-france","14":"tag-infos-reuters","15":"tag-news","16":"tag-republique-francaise"},"share_on_mastodon":{"url":"https:\/\/pubeurope.com\/@fr\/114618512400710812","error":""},"_links":{"self":[{"href":"https:\/\/www.europesays.com\/fr\/wp-json\/wp\/v2\/posts\/148460","targetHints":{"allow":["GET"]}}],"collection":[{"href":"https:\/\/www.europesays.com\/fr\/wp-json\/wp\/v2\/posts"}],"about":[{"href":"https:\/\/www.europesays.com\/fr\/wp-json\/wp\/v2\/types\/post"}],"author":[{"embeddable":true,"href":"https:\/\/www.europesays.com\/fr\/wp-json\/wp\/v2\/users\/2"}],"replies":[{"embeddable":true,"href":"https:\/\/www.europesays.com\/fr\/wp-json\/wp\/v2\/comments?post=148460"}],"version-history":[{"count":0,"href":"https:\/\/www.europesays.com\/fr\/wp-json\/wp\/v2\/posts\/148460\/revisions"}],"wp:featuredmedia":[{"embeddable":true,"href":"https:\/\/www.europesays.com\/fr\/wp-json\/wp\/v2\/media\/148461"}],"wp:attachment":[{"href":"https:\/\/www.europesays.com\/fr\/wp-json\/wp\/v2\/media?parent=148460"}],"wp:term":[{"taxonomy":"category","embeddable":true,"href":"https:\/\/www.europesays.com\/fr\/wp-json\/wp\/v2\/categories?post=148460"},{"taxonomy":"post_tag","embeddable":true,"href":"https:\/\/www.europesays.com\/fr\/wp-json\/wp\/v2\/tags?post=148460"}],"curies":[{"name":"wp","href":"https:\/\/api.w.org\/{rel}","templated":true}]}}