{"id":148471,"date":"2025-06-03T08:40:14","date_gmt":"2025-06-03T08:40:14","guid":{"rendered":"https:\/\/www.europesays.com\/fr\/148471\/"},"modified":"2025-06-03T08:40:14","modified_gmt":"2025-06-03T08:40:14","slug":"plus-de-1-100-anciens-joueurs-de-rugby-attaquent-en-justice-pour-commotions-et-ca-ne-fait-que-commencer","status":"publish","type":"post","link":"https:\/\/www.europesays.com\/fr\/148471\/","title":{"rendered":"Plus de 1 100 anciens joueurs de rugby attaquent en justice pour commotions, et \u00e7a ne fait que commencer"},"content":{"rendered":"<p>Plus de <strong>1 100 anciens rugbymen<\/strong> ont rejoint une <strong>action collective explosive<\/strong> contre les instances du rugby mondial. En cause : des blessures c\u00e9r\u00e9brales graves, accumul\u00e9es au fil des matchs, que les plaignants estiment <strong>li\u00e9es \u00e0 la n\u00e9gligence des autorit\u00e9s sportives<\/strong>. Et ce chiffre ne cesse de grimper.<\/p>\n<p>Une pluie de plaintes \u00e0 la derni\u00e8re minute<\/p>\n<p>Vendredi 30 mai, <strong>date limite impos\u00e9e par la justice britannique<\/strong>, plus de <strong>520 anciens joueurs<\/strong> ont encore rejoint la plainte men\u00e9e par le cabinet <strong>Rylands Garth<\/strong>, portant le total \u00e0 <strong>environ 1 100 plaignants<\/strong>. Parmi eux, <strong>784 issus du rugby \u00e0 XV<\/strong> et <strong>319 du rugby \u00e0 XIII<\/strong>.<\/p>\n<p>Cette avalanche de signatures montre l\u2019ampleur d\u2019un <strong>ph\u00e9nom\u00e8ne que le monde du rugby n\u2019arrive plus \u00e0 ignorer<\/strong> : les cons\u00e9quences neurologiques \u00e0 long terme des chocs r\u00e9p\u00e9t\u00e9s, parfois subis depuis l\u2019adolescence, sans r\u00e9elle protection ni suivi m\u00e9dical adapt\u00e9.<\/p>\n<p>Des noms connus, des carri\u00e8res bris\u00e9es<\/p>\n<p>Parmi les plaignants, on retrouve des figures marquantes du rugby professionnel : <strong>Steve Thompson<\/strong>, <strong>Mark Regan<\/strong> et <strong>Phil Vickery<\/strong> (champions du monde 2003), <strong>Gavin Henson<\/strong>, <strong>Harry Ellis<\/strong>, <strong>Carl Hayman<\/strong> ou encore <strong>Alix Popham<\/strong>. Tous disent vivre avec des s\u00e9quelles lourdes : <strong>troubles de la m\u00e9moire<\/strong>, <strong>pertes de rep\u00e8res<\/strong>, <strong>diagnostics pr\u00e9coces de d\u00e9mence<\/strong>.<\/p>\n<p>La plupart affirment n\u2019avoir <strong>jamais \u00e9t\u00e9 pr\u00e9venus des risques<\/strong> encourus, malgr\u00e9 la documentation scientifique disponible d\u00e8s les ann\u00e9es 2000 sur les traumatismes r\u00e9p\u00e9t\u00e9s.<\/p>\n<p>Ce que demandent les joueurs<\/p>\n<p>Les anciens rugbymen r\u00e9clament des <strong>indemnisations financi\u00e8res<\/strong> pour compenser la perte de revenus, les frais m\u00e9dicaux et l\u2019aide n\u00e9cessaire au quotidien. Mais leur demande va plus loin : ils exigent une <strong>r\u00e9forme structurelle du sport<\/strong>, avec notamment la cr\u00e9ation d\u2019un <strong>organisme ind\u00e9pendant sur la sant\u00e9 c\u00e9r\u00e9brale dans le rugby<\/strong>.<\/p>\n<p>Les entit\u00e9s vis\u00e9es sont nombreuses : <strong>World Rugby<\/strong>, la <strong>Rugby Football Union<\/strong> (Angleterre), la <strong>Welsh Rugby Union<\/strong>, la <strong>Rugby Football League<\/strong> (XIII) et la <strong>British Amateur Rugby League Association<\/strong>. Toutes sont accus\u00e9es d\u2019avoir <strong>sciemment minimis\u00e9 les risques neurologiques<\/strong>, au d\u00e9triment de la sant\u00e9 des joueurs.<\/p>\n<p>Un proc\u00e8s qui s\u2019annonce historique<\/p>\n<p>Une <strong>audience de cadrage<\/strong> aura lieu les <strong>22 et 23 juillet prochains<\/strong>, pour d\u00e9signer <strong>21 \u201cjoueurs t\u00e9moins\u201d<\/strong>, dont les parcours seront utilis\u00e9s comme cas d\u2019\u00e9cole lors du proc\u00e8s pr\u00e9vu en <strong>2026<\/strong>.<\/p>\n<p>Ce type d\u2019action collective pourrait poser un <strong>pr\u00e9c\u00e9dent majeur dans le monde du sport<\/strong>. Rylands Garth affirme par ailleurs repr\u00e9senter <strong>130 anciens footballeurs<\/strong> dans une proc\u00e9dure similaire contre la F\u00e9d\u00e9ration anglaise de football. L\u2019audience est pr\u00e9vue fin juin.<\/p>\n<p>Les instances d\u00e9fendent leurs efforts<\/p>\n<p>Dans un communiqu\u00e9 commun, <strong>World Rugby<\/strong>, la <strong>RFU<\/strong> et la <strong>WRU<\/strong> ont reconnu avoir \u00e9t\u00e9 inform\u00e9es de l\u2019ampleur de la plainte, tout en attendant plus de d\u00e9tails sur les diagnostics m\u00e9dicaux avanc\u00e9s. Elles assurent continuer \u00e0 \u201ctravailler pour un rugby plus s\u00fbr\u201d, citant des dispositifs comme les <strong>prot\u00e8ge-dents connect\u00e9s<\/strong>, la <strong>r\u00e9duction de la hauteur des plaquages<\/strong> ou encore un <strong>service de suivi c\u00e9r\u00e9bral pour les anciens joueurs<\/strong>.<\/p>\n<p>Mais pour les avocats comme pour les joueurs concern\u00e9s, ces actions sont trop r\u00e9centes, trop timides, et surtout <strong>d\u00e9connect\u00e9es de la r\u00e9alit\u00e9 du haut niveau<\/strong>, o\u00f9 les saisons s\u2019encha\u00eenent sans repos et avec un niveau d\u2019intensit\u00e9 toujours plus \u00e9lev\u00e9.<\/p>\n<p>Une crise qui menace l\u2019avenir du rugby<\/p>\n<p>Pour Rylands Garth, la situation est claire : \u201c<strong>Si les instances continuent de faire l\u2019autruche, c\u2019est l\u2019avenir du rugby qui est en jeu.<\/strong>\u201d Les t\u00e9moignages parlent de <strong>vies boulevers\u00e9es<\/strong>, de <strong>carri\u00e8res d\u00e9truites<\/strong> et d\u2019un <strong>sentiment d\u2019abandon<\/strong> partag\u00e9 par toute une g\u00e9n\u00e9ration de joueurs.<\/p>\n<p>Ce mouvement judiciaire massif pourrait forcer le rugby mondial \u00e0 revoir ses fondations, bien au-del\u00e0 des ajustements techniques. Pour beaucoup, cette affaire marque <strong>le d\u00e9but d\u2019une nouvelle \u00e8re<\/strong>, o\u00f9 la sant\u00e9 des joueurs ne pourra plus \u00eatre ignor\u00e9e au nom du spectacle.<\/p>\n<p>Source : <strong>Planet Rugby<\/strong><\/p>\n<p><img loading=\"lazy\" src=\"data:image\/svg+xml,%3Csvg%20xmlns=\" http:=\"\" height=\"100\" width=\"100\" class=\" sp-no-webp\" alt=\"whatsapp image 2024 07 31 at 09.08.32\" decoding=\"async\" data-lazy-src=\"https:\/\/www.europesays.com\/fr\/wp-content\/uploads\/2025\/04\/whatsapp-image-2024-07-31-at-09.08.32-e1727245864215.jpeg\"\/> <\/p>\n<p>J\u2019ai grandi dans une famille o\u00f9 le rugby \u00e9tait de tous les moments. J\u2019\u00e9tais au bord du terrain quand Castres a battu Pau et a rejoint l\u2019\u00e9lite, j\u2019\u00e9tais dans le Stade Pierre Antoine face \u00e0 Gary Whetton quand il a fait son Haka pour c\u00e9l\u00e9brer le Brennus de 1993 et j\u2019ai toujours \u00e9t\u00e9 berc\u00e9 des l\u00e9gendes de ce sport. Maintenant, c\u2019est avec XV Ovalie que j\u2019entends prolonger l\u2019aventure. #TeamCO<\/p>\n","protected":false},"excerpt":{"rendered":"Plus de 1 100 anciens rugbymen ont rejoint une action collective explosive contre les instances du rugby mondial.&hellip;\n","protected":false},"author":2,"featured_media":148472,"comment_status":"","ping_status":"","sticky":false,"template":"","format":"standard","meta":{"footnotes":""},"categories":[1416],"tags":[27776,1011,27,479,1468,6107,60,17200],"class_list":{"0":"post-148471","1":"post","2":"type-post","3":"status-publish","4":"format-standard","5":"has-post-thumbnail","7":"category-rugby","8":"tag-commotion-cu00e9ru00e9brale","9":"tag-fr","10":"tag-france","11":"tag-rugby","12":"tag-rugby-football","13":"tag-rugby-international","14":"tag-sports","15":"tag-world-rugby"},"share_on_mastodon":{"url":"https:\/\/pubeurope.com\/@fr\/114618539986964197","error":""},"_links":{"self":[{"href":"https:\/\/www.europesays.com\/fr\/wp-json\/wp\/v2\/posts\/148471","targetHints":{"allow":["GET"]}}],"collection":[{"href":"https:\/\/www.europesays.com\/fr\/wp-json\/wp\/v2\/posts"}],"about":[{"href":"https:\/\/www.europesays.com\/fr\/wp-json\/wp\/v2\/types\/post"}],"author":[{"embeddable":true,"href":"https:\/\/www.europesays.com\/fr\/wp-json\/wp\/v2\/users\/2"}],"replies":[{"embeddable":true,"href":"https:\/\/www.europesays.com\/fr\/wp-json\/wp\/v2\/comments?post=148471"}],"version-history":[{"count":0,"href":"https:\/\/www.europesays.com\/fr\/wp-json\/wp\/v2\/posts\/148471\/revisions"}],"wp:featuredmedia":[{"embeddable":true,"href":"https:\/\/www.europesays.com\/fr\/wp-json\/wp\/v2\/media\/148472"}],"wp:attachment":[{"href":"https:\/\/www.europesays.com\/fr\/wp-json\/wp\/v2\/media?parent=148471"}],"wp:term":[{"taxonomy":"category","embeddable":true,"href":"https:\/\/www.europesays.com\/fr\/wp-json\/wp\/v2\/categories?post=148471"},{"taxonomy":"post_tag","embeddable":true,"href":"https:\/\/www.europesays.com\/fr\/wp-json\/wp\/v2\/tags?post=148471"}],"curies":[{"name":"wp","href":"https:\/\/api.w.org\/{rel}","templated":true}]}}