{"id":148479,"date":"2025-06-03T08:45:09","date_gmt":"2025-06-03T08:45:09","guid":{"rendered":"https:\/\/www.europesays.com\/fr\/148479\/"},"modified":"2025-06-03T08:45:09","modified_gmt":"2025-06-03T08:45:09","slug":"en-images-larrivee-des-heros-du-psg-chez-les-bleus","status":"publish","type":"post","link":"https:\/\/www.europesays.com\/fr\/148479\/","title":{"rendered":"en images, l\u2019arriv\u00e9e des h\u00e9ros du PSG chez les Bleus"},"content":{"rendered":"<p>Apr\u00e8s le sacre l\u00e9gendaire du PSG, les cinq champions d\u2019Europe sont d\u00e9sormais chez les Bleus pour le choc face \u00e0 l\u2019Espagne jeudi en demi-finale de Ligue des nations.<\/p>\n<p class=\"fig-paragraph\">De la joie, des sourires et des accolades pour saluer les h\u00e9ros du jour. Arriv\u00e9s \u00e0 Clairefontaine pendant la s\u00e9ance entre 18h et 19h30 lundi soir,\u00a0<a href=\"http:\/\/www.lefigaro.fr\/sports\/football\/ligue-des-champions\/psg-les-marches-de-la-gloire-le-grand-recit-d-une-epopee-historique-20250603\" data-fig-type=\"Article\" data-gtm-custom-categorie=\"navigation\" data-gtm-custom-action=\"crossclick\" data-gtm-custom-label=\"Contextuel\" data-gtm-event=\"customEventSPE\" data-fig-domain=\"LEFIGARO\" target=\"_blank\" rel=\"noopener\">les cinq champions d\u2019Europe du PSG<\/a>,\u00a0<a href=\"http:\/\/www.lefigaro.fr\/sports\/football\/ligue-des-champions\/psg-ousmane-dembele-merite-t-il-le-ballon-d-or-20250602\" data-fig-type=\"Article\" data-gtm-custom-categorie=\"navigation\" data-gtm-custom-action=\"crossclick\" data-gtm-custom-label=\"Contextuel\" data-gtm-event=\"customEventSPE\" data-fig-domain=\"LEFIGARO\" target=\"_blank\" rel=\"noopener\">Ousmane Demb\u00e9l\u00e9<\/a>, D\u00e9sir\u00e9 Dou\u00e9, Bradley Barcola, Warren Za\u00efre-Emery et Lucas Hernandez ont \u00e9t\u00e9 accueillis comme il se doit par leurs partenaires et le staff de l\u2019\u00e9quipe de France. \u00abOn a rendu fier le peuple parisien et le France\u00bb, a salu\u00e9 Demb\u00e9l\u00e9, \u00e9lu meilleur joueur de la Ligue des champions cette saison et candidat plus que cr\u00e9dible au Ballon d\u2019Or. Place \u00e0 un autre grand match.<\/p>\n<p class=\"fig-paragraph\">Assis \u00e0 c\u00f4t\u00e9 de Kylian Mbapp\u00e9 durant le d\u00eener, Demb\u00e9l\u00e9 sera forc\u00e9ment tr\u00e8s attendu jeudi soir pour\u00a0<a href=\"http:\/\/www.lefigaro.fr\/sports\/football\/ligue-des-nations\/france-espagne-a-quelle-heure-et-sur-quelle-chaine-regarder-la-demi-finale-des-bleus-20250602\" data-fig-type=\"NewsFlash\" data-gtm-custom-categorie=\"navigation\" data-gtm-custom-action=\"crossclick\" data-gtm-custom-label=\"Contextuel\" data-gtm-event=\"customEventSPE\" data-fig-domain=\"LEFIGARO\" target=\"_blank\" rel=\"noopener\">d\u00e9fier l\u2019Espagne (21h)<\/a>, bourreau des Bleus en demi-finale de l\u2019Euro l\u2019\u00e9t\u00e9 dernier, toujours en Allemagne. Didier Deschamps a tenu \u00e0 faire applaudir les Parisiens, saluant leur parcours et un palmar\u00e8s qui se remplit, sous les yeux d\u2019un\u00a0<a href=\"http:\/\/www.lefigaro.fr\/sports\/football\/ligue-des-champions\/les-notes-du-psg-face-a-l-inter-doue-phenomenal-vitinha-exceptionnel-dembele-delicieux-dans-un-collectif-magique-20250531\" data-fig-type=\"NewsFlash\" data-gtm-custom-categorie=\"navigation\" data-gtm-custom-action=\"crossclick\" data-gtm-custom-label=\"Contextuel\" data-gtm-event=\"customEventSPE\" data-fig-domain=\"LEFIGARO\" target=\"_blank\" rel=\"noopener\">Benjamin Pavard<\/a>\u00a0arriv\u00e9 tout en noir \u00e0 Clairefontaine et qui avait du mal \u00e0 cacher sa d\u00e9ception l\u00e9gitime apr\u00e8s l\u2019humiliation subie en finale. Idem pour Marcus Thuram.<\/p>\n<p class=\"fig-body-link\">\n            \u00c0 lire aussi<br \/>\n        <a class=\"fig-body-link__link\" href=\"http:\/\/www.lefigaro.fr\/sports\/football\/ligue-des-nations\/c-est-sa-route-que-je-veux-emprunter-fan-de-zidane-cherki-se-livre-avant-ses-debuts-en-bleu-20250602\" data-fig-type=\"NewsFlash\" data-gtm-custom-categorie=\"navigation\" data-gtm-custom-action=\"crossclick\" data-gtm-custom-label=\"Contextuel\" data-gtm-event=\"customEventSPE\" data-fig-domain=\"LEFIGARO\" target=\"_blank\" rel=\"noopener\">\u00abC\u2019est sa route que je veux emprunter\u00bb\u00a0: fan de Zidane, Cherki se livre avant ses d\u00e9buts en Bleu<br \/>\n    <\/a>\n<\/p>\n<p>A peine le temps de souffler, retour en Allemagne d\u00e8s mercredi<\/p>\n<p class=\"fig-paragraph\">Le s\u00e9lectionneur des vice-champions du monde a de suite ax\u00e9 son discours sur le rendez-vous important face aux Espagnols dans un rassemblement express puisque les Bleus s\u2019envoleront pour Stuttgart mercredi \u00e0 la veille d\u2019un nouveau d\u00e9fi. \u00abNous sommes au complet pour la bataille\u00bb, a tenu \u00e0 rappeler Deschamps, conscient de devoir jongler avec un calendrier peu propice \u00e0 la r\u00e9cup\u00e9ration. Ainsi va la vie d\u2019une s\u00e9lection nationale en 2025.<\/p>\n","protected":false},"excerpt":{"rendered":"Apr\u00e8s le sacre l\u00e9gendaire du PSG, les cinq champions d\u2019Europe sont d\u00e9sormais chez les Bleus pour le choc&hellip;\n","protected":false},"author":2,"featured_media":148480,"comment_status":"","ping_status":"","sticky":false,"template":"","format":"standard","meta":{"footnotes":""},"categories":[1411],"tags":[672,828,525,8976,1154,207,123,1011,27,3022,23733,955,23734,6996,1980,60,455],"class_list":{"0":"post-148479","1":"post","2":"type-post","3":"status-publish","4":"format-standard","5":"has-post-thumbnail","7":"category-cyclisme","8":"tag-allemagne","9":"tag-belgique","10":"tag-calendrier","11":"tag-classements","12":"tag-cycling","13":"tag-cyclisme","14":"tag-espagne","15":"tag-fr","16":"tag-france","17":"tag-ligue","18":"tag-ligue-des-nations","19":"tag-match","20":"tag-match-en-direct","21":"tag-portugal","22":"tag-resultats","23":"tag-sports","24":"tag-uefa"},"share_on_mastodon":{"url":"https:\/\/pubeurope.com\/@fr\/114618559801750164","error":""},"_links":{"self":[{"href":"https:\/\/www.europesays.com\/fr\/wp-json\/wp\/v2\/posts\/148479","targetHints":{"allow":["GET"]}}],"collection":[{"href":"https:\/\/www.europesays.com\/fr\/wp-json\/wp\/v2\/posts"}],"about":[{"href":"https:\/\/www.europesays.com\/fr\/wp-json\/wp\/v2\/types\/post"}],"author":[{"embeddable":true,"href":"https:\/\/www.europesays.com\/fr\/wp-json\/wp\/v2\/users\/2"}],"replies":[{"embeddable":true,"href":"https:\/\/www.europesays.com\/fr\/wp-json\/wp\/v2\/comments?post=148479"}],"version-history":[{"count":0,"href":"https:\/\/www.europesays.com\/fr\/wp-json\/wp\/v2\/posts\/148479\/revisions"}],"wp:featuredmedia":[{"embeddable":true,"href":"https:\/\/www.europesays.com\/fr\/wp-json\/wp\/v2\/media\/148480"}],"wp:attachment":[{"href":"https:\/\/www.europesays.com\/fr\/wp-json\/wp\/v2\/media?parent=148479"}],"wp:term":[{"taxonomy":"category","embeddable":true,"href":"https:\/\/www.europesays.com\/fr\/wp-json\/wp\/v2\/categories?post=148479"},{"taxonomy":"post_tag","embeddable":true,"href":"https:\/\/www.europesays.com\/fr\/wp-json\/wp\/v2\/tags?post=148479"}],"curies":[{"name":"wp","href":"https:\/\/api.w.org\/{rel}","templated":true}]}}