{"id":148483,"date":"2025-06-03T08:47:09","date_gmt":"2025-06-03T08:47:09","guid":{"rendered":"https:\/\/www.europesays.com\/fr\/148483\/"},"modified":"2025-06-03T08:47:09","modified_gmt":"2025-06-03T08:47:09","slug":"damiano-david-en-solo-moque-et-lache-par-des-fans-de-maneskin","status":"publish","type":"post","link":"https:\/\/www.europesays.com\/fr\/148483\/","title":{"rendered":"Damiano David en solo moqu\u00e9 et l\u00e2ch\u00e9 par des fans de Maneskin"},"content":{"rendered":"<p>Damiano David rencontre aussi le succ\u00e8s en solo. Le premier album du chanteur du groupe italien Maneskin, Funny Little Fears, est entr\u00e9 \u00e0 la deuxi\u00e8me place des meilleures ventes en France et demeure, pour sa deuxi\u00e8me semaine d\u2019exploitation, dans le top 10 &#8211; en huiti\u00e8me position. Les premiers singles, Silverlines, Born With a Broken Heart et Next Summer font le tour des radios et r\u00e9sonnent largement sur les r\u00e9seaux sociaux.<\/p>\n<p>Le tableau serait idyllique pour l\u2019artiste italien de 26 ans si une partie de ses fans n\u2019\u00e9tait pas en train de se retourner contre lui\u2026 Un grand nombre lui reproche d\u2019avoir livr\u00e9 un album r\u00e9solument pop. En commentaire d\u2019un extrait de clip post\u00e9 par <a href=\"https:\/\/www.tiktok.com\/@sonymusicuk\/video\/7429761340471905569?_t=ZN-8ws0sKnPtGI&amp;_r=1\" rel=\"nofollow noopener\" target=\"_blank\" class=\"color-ultramarine c-link\">la branche britannique de Sony Music sur TikTok<\/a>, des internautes commentent en comparant ce que propose Damiano David \u00e0 une copie de <a href=\"https:\/\/www.20minutes.fr\/arts-stars\/people\/harry-styles\/\" class=\"color-ultramarine c-link\" target=\"_blank\" rel=\"noopener\">Harry Styles<\/a>, \u00e0 du Benson Boone ou \u00e0 du Sabrina Carpenter.<\/p>\n<p>\u00ab\u00a0Rock\u2019n\u2019roll never dies\u00a0!\u00a0\u00bb<\/p>\n<p>\u00ab\u00a0Soit il jouait un r\u00f4le avant, soit il en joue un maintenant, mais, quoi qu\u2019il en soit, il ne peut pas \u00eatre authentiquement lui-m\u00eame dans les deux cas\u00a0\u00bb, \u00e9crit une autre internaute. Cette derni\u00e8re r\u00e9sume ce que pensent les n\u00e9od\u00e9tracteurs de Damiano David\u00a0: il semble loin le temps o\u00f9 il hurlait dans le micro \u00ab\u00a0rock\u2019n\u2019roll never dies\u00a0!\u00a0\u00bb, \u00ab\u00a0le rock\u2019n\u2019roll ne meurt jamais\u00a0\u00bb. C\u2019\u00e9tait en mai\u00a02021, juste apr\u00e8s avoir remport\u00e9 l\u2019<a href=\"https:\/\/www.20minutes.fr\/arts-stars\/culture\/eurovision\/\" class=\"color-ultramarine c-link\" target=\"_blank\" rel=\"noopener\">Eurovision<\/a> avec Maneskin et la chanson Zitti e Buoni, devant la Fran\u00e7aise <a href=\"https:\/\/www.20minutes.fr\/dossier\/barbara-pravi\" class=\"color-ultramarine c-link\" target=\"_blank\" rel=\"noopener\">Barbara Pravi<\/a>.<\/p>\n<p>Cette victoire a \u00e9t\u00e9 un v\u00e9ritable tremplin \u00e0 l\u2019international pour le groupe italien, invit\u00e9 quelques mois plus tard \u00e0 assurer la premi\u00e8re partie d\u2019un concert des <a href=\"https:\/\/www.20minutes.fr\/dossier\/rolling_stones\" class=\"color-ultramarine c-link\" target=\"_blank\" rel=\"noopener\">Rolling Stones<\/a>. Leur troisi\u00e8me opus, Rush, sorti en\u00a02023, s\u2019est class\u00e9 num\u00e9ro\u00a01 en France, en Belgique, aux Pays-Bas et s\u2019est fait une place dans les tops 10 en Allemagne, au Canada et au Japon.<\/p>\n<p>Les n\u00e9o-haters de l\u2019Italien ne se privent ainsi pas de faire des montages en faisant se succ\u00e9der des archives de sa \u00ab\u00a0rock\u2019n\u2019roll attitude\u00a0\u00bb et un extrait d\u2019un de ses nouveaux titres, <a href=\"https:\/\/www.youtube.com\/watch?v=Gma3vQqT2fE\" rel=\"nofollow noopener\" target=\"_blank\" class=\"color-ultramarine c-link\">Tango<\/a>, o\u00f9 il chantonne b\u00e9atement des \u00ab\u00a0shoo-bee-doo-bee-doo-ba-doo-ba-doo-ba\u00a0\u00bb et des \u00ab\u00a0doo-bee-doo-bee-doo-bee-doo\u00a0\u00bb en outro\u2026<\/p>\n<p>Des pr\u00e9c\u00e9dents<\/p>\n<p>Damiano David vit d\u00e9sormais en Californie avec l\u2019actrice et chanteuse Dove Cameron. Une partie de son public voit dans cette relation, entamm\u00e9e l\u2019automne\u00a02023, l\u2019une des explications de sa r\u00e9orientation musicale et esth\u00e9tique. \u00ab\u00a0Je pense qu\u2019il n\u2019a aucune identit\u00e9 propre sans ses petites amies. Il est le miroir de la personne avec laquelle il sort parce qu\u2019il n\u2019a pas confiance en lui. Quand il sort avec son ex rock [la mannequin et cr\u00e9atrice de contenus Giorgia Soleri], il forme un groupe de rock [\u2026], quand il sort avec Dove Cameron, il d\u00e9m\u00e9nage \u00e0 Los Angeles et fait de la soupe pop pour les radios\u00a0\u00bb, cingle une Tiktokeuse.<\/p>\n<p>Qu\u2019un artiste \u00e9volue ou op\u00e8re un virage plus ou moins radical dans sa carri\u00e8re musicale est loin d\u2019\u00eatre une nouveaut\u00e9. Dans les ann\u00e9es\u00a01960, <a href=\"https:\/\/www.20minutes.fr\/dossier\/bob_dylan\" class=\"color-ultramarine c-link\" target=\"_blank\" rel=\"noopener\">Bob Dylan<\/a> avait d\u00e9concert\u00e9 une partie de son public en d\u00e9laissant le folk traditionnel pour s\u2019int\u00e9resser davantage au rock. <a href=\"https:\/\/www.20minutes.fr\/arts-stars\/people\/taylor_swift\/\" class=\"color-ultramarine c-link\" target=\"_blank\" rel=\"noopener\">Taylor Swift<\/a>, elle, a commenc\u00e9 dans la country avant de se tourner vers une pop plus universelle. M\u00eame Aliz\u00e9e avait tent\u00e9 une mue. Pour s\u2019affranchir des chansons sucr\u00e9es \u00e0 succ\u00e8s compos\u00e9es par le duo Farmer\/Boutonnat, en livrant Une enfant du si\u00e8cle un concept album sur Edie Sedgwick avec des sonorit\u00e9s \u00e9lectros plus matures &#8211; une r\u00e9ussite musicale, un flop commercial\u2026<\/p>\n<p>Rappelons \u00e9galement que Maneskin, tout rock soit-il, s\u2019est longtemps inscrit dans un sillon commercial et grand public. R\u00e9v\u00e9l\u00e9 dans le t\u00e9l\u00e9crochet \u00ab\u00a0X Factor\u00a0\u00bb \u00e0 la t\u00e9l\u00e9vision italienne en\u00a02017, le groupe a ensuite sign\u00e9 chez Sony\u2026 On est loin de la contre-culture et de la subversion totale.<\/p>\n<\/p>\n<p>\u00ab\u00a0Et si vous fermiez vos gueules\u00a0?\u00a0\u00bb<\/p>\n<p>Damiano David, lui, assume son tournant pop. \u00ab\u00a0J\u2019ai l\u2019impression que mes inspirations principales, ce sont ces peurs qui me bloquaient dans la vie. Je devais sauter dans une nouvelle \u00e9tape de ma vie. Et j\u2019ai surpass\u00e9 beaucoup de ces peurs en faisant l\u2019album\u00a0\u00bb, <a href=\"https:\/\/www.rtl.be\/people\/news\/ces-peurs-qui-me-bloquaient-dans-la-vie-damiano-david-se-revele-dans-son-premier\/2025-05-27\/article\/751168\" rel=\"nofollow noopener\" target=\"_blank\" class=\"color-ultramarine c-link\">a-t-il confi\u00e9<\/a>, comme apais\u00e9. A <a href=\"https:\/\/www.gqmagazine.fr\/article\/damiano-david-maneskin-interview-gq\" rel=\"nofollow noopener\" target=\"_blank\" class=\"color-ultramarine c-link\">GQ<\/a>, il a d\u00e9clar\u00e9\u00a0: \u00ab\u00a0Quand je jouais du rock, je cherchais \u00e0 obtenir une r\u00e9action du public, c\u2019\u00e9tait \u00e7a mon carburant. Alors qu\u2019avec la pop, je peux davantage \u00eatre moi-m\u00eame.\u00a0\u00bb<\/p>\n<p><a href=\"https:\/\/www.20minutes.fr\/arts-stars\/culture\/musique\/\" class=\"c-link c-btn c-btn--primary\" target=\"_blank\" rel=\"noopener\">Nos articles Musique<\/a><\/p>\n<p>La semaine derni\u00e8re, l\u2019Italien a post\u00e9 une vid\u00e9o semblant faire office de r\u00e9ponses \u00e0 ses anciens adorateurs devenus ses pourfendeurs. Il se filme en mode selfie avec sa chanson The First Time en bande-son. Une question appara\u00eet sur l\u2019\u00e9cran\u00a0: \u00ab\u00a0What if u stfu and just enjoy a love song\u00a0?\u00a0\u00bb Autrement dit\u00a0: \u00ab\u00a0Et si vous fermiez vos gueules et appr\u00e9ciiez simplement une chanson d\u2019amour\u00a0?\u00a0\u00bb Rock\u2019n\u2019roll\u2026<\/p>\n<p><script async src=\"\/\/www.tiktok.com\/embed.js\"><\/script><\/p>\n","protected":false},"excerpt":{"rendered":"Damiano David rencontre aussi le succ\u00e8s en solo. Le premier album du chanteur du groupe italien Maneskin, Funny&hellip;\n","protected":false},"author":2,"featured_media":148484,"comment_status":"","ping_status":"","sticky":false,"template":"","format":"standard","meta":{"footnotes":""},"categories":[1359],"tags":[251,58,59,1011,27,452,873,973,10044,7040],"class_list":{"0":"post-148483","1":"post","2":"type-post","3":"status-publish","4":"format-standard","5":"has-post-thumbnail","7":"category-people","8":"tag-culture","9":"tag-divertissement","10":"tag-entertainment","11":"tag-fr","12":"tag-france","13":"tag-italie","14":"tag-musique","15":"tag-people","16":"tag-pop","17":"tag-rock"},"share_on_mastodon":{"url":"https:\/\/pubeurope.com\/@fr\/114618567432891997","error":""},"_links":{"self":[{"href":"https:\/\/www.europesays.com\/fr\/wp-json\/wp\/v2\/posts\/148483","targetHints":{"allow":["GET"]}}],"collection":[{"href":"https:\/\/www.europesays.com\/fr\/wp-json\/wp\/v2\/posts"}],"about":[{"href":"https:\/\/www.europesays.com\/fr\/wp-json\/wp\/v2\/types\/post"}],"author":[{"embeddable":true,"href":"https:\/\/www.europesays.com\/fr\/wp-json\/wp\/v2\/users\/2"}],"replies":[{"embeddable":true,"href":"https:\/\/www.europesays.com\/fr\/wp-json\/wp\/v2\/comments?post=148483"}],"version-history":[{"count":0,"href":"https:\/\/www.europesays.com\/fr\/wp-json\/wp\/v2\/posts\/148483\/revisions"}],"wp:featuredmedia":[{"embeddable":true,"href":"https:\/\/www.europesays.com\/fr\/wp-json\/wp\/v2\/media\/148484"}],"wp:attachment":[{"href":"https:\/\/www.europesays.com\/fr\/wp-json\/wp\/v2\/media?parent=148483"}],"wp:term":[{"taxonomy":"category","embeddable":true,"href":"https:\/\/www.europesays.com\/fr\/wp-json\/wp\/v2\/categories?post=148483"},{"taxonomy":"post_tag","embeddable":true,"href":"https:\/\/www.europesays.com\/fr\/wp-json\/wp\/v2\/tags?post=148483"}],"curies":[{"name":"wp","href":"https:\/\/api.w.org\/{rel}","templated":true}]}}