{"id":148505,"date":"2025-06-03T08:58:11","date_gmt":"2025-06-03T08:58:11","guid":{"rendered":"https:\/\/www.europesays.com\/fr\/148505\/"},"modified":"2025-06-03T08:58:11","modified_gmt":"2025-06-03T08:58:11","slug":"au-moins-24-morts-lors-dune-distribution-alimentaire-larmee-israelienne-reconnait-avoir-tire-des-coups-de-semonce","status":"publish","type":"post","link":"https:\/\/www.europesays.com\/fr\/148505\/","title":{"rendered":"au moins 24 morts lors d\u2019une distribution alimentaire, l\u2019arm\u00e9e isra\u00e9lienne reconna\u00eet avoir \u00abtir\u00e9 des coups de semonce\u00bb"},"content":{"rendered":"<p role=\"heading\" aria-level=\"3\">La Fondation humanitaire de Gaza (GHF) affirme que la distribution d\u2019aide s\u2019est d\u00e9roul\u00e9e \u00absans incident\u00bb<\/p>\n<p class=\"fig-paragraph\">Les tirs ont eu lieu sur des civils qui s\u2019\u00e9taient rassembl\u00e9s pr\u00e8s du rond-point Al-Alam, dans la r\u00e9gion d\u2019Al-Mawassi,\u00a0<a href=\"https:\/\/www.lefigaro.fr\/international\/bombardement-a-rafah-israel-tente-de-reprendre-la-main-sur-le-terrain-de-la-communication-20240528\" target=\"_blank\" data-fig-type=\"Article\" rel=\"noopener\" data-gtm-custom-categorie=\"navigation\" data-gtm-custom-action=\"crossclick\" data-gtm-custom-label=\"Contextuel\" data-gtm-event=\"customEventSPE\" data-fig-domain=\"LEFIGARO\">au nord-ouest de Rafah<\/a>. Ce rond-point est situ\u00e9 \u00e0 environ un kilom\u00e8tre d\u2019un centre d\u2019aide g\u00e9r\u00e9 par la Fondation humanitaire de\u00a0<a href=\"http:\/\/www.lefigaro.fr\/international\/a-gaza-l-armee-israelienne-nie-avoir-tire-sur-la-foule-venue-chercher-de-l-aide-alimentaire-20250602\" target=\"_blank\" data-fig-type=\"Article\" rel=\"noopener\" data-gtm-custom-categorie=\"navigation\" data-gtm-custom-action=\"crossclick\" data-gtm-custom-label=\"Contextuel\" data-gtm-event=\"customEventSPE\" data-fig-domain=\"LEFIGARO\">Gaza<\/a>\u00a0(GHF).<\/p>\n<p class=\"fig-paragraph\">GHF a indiqu\u00e9 dans un communiqu\u00e9 que les op\u00e9rations sur son site s\u2019\u00e9taient d\u00e9roul\u00e9es en toute s\u00e9curit\u00e9 mardi. La Fondation a fait savoir \u00abne pas contr\u00f4ler la zone en dehors de [ses] sites de distribution et des environs, et [n\u2019avoir] aucune connaissance des activit\u00e9s des\u00a0[forces arm\u00e9es isra\u00e9liennes]\u00a0au-del\u00e0 de [son] p\u00e9rim\u00e8tre, qui est toujours une zone de guerre active\u00bb, rapporte le quotidien isra\u00e9lien Haaretz.<\/p>\n<p class=\"fig-paragraph\">\u00abAlors que la distribution de l\u2019aide s\u2019est d\u00e9roul\u00e9e en toute s\u00e9curit\u00e9 et sans incident sur notre site aujourd\u2019hui, nous comprenons que [Tsahal]\u00a0enqu\u00eate pour savoir si un certain nombre de civils ont \u00e9t\u00e9 bless\u00e9s apr\u00e8s s\u2019\u00eatre d\u00e9plac\u00e9s au-del\u00e0 du couloir de s\u00e9curit\u00e9 d\u00e9sign\u00e9 et dans une zone militaire ferm\u00e9e, ajoute-t-elle. l s\u2019agissait d\u2019une zone situ\u00e9e bien au-del\u00e0 de notre site de distribution s\u00e9curis\u00e9 et de notre zone d\u2019op\u00e9rations.\u00bb<\/p>\n<p class=\"fig-paragraph\">GHF est une organisation au financement opaque soutenue par les \u00c9tats-Unis et Isra\u00ebl, qui a d\u00e9but\u00e9 ses op\u00e9rations il y a un peu plus d\u2019une semaine et avec laquelle l\u2019ONU refuse de travailler en raison de pr\u00e9occupations concernant ses proc\u00e9d\u00e9s et sa neutralit\u00e9.<\/p>\n","protected":false},"excerpt":{"rendered":"La Fondation humanitaire de Gaza (GHF) affirme que la distribution d\u2019aide s\u2019est d\u00e9roul\u00e9e \u00absans incident\u00bb Les tirs ont&hellip;\n","protected":false},"author":2,"featured_media":148506,"comment_status":"","ping_status":"","sticky":false,"template":"","format":"standard","meta":{"footnotes":""},"categories":[5],"tags":[259,11,260,4628,1011,27,3519,14,664,261,12,262,28],"class_list":{"0":"post-148505","1":"post","2":"type-post","3":"status-publish","4":"format-standard","5":"has-post-thumbnail","7":"category-international","8":"tag-actualite-internationale","9":"tag-actualites","10":"tag-affaires-etrangeres","11":"tag-bande-de-gaza","12":"tag-fr","13":"tag-france","14":"tag-hamas","15":"tag-international","16":"tag-israel","17":"tag-ministere-des-affaires-etrangeres","18":"tag-news","19":"tag-politique-etrangere","20":"tag-world"},"share_on_mastodon":{"url":"https:\/\/pubeurope.com\/@fr\/114618610733484073","error":""},"_links":{"self":[{"href":"https:\/\/www.europesays.com\/fr\/wp-json\/wp\/v2\/posts\/148505","targetHints":{"allow":["GET"]}}],"collection":[{"href":"https:\/\/www.europesays.com\/fr\/wp-json\/wp\/v2\/posts"}],"about":[{"href":"https:\/\/www.europesays.com\/fr\/wp-json\/wp\/v2\/types\/post"}],"author":[{"embeddable":true,"href":"https:\/\/www.europesays.com\/fr\/wp-json\/wp\/v2\/users\/2"}],"replies":[{"embeddable":true,"href":"https:\/\/www.europesays.com\/fr\/wp-json\/wp\/v2\/comments?post=148505"}],"version-history":[{"count":0,"href":"https:\/\/www.europesays.com\/fr\/wp-json\/wp\/v2\/posts\/148505\/revisions"}],"wp:featuredmedia":[{"embeddable":true,"href":"https:\/\/www.europesays.com\/fr\/wp-json\/wp\/v2\/media\/148506"}],"wp:attachment":[{"href":"https:\/\/www.europesays.com\/fr\/wp-json\/wp\/v2\/media?parent=148505"}],"wp:term":[{"taxonomy":"category","embeddable":true,"href":"https:\/\/www.europesays.com\/fr\/wp-json\/wp\/v2\/categories?post=148505"},{"taxonomy":"post_tag","embeddable":true,"href":"https:\/\/www.europesays.com\/fr\/wp-json\/wp\/v2\/tags?post=148505"}],"curies":[{"name":"wp","href":"https:\/\/api.w.org\/{rel}","templated":true}]}}