{"id":148511,"date":"2025-06-03T09:01:09","date_gmt":"2025-06-03T09:01:09","guid":{"rendered":"https:\/\/www.europesays.com\/fr\/148511\/"},"modified":"2025-06-03T09:01:09","modified_gmt":"2025-06-03T09:01:09","slug":"loire-il-roulait-trop-vite-il-est-interpelle-avec-16-g-dalcool-en-centre-ville","status":"publish","type":"post","link":"https:\/\/www.europesays.com\/fr\/148511\/","title":{"rendered":"Loire. Il roulait trop vite, il est interpell\u00e9 avec 1,6\u00a0g d\u2019alcool en centre-ville"},"content":{"rendered":"<p>L\u2019histoire ne dit pas si cet homme avait pris un peu d\u2019avance pour c\u00e9l\u00e9brer la victoire du PSG en finale de la Ligue des champions de football. Reste que le 31\u00a0mai, vers 4 heures du matin, un \u00e9quipage de police secours est interpell\u00e9 par la vitesse excessive d\u2019une Renault Twingo circulant dans le quartier de Badouill\u00e8re, \u00e0 quelques encablures du centre-ville de Saint-Etienne.<\/p>\n<p>Les fonctionnaires d\u00e9cident de faire souffler le conducteur de la petite citadine car une forte odeur d\u2019alcool s\u2019\u00e9chappe de l\u2019habitacle.<\/p>\n<p>  Le conducteur originaire de La Chapelle-d\u2019Aurec<\/p>\n<p>Sans surprise, le r\u00e9sultat est positif alors que l\u2019appareil annonce la pr\u00e9sence de 1,60 gramme d\u2019alcool par litre de sang. L\u2019homme, \u00e2g\u00e9 de 21 ans et r\u00e9sidant \u00e0 La Chapelle-d\u2019Aurec, en Haute-Loire, a \u00e9t\u00e9 interpell\u00e9 et plac\u00e9 en garde \u00e0 vue.<\/p>\n<p>\u00c0 l\u2019issue, il s\u2019est vu signifier une convocation devant le tribunal correctionnel de Saint-Etienne au cours des prochaines semaines.<\/p>\n","protected":false},"excerpt":{"rendered":"L\u2019histoire ne dit pas si cet homme avait pris un peu d\u2019avance pour c\u00e9l\u00e9brer la victoire du PSG&hellip;\n","protected":false},"author":2,"featured_media":148512,"comment_status":"","ping_status":"","sticky":false,"template":"","format":"standard","meta":{"footnotes":""},"categories":[9653],"tags":[1111,11,2430,271,272,7539,1777,674,274,107,1011,27,3367,12,25,4001,7538,104],"class_list":{"0":"post-148511","1":"post","2":"type-post","3":"status-publish","4":"format-standard","5":"has-post-thumbnail","7":"category-saint-etienne","8":"tag-actu","9":"tag-actualites","10":"tag-auvergne-rhone-alpes","11":"tag-crime","12":"tag-delit-et-contravention","13":"tag-edition-loire-sud","14":"tag-eu","15":"tag-europe","16":"tag-faits-divers-justice","17":"tag-fil-info","18":"tag-fr","19":"tag-france","20":"tag-loire","21":"tag-news","22":"tag-republique-francaise","23":"tag-saint-etienne","24":"tag-saint-etienne-ville","25":"tag-societe"},"share_on_mastodon":{"url":"https:\/\/pubeurope.com\/@fr\/114618622477250261","error":""},"_links":{"self":[{"href":"https:\/\/www.europesays.com\/fr\/wp-json\/wp\/v2\/posts\/148511","targetHints":{"allow":["GET"]}}],"collection":[{"href":"https:\/\/www.europesays.com\/fr\/wp-json\/wp\/v2\/posts"}],"about":[{"href":"https:\/\/www.europesays.com\/fr\/wp-json\/wp\/v2\/types\/post"}],"author":[{"embeddable":true,"href":"https:\/\/www.europesays.com\/fr\/wp-json\/wp\/v2\/users\/2"}],"replies":[{"embeddable":true,"href":"https:\/\/www.europesays.com\/fr\/wp-json\/wp\/v2\/comments?post=148511"}],"version-history":[{"count":0,"href":"https:\/\/www.europesays.com\/fr\/wp-json\/wp\/v2\/posts\/148511\/revisions"}],"wp:featuredmedia":[{"embeddable":true,"href":"https:\/\/www.europesays.com\/fr\/wp-json\/wp\/v2\/media\/148512"}],"wp:attachment":[{"href":"https:\/\/www.europesays.com\/fr\/wp-json\/wp\/v2\/media?parent=148511"}],"wp:term":[{"taxonomy":"category","embeddable":true,"href":"https:\/\/www.europesays.com\/fr\/wp-json\/wp\/v2\/categories?post=148511"},{"taxonomy":"post_tag","embeddable":true,"href":"https:\/\/www.europesays.com\/fr\/wp-json\/wp\/v2\/tags?post=148511"}],"curies":[{"name":"wp","href":"https:\/\/api.w.org\/{rel}","templated":true}]}}