{"id":148522,"date":"2025-06-03T09:07:08","date_gmt":"2025-06-03T09:07:08","guid":{"rendered":"https:\/\/www.europesays.com\/fr\/148522\/"},"modified":"2025-06-03T09:07:08","modified_gmt":"2025-06-03T09:07:08","slug":"pres-de-montpellier-un-detenu-poignarde-ce-lundi-soir-au-centre-penitentiaire-de-villeneuve-les-maguelone","status":"publish","type":"post","link":"https:\/\/www.europesays.com\/fr\/148522\/","title":{"rendered":"Pr\u00e8s de Montpellier. Un d\u00e9tenu poignard\u00e9 ce lundi soir au centre p\u00e9nitentiaire de Villeneuve-l\u00e8s-Maguelone"},"content":{"rendered":"<p>            Par<br \/>\n        <strong><br \/>\n            <a href=\"https:\/\/actu.fr\/auteur\/metropoop\" title=\"Consulter tous les articles de R\u00e9daction M\u00e9tropolitain\" target=\"_blank\" rel=\"noopener\">R\u00e9daction M\u00e9tropolitain<\/a><br \/>\n        <\/strong><\/p>\n<p>        Publi\u00e9 le<\/p>\n<p>            3 juin 2025 \u00e0 10h38<br \/>\n        ; mis \u00e0 jour le 3 juin 2025 \u00e0 10h39    <\/p>\n<p>Une <strong>grave agression <\/strong>a eu lieu au centre p\u00e9nitentiaire de <strong>Villeneuve-l\u00e8s-Maguelone<\/strong> ce lundi soir : un d\u00e9tenu de 45 ans a \u00e9t\u00e9 <strong>poignard\u00e9<\/strong> par l\u2019un de ses co-d\u00e9tenus. La victime a \u00e9t\u00e9 hospitalis\u00e9e rapidement.<\/p>\n<p>    <a href=\"https:\/\/www.google.com\/maps\/embed?pb=!1m18!1m12!1m3!1d46296.64770414358!2d3.8177252095420955!3d43.511920801874396!2m3!1f0!2f0!3f0!3m2!1i1024!2i768!4f13.1!3m3!1m2!1s0x12b6b1019f3ea2ed%3A0x6ae2b62911490237!2sVilleneuve-l%C3%A8s-Maguelone!5e0!3m2!1sfr!2sfr!4v1748939018929!5m2!1sfr!2sfr\" title=\"Ouvrie le lien\" target=\"_blank\" rel=\"noopener\">Cliquez ici pour visualiser le contenu<\/a><\/p>\n<p class=\" wall-content\">Lundi soir, au d\u00e9but du service de nuit, un appel interphonie provenant d\u2019une cellule du centre p\u00e9nitentiaire signale une <strong>violente bagarre<\/strong>. Un deuxi\u00e8me appel suit bient\u00f4t, indiquant la pr\u00e9sence d\u2019un <strong>couteau<\/strong> dans la cellule.<\/p>\n<p class=\" wall-content\">Le surveillant alerte alors imm\u00e9diatement le chef de poste, et une \u00e9quipe intervient. Ils d\u00e9couvrent en arrivant un d\u00e9tenu de 45 ans avec une plaie importante au niveau du flanc gauche. Il d\u00e9clare avoir \u00e9t\u00e9 poignard\u00e9 par l\u2019un de ses trois cod\u00e9tenus, un homme de 31 ans, pr\u00e9venu pour des faits de violence avec arme, ITT sup\u00e9rieure \u00e0 8 jours, recel et vol.<\/p>\n<p class=\" wall-content\">La victime a \u00e9t\u00e9 prise en charge d\u2019urgence et est actuellement <strong>hospitalis\u00e9e<\/strong> dans un \u00e9tat pr\u00e9occupant.<\/p>\n<p>Vid\u00e9os : en ce moment sur ActuLe syndicat d\u00e9nonce une situation intol\u00e9rable<\/p>\n<p class=\" wall-content\">Pour le syndicat Ufap-Unsa Justice du centre p\u00e9nitentiaire de Villeneuve-l\u00e8s-Maguelone, cet \u00e9pisode de violence refl\u00e8te une situation \u00ab\u00a0intol\u00e9rable\u00a0\u00bb d\u00e9nonc\u00e9e depuis des mois. \u00ab\u00a0Le centre est en situation de surpopulation carc\u00e9rale : 1086 hommes sont d\u00e9tenus alors que le quartier ne devrait pas en accueillir plus de 587\u00a0\u00bb (selon la capacit\u00e9 th\u00e9orique du centre).<\/p>\n<p class=\" wall-content\">\u00ab\u00a0Les cellules sont sur-occup\u00e9es, (on compte 176 matelas au sol), les tensions se multiplient et les violences explosent. Ce que nous craignions est d\u00e9sormais notre r\u00e9alit\u00e9 quotidienne un climat d\u2019ins\u00e9curit\u00e9 constant et croissant.<\/p>\n<p class=\" wall-content\">Aujourd\u2019hui, un d\u00e9tenu poignard\u00e9 avec un couteau Demain, qui sera la cible ? Un agent ? Un intervenant ext\u00e9rieur ? Un partenaire du priv\u00e9 ? Jusqu\u2019\u00e0 quand l\u2019administration p\u00e9nitentiaire va-t-elle ignorer l\u2019\u00e9vidence ?Le centre de Villeneuve va craquer dans l\u2019indiff\u00e9rence g\u00e9n\u00e9rale. L\u2019Ufap-Unsa Justice du centre p\u00e9nitentiaire de Villeneuve-l\u00e8s-Maguelone r\u00e9it\u00e8re l\u2019urgence absolue de d\u00e9sencombrer l\u2019\u00e9tablissement. Il est inadmissible que les agents continuent d\u2019exercer dans ce qui est devenu une v\u00e9ritable poudri\u00e8re.\u00a0\u00bb<\/p>\n<p class=\" wall-content\">L\u2019Ufap-Unsa justice du centre p\u00e9nitentiaire de Villeneuve-l\u00e8s-Maguelone exige une prise de conscience imm\u00e9diate des autorit\u00e9s et des mesures concr\u00e8tes de d\u00e9sengorgement. \u00ab\u00a0Les paroles condescendante ne suffisent plus, les agents veulent des actes pour assurer leur s\u00e9curit\u00e9. \u00ab Trop, c\u2019est trop. Le centre de Villeneuve-l\u00e8s-Maguelone ne peut continuer ainsi \u00bb d\u00e9nonce Marine Orengo.\u00a0\u00bb<\/p>\n<p class=\" wall-content\">Suivez toute l\u2019actualit\u00e9 de vos villes et m\u00e9dias favoris en vous inscrivant \u00e0 <a href=\"https:\/\/moncompte.actu.fr\" title=\"D\u00e9couvez Mon Actu\" rel=\"nofollow noopener\" data-trk=\"{&quot;cta&quot;:{&quot;action&quot;:&quot;https:\\\/\\\/moncompte.actu.fr&quot;,&quot;category&quot;:&quot;mon compte&quot;,&quot;from&quot;:&quot;article footer&quot;,&quot;name&quot;:&quot;Mon actu&quot;,&quot;type&quot;:&quot;cta&quot;}}\" target=\"_blank\">Mon Actu<\/a>.<\/p>\n","protected":false},"excerpt":{"rendered":"Par R\u00e9daction M\u00e9tropolitain Publi\u00e9 le 3 juin 2025 \u00e0 10h38 ; mis \u00e0 jour le 3 juin 2025&hellip;\n","protected":false},"author":2,"featured_media":148523,"comment_status":"","ping_status":"","sticky":false,"template":"","format":"standard","meta":{"footnotes":""},"categories":[9599],"tags":[1111,11,1777,674,118,1011,27,2208,12,2680,899,25],"class_list":{"0":"post-148522","1":"post","2":"type-post","3":"status-publish","4":"format-standard","5":"has-post-thumbnail","7":"category-montpellier","8":"tag-actu","9":"tag-actualites","10":"tag-eu","11":"tag-europe","12":"tag-faits-divers","13":"tag-fr","14":"tag-france","15":"tag-montpellier","16":"tag-news","17":"tag-occitanie","18":"tag-prisons","19":"tag-republique-francaise"},"share_on_mastodon":{"url":"https:\/\/pubeurope.com\/@fr\/114618646303725783","error":""},"_links":{"self":[{"href":"https:\/\/www.europesays.com\/fr\/wp-json\/wp\/v2\/posts\/148522","targetHints":{"allow":["GET"]}}],"collection":[{"href":"https:\/\/www.europesays.com\/fr\/wp-json\/wp\/v2\/posts"}],"about":[{"href":"https:\/\/www.europesays.com\/fr\/wp-json\/wp\/v2\/types\/post"}],"author":[{"embeddable":true,"href":"https:\/\/www.europesays.com\/fr\/wp-json\/wp\/v2\/users\/2"}],"replies":[{"embeddable":true,"href":"https:\/\/www.europesays.com\/fr\/wp-json\/wp\/v2\/comments?post=148522"}],"version-history":[{"count":0,"href":"https:\/\/www.europesays.com\/fr\/wp-json\/wp\/v2\/posts\/148522\/revisions"}],"wp:featuredmedia":[{"embeddable":true,"href":"https:\/\/www.europesays.com\/fr\/wp-json\/wp\/v2\/media\/148523"}],"wp:attachment":[{"href":"https:\/\/www.europesays.com\/fr\/wp-json\/wp\/v2\/media?parent=148522"}],"wp:term":[{"taxonomy":"category","embeddable":true,"href":"https:\/\/www.europesays.com\/fr\/wp-json\/wp\/v2\/categories?post=148522"},{"taxonomy":"post_tag","embeddable":true,"href":"https:\/\/www.europesays.com\/fr\/wp-json\/wp\/v2\/tags?post=148522"}],"curies":[{"name":"wp","href":"https:\/\/api.w.org\/{rel}","templated":true}]}}