{"id":148527,"date":"2025-06-03T09:10:14","date_gmt":"2025-06-03T09:10:14","guid":{"rendered":"https:\/\/www.europesays.com\/fr\/148527\/"},"modified":"2025-06-03T09:10:14","modified_gmt":"2025-06-03T09:10:14","slug":"un-nouveau-radar-temporaire-va-etre-installe-a-rouen-car-les-conducteurs-roulent-trop-vite","status":"publish","type":"post","link":"https:\/\/www.europesays.com\/fr\/148527\/","title":{"rendered":"Un nouveau radar (temporaire) va \u00eatre install\u00e9 \u00e0 Rouen car les conducteurs roulent trop vite"},"content":{"rendered":"<p>            Par<br \/>\n        <strong><br \/>\n            <a href=\"https:\/\/actu.fr\/auteur\/laredaction\" title=\"Consulter tous les articles de R\u00e9daction Normandie\" target=\"_blank\" rel=\"noopener\">R\u00e9daction Normandie<\/a><br \/>\n        <\/strong><\/p>\n<p>        Publi\u00e9 le<\/p>\n<p>            3 juin 2025 \u00e0 10h53        <\/p>\n<p>Depuis quelques mois, <a href=\"https:\/\/actu.fr\/normandie\/rouen_76540\/a-rouen-ca-pousse-fort-pour-accoucher-du-raccordement-de-la-sud-3-au-pont-flaubert_61479774.html\" target=\"_blank\" rel=\"noopener\">le chantier de raccordement du pont Flaubert \u00e0 l\u2019A13 \u00e0 Rouen<\/a>, am\u00e8ne les conducteurs<strong> \u00e0 r\u00e9duire leur vitesse \u00e0 50 km\/h jusqu\u2019\u00e0 la fin des travaux<\/strong> d\u2019am\u00e9nagement des acc\u00e8s d\u00e9finitifs. Du moins en th\u00e9orie puisque la limitation n\u2019est pas suffisamment respect\u00e9e au go\u00fbt de la pr\u00e9fecture,<strong> qui a fait installer un radar.<\/strong><\/p>\n<p>Trop d\u2019exc\u00e8s de vitesse pr\u00e8s du pont Flaubert : un radar arrive<\/p>\n<p class=\" wall-content\">Si ce choix para\u00eet logique, avec \u00ab\u00a0la pr\u00e9sence de glissi\u00e8res provisoires, une circulation sur deux voies de largeur r\u00e9duite ou encore la pr\u00e9sence d\u2019\u00e9crans acoustiques provisoires limitant les distances de visibilit\u00e9s pour les usagers circulant sur la nouvelle voie\u00a0\u00bb, <strong>certains ne respectent pas la vitesse impos\u00e9e<\/strong>, selon un communiqu\u00e9 de la pr\u00e9fecture.<\/p>\n<p class=\" wall-content\">Le suivi des conditions de circulation a permis de mettre en lumi\u00e8re les exc\u00e8s de vitesse de nombreux v\u00e9hicules, verbalis\u00e9s par la suite pour \u00ab\u00a0avoir conduit <strong>entre 80 et 90 km\/h<\/strong>, voire au-del\u00e0\u00a0\u00bb. C\u2019est pourquoi, la mise en service de ce radar autonome est plus que n\u00e9cessaire afin de \u00ab\u00a0pr\u00e9server la s\u00e9curit\u00e9 du chantier, de jour comme de nuit\u00a0\u00bb, toujours d\u2019apr\u00e8s le pr\u00e9fet.<\/p>\n<p>50 km\/h aujourd\u2019hui, 70 km\/h \u00e0 la fin du chantier<\/p>\n<p class=\" wall-content\">Jusqu\u2019\u00e0 ce jour, les conducteurs doivent respecter la limitation de vitesse impos\u00e9e. Ce n\u2019est qu\u2019\u00e0 l\u2019issue des travaux, que la vitesse maximale autoris\u00e9e sur cette section <strong>sera relev\u00e9e \u00e0 70 km\/h.<\/strong><\/p>\n<p class=\" wall-content\"><strong>Ivanna Razafindrazaka<\/strong><\/p>\n<p>Suivez l\u2019actualit\u00e9 de Rouen <a href=\"https:\/\/www.whatsapp.com\/channel\/0029VaKfnf99hXF2ddApFB1D\" target=\"_blank\" rel=\"noopener\">sur notre cha\u00eene WhatsApp<\/a> et <a href=\"https:\/\/www.tiktok.com\/@76actu.fr?lang=fr\" target=\"_blank\" rel=\"noopener\">sur notre compte TikTok<\/a>Vid\u00e9os : en ce moment sur Actu<\/p>\n<p class=\" wall-content\">Suivez toute l\u2019actualit\u00e9 de vos villes et m\u00e9dias favoris en vous inscrivant \u00e0 <a href=\"https:\/\/moncompte.actu.fr\" title=\"D\u00e9couvez Mon Actu\" rel=\"nofollow noopener\" data-trk=\"{&quot;cta&quot;:{&quot;action&quot;:&quot;https:\\\/\\\/moncompte.actu.fr&quot;,&quot;category&quot;:&quot;mon compte&quot;,&quot;from&quot;:&quot;article footer&quot;,&quot;name&quot;:&quot;Mon actu&quot;,&quot;type&quot;:&quot;cta&quot;}}\" target=\"_blank\">Mon Actu<\/a>.<\/p>\n<p>                    <script async src=\"\/\/www.tiktok.com\/embed.js\"><\/script><\/p>\n","protected":false},"excerpt":{"rendered":"Par R\u00e9daction Normandie Publi\u00e9 le 3 juin 2025 \u00e0 10h53 Depuis quelques mois, le chantier de raccordement du&hellip;\n","protected":false},"author":2,"featured_media":148528,"comment_status":"","ping_status":"","sticky":false,"template":"","format":"standard","meta":{"footnotes":""},"categories":[9587],"tags":[1111,11,1777,674,1011,27,803,12,5161,3940,6957,25,9590,104],"class_list":{"0":"post-148527","1":"post","2":"type-post","3":"status-publish","4":"format-standard","5":"has-post-thumbnail","7":"category-rouen","8":"tag-actu","9":"tag-actualites","10":"tag-eu","11":"tag-europe","12":"tag-fr","13":"tag-france","14":"tag-info-trafic","15":"tag-news","16":"tag-normandie","17":"tag-pont-gustave-flaubert","18":"tag-radars","19":"tag-republique-francaise","20":"tag-rouen","21":"tag-societe"},"share_on_mastodon":{"url":"https:\/\/pubeurope.com\/@fr\/114618657857789234","error":""},"_links":{"self":[{"href":"https:\/\/www.europesays.com\/fr\/wp-json\/wp\/v2\/posts\/148527","targetHints":{"allow":["GET"]}}],"collection":[{"href":"https:\/\/www.europesays.com\/fr\/wp-json\/wp\/v2\/posts"}],"about":[{"href":"https:\/\/www.europesays.com\/fr\/wp-json\/wp\/v2\/types\/post"}],"author":[{"embeddable":true,"href":"https:\/\/www.europesays.com\/fr\/wp-json\/wp\/v2\/users\/2"}],"replies":[{"embeddable":true,"href":"https:\/\/www.europesays.com\/fr\/wp-json\/wp\/v2\/comments?post=148527"}],"version-history":[{"count":0,"href":"https:\/\/www.europesays.com\/fr\/wp-json\/wp\/v2\/posts\/148527\/revisions"}],"wp:featuredmedia":[{"embeddable":true,"href":"https:\/\/www.europesays.com\/fr\/wp-json\/wp\/v2\/media\/148528"}],"wp:attachment":[{"href":"https:\/\/www.europesays.com\/fr\/wp-json\/wp\/v2\/media?parent=148527"}],"wp:term":[{"taxonomy":"category","embeddable":true,"href":"https:\/\/www.europesays.com\/fr\/wp-json\/wp\/v2\/categories?post=148527"},{"taxonomy":"post_tag","embeddable":true,"href":"https:\/\/www.europesays.com\/fr\/wp-json\/wp\/v2\/tags?post=148527"}],"curies":[{"name":"wp","href":"https:\/\/api.w.org\/{rel}","templated":true}]}}