{"id":148535,"date":"2025-06-03T09:16:10","date_gmt":"2025-06-03T09:16:10","guid":{"rendered":"https:\/\/www.europesays.com\/fr\/148535\/"},"modified":"2025-06-03T09:16:10","modified_gmt":"2025-06-03T09:16:10","slug":"des-difficultes-dacces-jusqua-fin-aout-a-cause-de-travaux","status":"publish","type":"post","link":"https:\/\/www.europesays.com\/fr\/148535\/","title":{"rendered":"des difficult\u00e9s d&rsquo;acc\u00e8s jusqu&rsquo;\u00e0 fin ao\u00fbt \u00e0 cause de travaux"},"content":{"rendered":"<p>            Par<br \/>\n        <strong><br \/>\n            <a href=\"https:\/\/actu.fr\/auteur\/ivan-capecchi\" title=\"Consulter tous les articles de Ivan CAPECCHI\" rel=\"nofollow noopener\" target=\"_blank\">Ivan CAPECCHI<\/a><br \/>\n        <\/strong><\/p>\n<p>        Publi\u00e9 le<\/p>\n<p>            3 juin 2025 \u00e0 9h28        <\/p>\n<p>Des <strong>perturbations<\/strong> notables sont \u00e0 pr\u00e9voir dans le secteur du <a href=\"https:\/\/actu.fr\/grand-est\/geispolsheim_67152\/centre-commercial-la-vigie-pres-de-strasbourg-le-probleme-des-bouchons-bientot-resolu_60562992.html\" rel=\"nofollow noopener\" target=\"_blank\">centre commercial La Vigie<\/a>, au sud de <strong>Strasbourg<\/strong>, en raison de <a href=\"https:\/\/actu.fr\/tag\/travaux\" rel=\"nofollow noopener\" target=\"_blank\">travaux<\/a> de r\u00e9am\u00e9nagement engag\u00e9s depuis le lundi 19 mai 2025, comme le rappelle <strong>Info Trafic Bas-Rhin (ITBR 67)<\/strong> sur sa page Facebook.<\/p>\n<p class=\" wall-content\">Le <strong>chantier<\/strong>, qui s\u2019\u00e9tendra <strong>jusqu\u2019au dimanche 31 ao\u00fbt<\/strong>, impactera progressivement la <strong>circulation<\/strong>, avec des <strong>phases de fermeture partielle ou totale de certains axes<\/strong>.<\/p>\n<p>Fermetures d\u00e8s le 3 juin autour du rond-point KFC\/Burger King<\/p>\n<p class=\" wall-content\">\u00c0 compter de ce mardi 3 juin et jusqu\u2019au lundi 14 juillet, la phase 2 des travaux entra\u00eenera la <strong>fermeture de la rue de Lingolsheim (M222)<\/strong> et de la voie verte au niveau du rond-point situ\u00e9 entre les enseignes <strong>KFC<\/strong> et <a href=\"https:\/\/actu.fr\/lifestyle\/burger-king-devoile-ses-burgers-exclusifs-au-grand-est-voici-l-ingredient-emblematique-qu-ils-ont-choisi_62542789.html\" rel=\"nofollow noopener\" target=\"_blank\">Burger King<\/a>.<\/p>\n<p class=\" wall-content\">Ce rond-point, point n\u00e9vralgique de la zone, sera lui-m\u00eame \u00ab\u00a0<strong>partiellement ferm\u00e9<\/strong>\u00ab\u00a0, indique ITBR 67.<\/p>\n<p class=\" wall-content\">Par ailleurs, les automobilistes arrivant de la <a href=\"https:\/\/actu.fr\/grand-est\/strasbourg_67482\/strasbourg-de-nouveaux-panneaux-font-leur-apparition-sur-la-m35_61897507.html\" rel=\"nofollow noopener\" target=\"_blank\">M35<\/a> depuis Strasbourg ne peuvent plus acc\u00e9der directement au rond-point de la Vigie. Le shunt (bretelle) vers Ostwald et le nord de la zone commerciale reste en revanche <strong>ouvert<\/strong>.<\/p>\n<p>Les d\u00e9viations mises en place<\/p>\n<p class=\" wall-content\">Plusieurs <strong>itin\u00e9raires alternatifs<\/strong> ont \u00e9t\u00e9 mis en place pour contourner les zones ferm\u00e9es :<\/p>\n<ul class=\" wall-content\">\n<li>Pour les usagers venant de Strasbourg, la <strong>d\u00e9viation vers la M35 se fait via la rue du Fort puis la M83<\/strong>.<\/li>\n<li>Pour rejoindre la M35 en direction de Colmar, il faut <strong>emprunter la rocade Sud<\/strong>.<\/li>\n<li>En raison de la fermeture de la M222, les <strong>d\u00e9viations par Ostwald et Lingolsheim sont maintenues durant toute cette phase<\/strong>.<\/li>\n<\/ul>\n<p>Des difficult\u00e9s de circulation \u00e0 pr\u00e9voir<\/p>\n<p class=\" wall-content\">Les autorit\u00e9s annoncent des perturbations importantes pendant toute la dur\u00e9e du chantier, avec un <strong>impact particuli\u00e8rement fort aux heures de pointe<\/strong>.<\/p>\n<p class=\" wall-content\">Les automobilistes sont invit\u00e9s \u00e0 <strong>anticiper leurs d\u00e9placements<\/strong>, \u00e0 <strong>privil\u00e9gier les transports en commun<\/strong> lorsque cela est possible, et \u00e0 <strong>consulter r\u00e9guli\u00e8rement les informations de circulation locales<\/strong>.<\/p>\n<p class=\" wall-content\">Suivez toute l\u2019actualit\u00e9 de vos villes et m\u00e9dias favoris en vous inscrivant \u00e0 <a href=\"https:\/\/moncompte.actu.fr\" title=\"D\u00e9couvez Mon Actu\" rel=\"nofollow noopener\" data-trk=\"{&quot;cta&quot;:{&quot;action&quot;:&quot;https:\\\/\\\/moncompte.actu.fr&quot;,&quot;category&quot;:&quot;mon compte&quot;,&quot;from&quot;:&quot;article footer&quot;,&quot;name&quot;:&quot;Mon actu&quot;,&quot;type&quot;:&quot;cta&quot;}}\" target=\"_blank\">Mon Actu<\/a>.<\/p>\n","protected":false},"excerpt":{"rendered":"Par Ivan CAPECCHI Publi\u00e9 le 3 juin 2025 \u00e0 9h28 Des perturbations notables sont \u00e0 pr\u00e9voir dans le&hellip;\n","protected":false},"author":2,"featured_media":148536,"comment_status":"","ping_status":"","sticky":false,"template":"","format":"standard","meta":{"footnotes":""},"categories":[2820],"tags":[1111,11,646,3542,215,1777,674,1011,27,775,12,25,104,640],"class_list":{"0":"post-148535","1":"post","2":"type-post","3":"status-publish","4":"format-standard","5":"has-post-thumbnail","7":"category-strasbourg","8":"tag-actu","9":"tag-actualites","10":"tag-automobile","11":"tag-circulation","12":"tag-commerce","13":"tag-eu","14":"tag-europe","15":"tag-fr","16":"tag-france","17":"tag-grand-est","18":"tag-news","19":"tag-republique-francaise","20":"tag-societe","21":"tag-strasbourg"},"share_on_mastodon":{"url":"https:\/\/pubeurope.com\/@fr\/114618681489199665","error":""},"_links":{"self":[{"href":"https:\/\/www.europesays.com\/fr\/wp-json\/wp\/v2\/posts\/148535","targetHints":{"allow":["GET"]}}],"collection":[{"href":"https:\/\/www.europesays.com\/fr\/wp-json\/wp\/v2\/posts"}],"about":[{"href":"https:\/\/www.europesays.com\/fr\/wp-json\/wp\/v2\/types\/post"}],"author":[{"embeddable":true,"href":"https:\/\/www.europesays.com\/fr\/wp-json\/wp\/v2\/users\/2"}],"replies":[{"embeddable":true,"href":"https:\/\/www.europesays.com\/fr\/wp-json\/wp\/v2\/comments?post=148535"}],"version-history":[{"count":0,"href":"https:\/\/www.europesays.com\/fr\/wp-json\/wp\/v2\/posts\/148535\/revisions"}],"wp:featuredmedia":[{"embeddable":true,"href":"https:\/\/www.europesays.com\/fr\/wp-json\/wp\/v2\/media\/148536"}],"wp:attachment":[{"href":"https:\/\/www.europesays.com\/fr\/wp-json\/wp\/v2\/media?parent=148535"}],"wp:term":[{"taxonomy":"category","embeddable":true,"href":"https:\/\/www.europesays.com\/fr\/wp-json\/wp\/v2\/categories?post=148535"},{"taxonomy":"post_tag","embeddable":true,"href":"https:\/\/www.europesays.com\/fr\/wp-json\/wp\/v2\/tags?post=148535"}],"curies":[{"name":"wp","href":"https:\/\/api.w.org\/{rel}","templated":true}]}}