{"id":148539,"date":"2025-06-03T09:18:10","date_gmt":"2025-06-03T09:18:10","guid":{"rendered":"https:\/\/www.europesays.com\/fr\/148539\/"},"modified":"2025-06-03T09:18:10","modified_gmt":"2025-06-03T09:18:10","slug":"ces-eleves-du-college-des-moulins-a-nice-rappent-leurs-lecons-pour-les-retenir-et-ca-marche","status":"publish","type":"post","link":"https:\/\/www.europesays.com\/fr\/148539\/","title":{"rendered":"Ces \u00e9l\u00e8ves du coll\u00e8ge des Moulins \u00e0 Nice rappent leurs le\u00e7ons pour les retenir&#8230; et \u00e7a marche!"},"content":{"rendered":"<p>Le nom commun est un mot \u00e9tonnant. Pour fonctionner, il est pr\u00e9c\u00e9d\u00e9 d\u2019un d\u00e9terminant. \u00bb Ceci n\u2019est pas l\u2019introduction d\u2019un cours de fran\u00e7ais mais une punchline, scand\u00e9e \u2013 avec une pr\u00e9cision chirurgicale \u2013 sur un instrumental hip-hop. Il est 12h35 entre les murs du coll\u00e8ge Jules-Romain, dans le quartier des Moulins \u00e0 Nice, et Isra, Souleyman, Madona, Alexandra, Riad, Khaled ou encore Yasmin ont d\u00e9j\u00e0 aval\u00e9 leur d\u00e9jeuner pour rejoindre leur rendez-vous du lundi. Tous et toutes sont les volontaires du club \u00ab\u00a0Att\u2019RAP tes cours\u00a0\u00bb (1) qui se r\u00e9unit chaque semaine dans la salle ouverte de l\u2019\u00e9tablissement. Objectif: apprendre ses le\u00e7ons&#8230; en les rapant! Une id\u00e9e insolite qui a r\u00e9colt\u00e9, il y a quelques semaines, une Palme acad\u00e9mique. D\u00e9livr\u00e9e par le Rectorat, la distinction r\u00e9compense chaque ann\u00e9e des projets p\u00e9dagogiques innovants de l\u2019Acad\u00e9mie de Nice. Celui-ci est sign\u00e9 Yassine Boutahar, professeur de lettres \u00e0 la ville, alias <a href=\"https:\/\/www.nicematin.com\/musique\/jai-essaye-de-devoiler-ma-personnalite-lartiste-nicois-yass-sogo-presente-son-dernier-album-mine-de-rien-828874\" target=\"_blank\" rel=\"noopener\">Yass Sogo<\/a>, rappeur \u00e0 la sc\u00e8ne.<\/p>\n<p>Le prof fan de Moli\u00e8re et d\u2019IAM<\/p>\n<p>\u00c0 39 ans, cet iconoclaste a r\u00e9uni dans cet atelier, lanc\u00e9 \u00e0 la rentr\u00e9e 2023-2024, ses deux passions. \u00ab\u00a0J\u2019avais 10 ans quand des premiers textes m\u2019ont percut\u00e9: de litt\u00e9rature, avec Les Fables de La Fontaine, Le Petit Nicolas, des pi\u00e8ces de Moli\u00e8re; et de rap, avec les mots d\u2019IAM, NTM, MC Solar&#8230; Mon go\u00fbt du verbe, il est n\u00e9 comme \u00e7a: j\u2019aimais la langue fran\u00e7aise o\u00f9 qu\u2019elle soit\u00a0\u00bb, se souvient-il.<\/p>\n<p>\u00ab\u00a0Tu jettes ta voix loin, OK? 3, 2, 1 et&#8230;\u00a0\u00bb Dans son club \u00ab\u00a0Att\u2019RAP tes cours\u00a0\u00bb, Yassine est tout \u00e0 la fois prof, coach et ambianceur. Apr\u00e8s avoir lanc\u00e9 la musique, le voil\u00e0 qui soutient Kayanael, 13 ans, en plein morceau sur ses notions d\u2019arts plastiques: bougeant la t\u00eate, reprenant ses fins de phrases en mode MC. \u00ab\u00a0Faites attention: le noir et le blanc sont des valeurs. Si votre inspiration est en captivit\u00e9, vous pouvez travailler votre cr\u00e9ativit\u00e9\u00a0\u00bb, d\u00e9bite la jeune fille, membre la premi\u00e8re heure du crew de \u00ab\u00a0Monsieur Boutahar\u00a0\u00bb. \u00ab\u00a0Le rap? J\u2019en \u00e9coute beaucoup: , Ninho, Tiakola&#8230; Alors, \u00e7a m\u2019a tout de suite int\u00e9ress\u00e9. Il y a plein de m\u00e9thodes pour apprendre ses cours mais celle-l\u00e0, je la trouve plus facile. En plus, on rigole beaucoup avec nos profs!\u00a0\u00bb, s\u2019enthousiasme cette \u00e9l\u00e8ve de 4e, dou\u00e9e pour l\u2019exercice. Autour de la table, les camarades s\u2019applaudissent apr\u00e8s chaque passage, relisent leur texte ou peaufinent le lettrage de leur blaze, ce surnom typique des graffeurs. Sous l\u2019\u0153il bienveillant de Charlotte Tabet, leur enseignante d\u2019arts plastiques: \u00ab\u00a0J\u2019apporte \u00e0 l\u2019atelier la partie expression artistique, pour travailler sur l\u2019identit\u00e9 visuelle\u00a0\u00bb, explique-t-elle, feutre en main.<\/p>\n<p>Un brin discret, Bilal, 13 ans, rejoint l\u2019espace qui fait office de sc\u00e8ne: un drap noir tendu face \u00e0 un t\u00e9l\u00e9phone, pos\u00e9 sur un pied. Histoire de s\u2019entra\u00eener \u00e0 faire comme dans un clip. Puis balance son texte sur les terminaisons au singulier et au pluriel en italien.<\/p>\n<p>\u00ab\u00a0Le but, c\u2019est que \u00e7a rentre dans la t\u00eate\u00a0\u00bb<\/p>\n<p>Yassine l\u2019aide \u00e0 ciseler tout \u00e7a, fait refaire. \u00ab\u00a0Le but, c\u2019est que \u00e7a rentre dans la t\u00eate. On est tous p\u00e9tri de chansons qu\u2019on peut r\u00e9citer par c\u0153ur. La derni\u00e8re fois, en cours, une \u00e9l\u00e8ve de l\u2019atelier m\u2019a ressorti cette punchline: si je peux dire mordu, c\u2019est que c\u2019est \u2018e\u2019accent aigu. J\u2019ai \u00e9t\u00e9 bluff\u00e9 de voir comment \u00e7a fonctionne!\u00a0\u00bb, sourit le prof, qui veut redorer l\u2019image du rap aupr\u00e8s du plus grand nombre. Lui qui a m\u00eame consacr\u00e9 \u00e0 cette mission une pi\u00e8ce de th\u00e9\u00e2tre qu\u2019il joue sur les sc\u00e8nes du coin. \u00ab\u00a0C\u2019est un genre aussi noble que la litt\u00e9rature\u00a0\u00bb, plaide le gaillard, aussi complice que cadrant avec la rel\u00e8ve. \u00ab\u00a0Att\u2019RAP tes cours, c\u2019est pour apprendre et aussi collaborer\u00a0\u00bb, r\u00e9sume tr\u00e8s bien Johnylson, 12 ans, qui signe \u00ab\u00a0Z\u00e9ro, y a pas de z\u00e9ro\u00a0\u00bb. \u00ab\u00a0Une chanson en rapport avec les notes pour donner aux \u00e9l\u00e8ves du courage. Et leur dire que la vie, c\u2019est pas rester devant la Play toute la journ\u00e9e\u00a0\u00bb, glisse l\u2019\u00e9l\u00e8ve de 6e.<\/p>\n<p>Labellis\u00e9 Cit\u00e9s \u00e9ducatives, dispositif subventionn\u00e9 par l\u2019\u00c9tat pour renforcer l\u2019accompagnement des jeunes en quartiers prioritaires, le projet esp\u00e8re inspirer. D\u2019ici d\u00e9cembre, il mettra de la couleur sur les murs du coll\u00e8ge des Moulins avec la r\u00e9alisation d\u2019une fresque graff\u00e9e. Dessus? Une punchline, bien s\u00fbr: \u00ab\u00a0L\u2019\u00e9cole, c\u2019est pas un clash., C\u2019est un feat avec l\u2019avenir\u00a0\u00bb. CQFD.<\/p>\n<p>(1) \u00e0 \u00e9couter sur <a href=\"https:\/\/attraptescours.fr\/les-sons\/\" target=\"_blank\" rel=\"noopener\">Attraptescours.fr<\/a><\/p>\n","protected":false},"excerpt":{"rendered":"Le nom commun est un mot \u00e9tonnant. Pour fonctionner, il est pr\u00e9c\u00e9d\u00e9 d\u2019un d\u00e9terminant. \u00bb Ceci n\u2019est pas&hellip;\n","protected":false},"author":2,"featured_media":148540,"comment_status":"","ping_status":"","sticky":false,"template":"","format":"standard","meta":{"footnotes":""},"categories":[2819],"tags":[1111,11,1057,1777,674,1011,27,4075,12,2401,882,25],"class_list":{"0":"post-148539","1":"post","2":"type-post","3":"status-publish","4":"format-standard","5":"has-post-thumbnail","7":"category-nice","8":"tag-actu","9":"tag-actualites","10":"tag-education","11":"tag-eu","12":"tag-europe","13":"tag-fr","14":"tag-france","15":"tag-jeunesse","16":"tag-news","17":"tag-nice","18":"tag-provence-alpes-cote-dazur","19":"tag-republique-francaise"},"share_on_mastodon":{"url":"https:\/\/pubeurope.com\/@fr\/114618689352885580","error":""},"_links":{"self":[{"href":"https:\/\/www.europesays.com\/fr\/wp-json\/wp\/v2\/posts\/148539","targetHints":{"allow":["GET"]}}],"collection":[{"href":"https:\/\/www.europesays.com\/fr\/wp-json\/wp\/v2\/posts"}],"about":[{"href":"https:\/\/www.europesays.com\/fr\/wp-json\/wp\/v2\/types\/post"}],"author":[{"embeddable":true,"href":"https:\/\/www.europesays.com\/fr\/wp-json\/wp\/v2\/users\/2"}],"replies":[{"embeddable":true,"href":"https:\/\/www.europesays.com\/fr\/wp-json\/wp\/v2\/comments?post=148539"}],"version-history":[{"count":0,"href":"https:\/\/www.europesays.com\/fr\/wp-json\/wp\/v2\/posts\/148539\/revisions"}],"wp:featuredmedia":[{"embeddable":true,"href":"https:\/\/www.europesays.com\/fr\/wp-json\/wp\/v2\/media\/148540"}],"wp:attachment":[{"href":"https:\/\/www.europesays.com\/fr\/wp-json\/wp\/v2\/media?parent=148539"}],"wp:term":[{"taxonomy":"category","embeddable":true,"href":"https:\/\/www.europesays.com\/fr\/wp-json\/wp\/v2\/categories?post=148539"},{"taxonomy":"post_tag","embeddable":true,"href":"https:\/\/www.europesays.com\/fr\/wp-json\/wp\/v2\/tags?post=148539"}],"curies":[{"name":"wp","href":"https:\/\/api.w.org\/{rel}","templated":true}]}}