{"id":148549,"date":"2025-06-03T09:23:09","date_gmt":"2025-06-03T09:23:09","guid":{"rendered":"https:\/\/www.europesays.com\/fr\/148549\/"},"modified":"2025-06-03T09:23:09","modified_gmt":"2025-06-03T09:23:09","slug":"pres-de-bordeaux-un-adolescent-dans-le-coma-apres-un-choc-violent-lors-dun-tournoi-de-football","status":"publish","type":"post","link":"https:\/\/www.europesays.com\/fr\/148549\/","title":{"rendered":"Pr\u00e8s de Bordeaux, un adolescent dans le coma apr\u00e8s un choc violent lors d&rsquo;un tournoi de football"},"content":{"rendered":"<p>L\u2019adolescent \u00abest toujours dans un niveau tr\u00e8s critique\u00bb mais \u00abil s\u2019accroche\u00bb.<\/p>\n<p class=\"fig-paragraph\">Un adolescent\u00a0<a href=\"https:\/\/www.lefigaro.fr\/bordeaux\/gironde-un-elu-municipal-violemment-agresse-lors-d-un-rodeo-urbain-20250504?msockid=258c4318a154643d05395665a0ed65f9\" target=\"_blank\" data-fig-type=\"NewsFlash\" rel=\"noopener\" data-gtm-custom-categorie=\"navigation\" data-gtm-custom-action=\"crossclick\" data-gtm-custom-label=\"Contextuel\" data-gtm-event=\"customEventSPE\" data-fig-domain=\"LEFIGARO\">girondin<\/a>\u00a0de 14 ans est entre la vie et la mort ce lundi apr\u00e8s un\u00a0<a href=\"https:\/\/www.lefigaro.fr\/actualite-france\/debordements-apres-la-victoire-du-psg-les-condamnations-ne-sont-plus-a-la-hauteur-de-la-violence-que-connait-notre-pays-estime-darmanin-20250603?msockid=258c4318a154643d05395665a0ed65f9\" target=\"_blank\" data-fig-type=\"NewsFlash\" rel=\"noopener\" data-gtm-custom-categorie=\"navigation\" data-gtm-custom-action=\"crossclick\" data-gtm-custom-label=\"Contextuel\" data-gtm-event=\"customEventSPE\" data-fig-domain=\"LEFIGARO\">violent<\/a>\u00a0choc survenu pendant un tournoi de\u00a0<a href=\"https:\/\/www.lefigaro.fr\/sports\/football\/foot-pour-yamal-le-match-entre-la-france-et-l-espagne-n-est-pas-decisif-pour-le-ballon-d-or-20250602?msockid=258c4318a154643d05395665a0ed65f9\" target=\"_blank\" data-fig-type=\"NewsFlash\" rel=\"noopener\" data-gtm-custom-categorie=\"navigation\" data-gtm-custom-action=\"crossclick\" data-gtm-custom-label=\"Contextuel\" data-gtm-event=\"customEventSPE\" data-fig-domain=\"LEFIGARO\">foot<\/a>\u00a0\u00e0 M\u00e9rignac, dimanche matin.<\/p>\n<p class=\"fig-paragraph\">Ilann, d\u00e9fenseur central en U15 de La Jeunesse Villenavaise, a \u00e9t\u00e9 \u00abpercut\u00e9 de plein fouet\u00bb lors d&rsquo;un duel a\u00e9rien avec un adversaire du Stade Bordelais qui s&rsquo;est \u00abempal\u00e9 sur lui\u00bb, relate ce dernier.<\/p>\n<p class=\"fig-paragraph\">Le jeune joueur ne se rel\u00e8ve pas et s&rsquo;\u00e9vanouit sur le terrain, avant de reprendre ses esprits et d&rsquo;\u00eatre \u00e9vacu\u00e9 sur une civi\u00e8re dans le foyer du stade. Ayant \u00abdu mal \u00e0 respirer et \u00e0 parler\u00bb, il se plaint de \u00abdouleurs au niveau de la cage thoracique\u00bb, avant de tomber dans le coma et de faire un arr\u00eat cardiaque. Les secours le transportent en urgence au CHU de Bordeaux, o\u00f9 son c\u0153ur repart \u00ab30 minutes plus tard\u00bb.<\/p>\n<p>Op\u00e9r\u00e9 trois fois en 24 heures<\/p>\n<p class=\"fig-paragraph\">Selon la m\u00eame source, une h\u00e9morragie au foie, \u00absectionn\u00e9 en deux\u00bb par la violence du choc, a n\u00e9cessit\u00e9 qu&rsquo;il soit op\u00e9r\u00e9 \u00abtrois fois en 24 heures\u00bb. L&rsquo;adolescent \u00abest toujours dans un niveau tr\u00e8s critique\u00bb mais \u00abil s&rsquo;accroche\u00bb, a conclu le pr\u00e9sident du club.<\/p>\n","protected":false},"excerpt":{"rendered":"L\u2019adolescent \u00abest toujours dans un niveau tr\u00e8s critique\u00bb mais \u00abil s\u2019accroche\u00bb. Un adolescent\u00a0girondin\u00a0de 14 ans est entre la&hellip;\n","protected":false},"author":2,"featured_media":148550,"comment_status":"","ping_status":"","sticky":false,"template":"","format":"standard","meta":{"footnotes":""},"categories":[2817],"tags":[1111,11,1997,2916,2911,2910,2915,2909,2904,2913,2912,2914,2906,2907,1777,674,63,1011,27,2905,2908,12,2219,25],"class_list":{"0":"post-148549","1":"post","2":"type-post","3":"status-publish","4":"format-standard","5":"has-post-thumbnail","7":"category-bordeaux","8":"tag-actu","9":"tag-actualites","10":"tag-bordeaux","11":"tag-bordeaux-cauderan","12":"tag-bordeaux-centre-ville","13":"tag-bordeaux-chartrons-grand-parc-jardin-public","14":"tag-bordeaux-la-bastide","15":"tag-bordeaux-maritime","16":"tag-bordeaux-metropole","17":"tag-bordeaux-nansouty-st-genes","18":"tag-bordeaux-st-augustin-tauzin-alphonse-dupeux","19":"tag-bordeaux-sud","20":"tag-capitale-de-gaule","21":"tag-cathedrale-gothique-de-saint-andre","22":"tag-eu","23":"tag-europe","24":"tag-football","25":"tag-fr","26":"tag-france","27":"tag-gironde","28":"tag-girondins-de-bordeaux","29":"tag-news","30":"tag-nouvelle-aquitaine","31":"tag-republique-francaise"},"share_on_mastodon":{"url":"","error":"Validation failed: Text character limit of 500 exceeded"},"_links":{"self":[{"href":"https:\/\/www.europesays.com\/fr\/wp-json\/wp\/v2\/posts\/148549","targetHints":{"allow":["GET"]}}],"collection":[{"href":"https:\/\/www.europesays.com\/fr\/wp-json\/wp\/v2\/posts"}],"about":[{"href":"https:\/\/www.europesays.com\/fr\/wp-json\/wp\/v2\/types\/post"}],"author":[{"embeddable":true,"href":"https:\/\/www.europesays.com\/fr\/wp-json\/wp\/v2\/users\/2"}],"replies":[{"embeddable":true,"href":"https:\/\/www.europesays.com\/fr\/wp-json\/wp\/v2\/comments?post=148549"}],"version-history":[{"count":0,"href":"https:\/\/www.europesays.com\/fr\/wp-json\/wp\/v2\/posts\/148549\/revisions"}],"wp:featuredmedia":[{"embeddable":true,"href":"https:\/\/www.europesays.com\/fr\/wp-json\/wp\/v2\/media\/148550"}],"wp:attachment":[{"href":"https:\/\/www.europesays.com\/fr\/wp-json\/wp\/v2\/media?parent=148549"}],"wp:term":[{"taxonomy":"category","embeddable":true,"href":"https:\/\/www.europesays.com\/fr\/wp-json\/wp\/v2\/categories?post=148549"},{"taxonomy":"post_tag","embeddable":true,"href":"https:\/\/www.europesays.com\/fr\/wp-json\/wp\/v2\/tags?post=148549"}],"curies":[{"name":"wp","href":"https:\/\/api.w.org\/{rel}","templated":true}]}}