{"id":148553,"date":"2025-06-03T09:25:10","date_gmt":"2025-06-03T09:25:10","guid":{"rendered":"https:\/\/www.europesays.com\/fr\/148553\/"},"modified":"2025-06-03T09:25:10","modified_gmt":"2025-06-03T09:25:10","slug":"un-professeur-de-luniversite-de-toulouse-fait-une-decouverte-majeure-dans-lhistoire-de-lhumanite","status":"publish","type":"post","link":"https:\/\/www.europesays.com\/fr\/148553\/","title":{"rendered":"Un professeur de l&rsquo;Universit\u00e9 de Toulouse fait une d\u00e9couverte majeure dans l&rsquo;Histoire de l&rsquo;humanit\u00e9"},"content":{"rendered":"<p>            Par<br \/>\n        <strong><br \/>\n            <a href=\"https:\/\/actu.fr\/auteur\/lea-afonso\" title=\"Consulter tous les articles de L\u00e9a Afonso\" rel=\"nofollow noopener\" target=\"_blank\">L\u00e9a Afonso<\/a><br \/>\n        <\/strong><\/p>\n<p>        Publi\u00e9 le<\/p>\n<p>            3 juin 2025 \u00e0 11h01        <\/p>\n<p><strong>Un professeur de l\u2019Universit\u00e9<\/strong> de <a href=\"https:\/\/actu.fr\/toulouse\/\" rel=\"nofollow noopener\" target=\"_blank\">Toulouse<\/a>,<strong> Jos\u00e9 Braga,<\/strong> et un autre de l\u2019Universit\u00e9 de Florence publient une \u00e9tude ce mardi 3\u00a0juin 2025 dans Nature Communications (revue scientifique) dans laquelle ils<strong> redessinent le d\u00e9but de l\u2019histoire du genre humain<\/strong> gr\u00e2ce \u00e0 la d\u00e9couverte de <strong>m\u00e2choires<\/strong> appartenant \u00e0 des <strong>b\u00e9b\u00e9s<\/strong> datant de<strong> deux millions d\u2019ann\u00e9es<\/strong>. Une trouvaille majeure !<\/p>\n<p>Des os de nourrissons<\/p>\n<p class=\" wall-content\">Il s\u2019agit de <strong>deux mandibules et d\u2019un maxillaire<\/strong>, os de la m\u00e2choire, appartenant \u00e0 des <strong>nourrissons d\u00e9c\u00e9d\u00e9s il y a pr\u00e8s de deux millions d\u2019ann\u00e9es<\/strong>, qui ont \u00e9t\u00e9 <strong>exhum\u00e9s en Afrique<\/strong>. \u00ab\u2009L\u2019un d\u2019eux provient de la basse vall\u00e9e de l\u2019Omo, en \u00c9thiopie, et a \u00e9t\u00e9 attribu\u00e9 \u00e0 Homo habilis. Les deux autres ont \u00e9t\u00e9 d\u00e9couverts en Afrique du Sud\u2009: une mandibule retrouv\u00e9e \u00e0 Kromdraai et un maxillaire issu du site de Drimolen, tous deux associ\u00e9s \u00e0 une esp\u00e8ce proche d\u2019Homo erectus\u2009\u00bb, explique l\u2019Universit\u00e9 de Toulouse.<\/p>\n<p>    <img   decoding=\"async\" loading=\"lazy\" src=\"https:\/\/www.europesays.com\/fr\/wp-content\/uploads\/2025\/06\/reconstitution-machoires-960x640.jpg\" alt=\"Reconstitution en 3D des m\u00e2choires de deux nourrissons de deux millions d'ann\u00e9es\" width=\"960\" height=\"640\"\/><br \/>\n    Reconstitution en 3D des m\u00e2choires de deux nourrissons de deux millions d\u2019ann\u00e9es (\u00a9Jos\u00e9 Braga, DR)<\/p>\n<p class=\" wall-content\">Des os datant d\u2019esp\u00e8ces pr\u00e9sentes sur Terre, il y a plus de deux millions d\u2019ann\u00e9es, qui en font <strong>une trouvaille exceptionnelle<\/strong>. \u00ab\u2009Ces <strong>d\u00e9couvertes<\/strong> sont <strong>cruciales<\/strong>, car <strong>les fossiles de nourrissons bien conserv\u00e9s sont extr\u00eamement rares<\/strong>, alors qu\u2019ils sont essentiels pour comparer l\u2019enfance des premiers humains \u00e0 celle de leurs plus proches parents australopith\u00e8ques\u2009\u00bb, d\u00e9taille<strong> Jos\u00e9 Braga<\/strong>, professeur de l\u2019Universit\u00e9 de Toulouse.<\/p>\n<p>Une d\u00e9couverte sur les modes de vie<\/p>\n<p class=\" wall-content\">Un d\u00e9c\u00e8lement important, puisque rappelons-le, les<strong> fossiles du genre Homo<\/strong> \u00ab\u2009sont beaucoup <strong>moins pr\u00e9serv\u00e9s que ceux d\u2019autres esp\u00e8ces<\/strong> contemporaines comme Paranthropus robustus, alors qu\u2019ils ne sont pas plus fragiles\u2009\u00bb, compl\u00e8te l\u2019Universit\u00e9.<\/p>\n<p>Vid\u00e9os : en ce moment sur Actu<\/p>\n<p class=\" wall-content\">\u00ab\u2009Comprendre cette disparit\u00e9 de repr\u00e9sentation est essentiel pour interpr\u00e9ter correctement les donn\u00e9es fossiles disponibles. Elle pourrait \u00eatre li\u00e9e \u00e0 des <strong>diff\u00e9rences de comportements<\/strong>, <strong>ou de modes de vie<\/strong> de ces esp\u00e8ces anciennes\u2009\u00bb. Effectivement, avec cette nouvelle d\u00e9couverte pour l\u2019Histoire, une vie diff\u00e9rente des \u00eatres d\u2019il y a deux millions d\u2019ann\u00e9es peut \u00eatre analys\u00e9e.<\/p>\n<p>L\u2019hypoth\u00e8se d\u2019un anc\u00eatre commun<\/p>\n<p class=\" wall-content\">\u00ab\u2009Les <strong>diff\u00e9rences<\/strong> dans les <strong>structures dentaires et osseuses<\/strong> sont visibles d\u00e8s les premiers mois de la vie, souligne Jos\u00e9 Braga, qui dirige les fouilles arch\u00e9ologiques \u00e0 Kromdraai et a particip\u00e9 \u00e0 celles de Drimolen. Ce constat r\u00e9v\u00e8le que <strong>diff\u00e9rentes esp\u00e8ces<\/strong> humaines<strong> suivaient, d\u00e8s la naissance,<\/strong> des <strong>trajectoires<\/strong> de <strong>d\u00e9veloppement distinctes<\/strong>. Une diversit\u00e9 pr\u00e9coce qui sugg\u00e8re que plusieurs branches \u00e9volutives \u00e9taient d\u00e9j\u00e0 bien diff\u00e9renci\u00e9es au sein du genre Homo\u2009\u00bb.<\/p>\n<p class=\" wall-content\">Cette nouvelle d\u00e9couverte montrerait donc l\u2019hypoth\u00e8se d\u2019un anc\u00eatre commun \u00e0 toutes les esp\u00e8ces humaines, \u00ab\u2009probablement avant le d\u00e9but de l\u2019\u00e8re Quaternaire, lorsque les australopith\u00e8ques, des parents bip\u00e8des plus primitifs ayant pr\u00e9c\u00e9d\u00e9 Homo, foisonnaient en Afrique\u2009\u00bb, termine l\u2019universit\u00e9.<\/p>\n<p class=\" wall-content\">Suivez toute l\u2019actualit\u00e9 de vos villes et m\u00e9dias favoris en vous inscrivant \u00e0 <a href=\"https:\/\/moncompte.actu.fr\" title=\"D\u00e9couvez Mon Actu\" rel=\"nofollow noopener\" data-trk=\"{&quot;cta&quot;:{&quot;action&quot;:&quot;https:\\\/\\\/moncompte.actu.fr&quot;,&quot;category&quot;:&quot;mon compte&quot;,&quot;from&quot;:&quot;article footer&quot;,&quot;name&quot;:&quot;Mon actu&quot;,&quot;type&quot;:&quot;cta&quot;}}\" target=\"_blank\">Mon Actu<\/a>.<\/p>\n","protected":false},"excerpt":{"rendered":"Par L\u00e9a Afonso Publi\u00e9 le 3 juin 2025 \u00e0 11h01 Un professeur de l\u2019Universit\u00e9 de Toulouse, Jos\u00e9 Braga,&hellip;\n","protected":false},"author":2,"featured_media":148554,"comment_status":"","ping_status":"","sticky":false,"template":"","format":"standard","meta":{"footnotes":""},"categories":[2816],"tags":[1111,11,1777,674,1011,27,937,12,2680,25,2631,2312],"class_list":{"0":"post-148553","1":"post","2":"type-post","3":"status-publish","4":"format-standard","5":"has-post-thumbnail","7":"category-toulouse","8":"tag-actu","9":"tag-actualites","10":"tag-eu","11":"tag-europe","12":"tag-fr","13":"tag-france","14":"tag-histoire","15":"tag-news","16":"tag-occitanie","17":"tag-republique-francaise","18":"tag-sciences-technologie","19":"tag-toulouse"},"share_on_mastodon":{"url":"https:\/\/pubeurope.com\/@fr\/114618717167275945","error":""},"_links":{"self":[{"href":"https:\/\/www.europesays.com\/fr\/wp-json\/wp\/v2\/posts\/148553","targetHints":{"allow":["GET"]}}],"collection":[{"href":"https:\/\/www.europesays.com\/fr\/wp-json\/wp\/v2\/posts"}],"about":[{"href":"https:\/\/www.europesays.com\/fr\/wp-json\/wp\/v2\/types\/post"}],"author":[{"embeddable":true,"href":"https:\/\/www.europesays.com\/fr\/wp-json\/wp\/v2\/users\/2"}],"replies":[{"embeddable":true,"href":"https:\/\/www.europesays.com\/fr\/wp-json\/wp\/v2\/comments?post=148553"}],"version-history":[{"count":0,"href":"https:\/\/www.europesays.com\/fr\/wp-json\/wp\/v2\/posts\/148553\/revisions"}],"wp:featuredmedia":[{"embeddable":true,"href":"https:\/\/www.europesays.com\/fr\/wp-json\/wp\/v2\/media\/148554"}],"wp:attachment":[{"href":"https:\/\/www.europesays.com\/fr\/wp-json\/wp\/v2\/media?parent=148553"}],"wp:term":[{"taxonomy":"category","embeddable":true,"href":"https:\/\/www.europesays.com\/fr\/wp-json\/wp\/v2\/categories?post=148553"},{"taxonomy":"post_tag","embeddable":true,"href":"https:\/\/www.europesays.com\/fr\/wp-json\/wp\/v2\/tags?post=148553"}],"curies":[{"name":"wp","href":"https:\/\/api.w.org\/{rel}","templated":true}]}}