{"id":148555,"date":"2025-06-03T09:26:07","date_gmt":"2025-06-03T09:26:07","guid":{"rendered":"https:\/\/www.europesays.com\/fr\/148555\/"},"modified":"2025-06-03T09:26:07","modified_gmt":"2025-06-03T09:26:07","slug":"marcq-en-baroeul-profitez-a-la-fois-dun-marche-de-createurs-et-dune-guinguette-ce-dimanche","status":"publish","type":"post","link":"https:\/\/www.europesays.com\/fr\/148555\/","title":{"rendered":"Marcq-en-Bar\u0153ul. Profitez \u00e0 la fois d&rsquo;un march\u00e9 de cr\u00e9ateurs et d&rsquo;une guinguette ce dimanche\u00a0!"},"content":{"rendered":"<p>            Par<br \/>\n        <strong><br \/>\n            <a href=\"https:\/\/actu.fr\/auteur\/nicolas-demollien\" title=\"Consulter tous les articles de Nicolas Demollien\" rel=\"nofollow noopener\" target=\"_blank\">Nicolas Demollien<\/a><br \/>\n        <\/strong><\/p>\n<p>        Publi\u00e9 le<\/p>\n<p>            3 juin 2025 \u00e0 11h10        <\/p>\n<p>Vous n\u2019avez encore rien pr\u00e9vu pour ce dimanche 8 juin 2025 ? A <a href=\"https:\/\/actu.fr\/hauts-de-france\/marcq-en-baroeul_59378\" rel=\"nofollow noopener\" target=\"_blank\">Marcq-en-Bar\u0153ul<\/a> (Nord), vous allez pouvoir profiter d\u2019un joli <b>march\u00e9 de cr\u00e9ateurs<\/b> mis en place dans une <b>guinguette<\/b>.<\/p>\n<p>Un march\u00e9 de cr\u00e9ateurs dans une guinguette de Marcq-en-Bar\u0153ul<\/p>\n<p class=\" wall-content\">Cette guinguette c\u2019est celle du <b>Marque Page<\/b>, au 157, avenue de la Marne. C\u2019est l\u00e0 que <b>Puissance Cr\u00e9ative<\/b> r\u00e9unira\u00a0<b>15 cr\u00e9ateurs et artisans<\/b> des <a href=\"https:\/\/actu.fr\/hauts-de-france\/\" rel=\"nofollow noopener\" target=\"_blank\">Hauts-de-France<\/a> pour vous faire d\u00e9couvrir \u00ab\u00a0leurs univers faits main, uniques et inspirants\u00a0\u00bb, annoncent les organisatrices.<\/p>\n<p class=\" wall-content\">Et il y en aura pour tous les go\u00fbts avec des bijoux, des illustrations, de la d\u00e9co, des accessoires, de la maroquinerie ou encore des chocolats et autres cr\u00e9ations pour petits et grands.<\/p>\n<p class=\" wall-content\">\u00ab\u00a0Le tout dans l\u2019ambiance conviviale et festive de la guinguette !\u00a0\u00bb Cela se passera de 11h \u00e0 19h et l\u2019entr\u00e9e est libre.<\/p>\n<p>    <a href=\"https:\/\/www.facebook.com\/plugins\/post.php?href=https%3A%2F%2Fwww.facebook.com%2Fpermalink.php%3Fstory_fbid%3Dpfbid07EWgCzVi8u2DrxwfHcyjm47VKG6QJuMc42KbFMPEWeYQSq3va1DgqL4WmnSJ8R3dl%26id%3D61568481791647&amp;show_text=true&amp;width=350\" title=\"Ouvrie le lien\" rel=\"nofollow noopener\" target=\"_blank\">Cliquez ici pour visualiser le contenu<\/a><\/p>\n<p>Vid\u00e9os : en ce moment sur Actu<\/p>\n<p class=\" wall-content\">Bref, de quoi passer un excellent moment !<\/p>\n<p class=\" wall-content\">Suivez toute l\u2019actualit\u00e9 de vos villes et m\u00e9dias favoris en vous inscrivant \u00e0 <a href=\"https:\/\/moncompte.actu.fr\" title=\"D\u00e9couvez Mon Actu\" rel=\"nofollow noopener\" data-trk=\"{&quot;cta&quot;:{&quot;action&quot;:&quot;https:\\\/\\\/moncompte.actu.fr&quot;,&quot;category&quot;:&quot;mon compte&quot;,&quot;from&quot;:&quot;article footer&quot;,&quot;name&quot;:&quot;Mon actu&quot;,&quot;type&quot;:&quot;cta&quot;}}\" target=\"_blank\">Mon Actu<\/a>.<\/p>\n","protected":false},"excerpt":{"rendered":"Par Nicolas Demollien Publi\u00e9 le 3 juin 2025 \u00e0 11h10 Vous n\u2019avez encore rien pr\u00e9vu pour ce dimanche&hellip;\n","protected":false},"author":2,"featured_media":148556,"comment_status":"","ping_status":"","sticky":false,"template":"","format":"standard","meta":{"footnotes":""},"categories":[2815],"tags":[1111,11,1477,1777,674,1011,27,5691,811,1307,1652,12,25],"class_list":{"0":"post-148555","1":"post","2":"type-post","3":"status-publish","4":"format-standard","5":"has-post-thumbnail","7":"category-lille","8":"tag-actu","9":"tag-actualites","10":"tag-artisanat","11":"tag-eu","12":"tag-europe","13":"tag-fr","14":"tag-france","15":"tag-guinguette","16":"tag-hauts-de-france","17":"tag-lille","18":"tag-loisirs-culture","19":"tag-news","20":"tag-republique-francaise"},"share_on_mastodon":{"url":"https:\/\/pubeurope.com\/@fr\/114618720912271220","error":""},"_links":{"self":[{"href":"https:\/\/www.europesays.com\/fr\/wp-json\/wp\/v2\/posts\/148555","targetHints":{"allow":["GET"]}}],"collection":[{"href":"https:\/\/www.europesays.com\/fr\/wp-json\/wp\/v2\/posts"}],"about":[{"href":"https:\/\/www.europesays.com\/fr\/wp-json\/wp\/v2\/types\/post"}],"author":[{"embeddable":true,"href":"https:\/\/www.europesays.com\/fr\/wp-json\/wp\/v2\/users\/2"}],"replies":[{"embeddable":true,"href":"https:\/\/www.europesays.com\/fr\/wp-json\/wp\/v2\/comments?post=148555"}],"version-history":[{"count":0,"href":"https:\/\/www.europesays.com\/fr\/wp-json\/wp\/v2\/posts\/148555\/revisions"}],"wp:featuredmedia":[{"embeddable":true,"href":"https:\/\/www.europesays.com\/fr\/wp-json\/wp\/v2\/media\/148556"}],"wp:attachment":[{"href":"https:\/\/www.europesays.com\/fr\/wp-json\/wp\/v2\/media?parent=148555"}],"wp:term":[{"taxonomy":"category","embeddable":true,"href":"https:\/\/www.europesays.com\/fr\/wp-json\/wp\/v2\/categories?post=148555"},{"taxonomy":"post_tag","embeddable":true,"href":"https:\/\/www.europesays.com\/fr\/wp-json\/wp\/v2\/tags?post=148555"}],"curies":[{"name":"wp","href":"https:\/\/api.w.org\/{rel}","templated":true}]}}