{"id":148559,"date":"2025-06-03T09:28:08","date_gmt":"2025-06-03T09:28:08","guid":{"rendered":"https:\/\/www.europesays.com\/fr\/148559\/"},"modified":"2025-06-03T09:28:08","modified_gmt":"2025-06-03T09:28:08","slug":"la-ligne-2-du-metro-a-marseille-interrompue-jusqua-nouvel-ordre","status":"publish","type":"post","link":"https:\/\/www.europesays.com\/fr\/148559\/","title":{"rendered":"La ligne 2 du m\u00e9tro \u00e0 Marseille interrompue \u00ab\u00a0jusqu&rsquo;\u00e0 nouvel ordre\u00a0\u00bb"},"content":{"rendered":"<p>La ligne 2 du m\u00e9tro \u00e0 Marseille est interrompue jusqu&rsquo;\u00e0 nouvel ordre. De source syndicale, \u00ab\u00a0les rames et les loges sont insalubres (pas de nettoyage, odeur et punaises de lit)\u00a0\u00bb et les agents exercent leur droit de retrait \u00ab\u00a0car ils n&rsquo;en peuvent plus\u00a0\u00bb.<\/p>\n<p>\u00ab\u00a0La direction oblige les agents de ma\u00eetrise \u00e0 conduire malgr\u00e9 la situation pour palier \u00e0 l&rsquo;arr\u00eat des chauffeurs\u00a0\u00bb, ajoute Nicolas Ruiz, du syndicat FO. Le droit de retrait n&rsquo;a pas encore \u00e9t\u00e9 indentifi\u00e9 par la direction mais la commission de la sant\u00e9 et de la s\u00e9curit\u00e9 au travail a \u00e9t\u00e9 pr\u00e9venue pour une enqu\u00eate.<\/p>\n<p>La RTM signale l&rsquo;interruption du service pour un \u00ab\u00a0incident technique ind\u00e9pendant de (notre) volont\u00e9\u00a0\u00bb, tout en pr\u00e9cisant qu&rsquo;elle informera les usagers de \u00ab\u00a0l&rsquo;\u00e9volution de la situation\u00a0\u00bb.<\/p>\n<p>La RTM indique qu&rsquo;un service de Bus relais sera mis en place et pr\u00e9cise :\u00a0<\/p>\n<p>&#8211; au d\u00e9part de G\u00e8ze, Bougainville National ou D\u00e9sir\u00e9e Clary, empruntez le Bus 70 direction Canebi\u00e8re Bourse ;<\/p>\n<p>&#8211; au d\u00e9part de la Joliette, empruntez le Tram T3 direction de Rome Dragon ;\u00a0<\/p>\n<p>&#8211; au d\u00e9part de Sainte Marguerite Dromel, empruntez le Bus 73 direction Vallon de L&rsquo;Oriol jusqu&rsquo;\u00e0 Castellane puis le Tram T3 direction Arenc Le Silo ;\u00a0<\/p>\n<p>&#8211; au d\u00e9part de Rond-Point du Prado et P\u00e9rier, empruntez le Bus B1 direction Castellane puis le Tram T3 direction Arenc Le Silo ou le Bus 41 direction Canebi\u00e8re Bourse.<\/p>\n<p>Pour vous rendre de G\u00e8ze \u00e0 Sainte Marguerite Dromel, empruntez le Bus 70 jusqu&rsquo;\u00e0 l&rsquo;arr\u00eat Euromed Arenc, effectuer les correspondances avec le Tram T3 jusqu&rsquo;\u00e0 Rome Dragon et le Bus 73 jusqu&rsquo;\u00e0 Sainte Marguerite Dromel. \u00c0\u00a0noter\u00a0: en sens inverse, vous pouvez emprunter ces m\u00eames lignes dans les directions oppos\u00e9es.<\/p>\n","protected":false},"excerpt":{"rendered":"La ligne 2 du m\u00e9tro \u00e0 Marseille est interrompue jusqu&rsquo;\u00e0 nouvel ordre. De source syndicale, \u00ab\u00a0les rames et&hellip;\n","protected":false},"author":2,"featured_media":148560,"comment_status":"","ping_status":"","sticky":false,"template":"","format":"standard","meta":{"footnotes":""},"categories":[2814],"tags":[17,1111,11,1777,674,1011,27,27778,12333,3052,884,4047,12,10542,18842,882,16,25],"class_list":{"0":"post-148559","1":"post","2":"type-post","3":"status-publish","4":"format-standard","5":"has-post-thumbnail","7":"category-marseille","8":"tag-17","9":"tag-actu","10":"tag-actualites","11":"tag-eu","12":"tag-europe","13":"tag-fr","14":"tag-france","15":"tag-interrompue","16":"tag-jusqua","17":"tag-ligne","18":"tag-marseille","19":"tag-metro","20":"tag-news","21":"tag-nouvel","22":"tag-ordre","23":"tag-provence-alpes-cote-dazur","24":"tag-region","25":"tag-republique-francaise"},"share_on_mastodon":{"url":"https:\/\/pubeurope.com\/@fr\/114618728719820459","error":""},"_links":{"self":[{"href":"https:\/\/www.europesays.com\/fr\/wp-json\/wp\/v2\/posts\/148559","targetHints":{"allow":["GET"]}}],"collection":[{"href":"https:\/\/www.europesays.com\/fr\/wp-json\/wp\/v2\/posts"}],"about":[{"href":"https:\/\/www.europesays.com\/fr\/wp-json\/wp\/v2\/types\/post"}],"author":[{"embeddable":true,"href":"https:\/\/www.europesays.com\/fr\/wp-json\/wp\/v2\/users\/2"}],"replies":[{"embeddable":true,"href":"https:\/\/www.europesays.com\/fr\/wp-json\/wp\/v2\/comments?post=148559"}],"version-history":[{"count":0,"href":"https:\/\/www.europesays.com\/fr\/wp-json\/wp\/v2\/posts\/148559\/revisions"}],"wp:featuredmedia":[{"embeddable":true,"href":"https:\/\/www.europesays.com\/fr\/wp-json\/wp\/v2\/media\/148560"}],"wp:attachment":[{"href":"https:\/\/www.europesays.com\/fr\/wp-json\/wp\/v2\/media?parent=148559"}],"wp:term":[{"taxonomy":"category","embeddable":true,"href":"https:\/\/www.europesays.com\/fr\/wp-json\/wp\/v2\/categories?post=148559"},{"taxonomy":"post_tag","embeddable":true,"href":"https:\/\/www.europesays.com\/fr\/wp-json\/wp\/v2\/tags?post=148559"}],"curies":[{"name":"wp","href":"https:\/\/api.w.org\/{rel}","templated":true}]}}