{"id":148565,"date":"2025-06-03T09:31:09","date_gmt":"2025-06-03T09:31:09","guid":{"rendered":"https:\/\/www.europesays.com\/fr\/148565\/"},"modified":"2025-06-03T09:31:09","modified_gmt":"2025-06-03T09:31:09","slug":"le-senat-sapprete-a-retoquer-la-reforme-du-scrutin-liberation","status":"publish","type":"post","link":"https:\/\/www.europesays.com\/fr\/148565\/","title":{"rendered":"le S\u00e9nat s\u2019appr\u00eate \u00e0 retoquer la r\u00e9forme du scrutin \u2013 Lib\u00e9ration"},"content":{"rendered":"<p class=\"sc-ksZaOG ehjQrN text-element\">A un an des municipales, le temps presse. La r\u00e9forme du mode d\u2019\u00e9lection \u00e0 Paris, Lyon et Marseille est \u00e9tudi\u00e9e ce mardi 3 juin en s\u00e9ance publique au S\u00e9nat. Rejet\u00e9e par la droite et l\u2019immense majorit\u00e9 de la gauche, la \u00abloi PLM\u00bb peine \u00e0 convaincre le bloc central et risque d\u2019\u00eatre tr\u00e8s largement d\u00e9savou\u00e9e lors des d\u00e9bats au Palais du Luxembourg. Son rejet massif probable serait un contretemps majeur pour ses soutiens dont le gouvernement, \u00e0 moins d\u2019un an des \u00e9lections.<\/p>\n<p class=\"sc-ksZaOG ehjQrN text-element\"><a href=\"https:\/\/www.liberation.fr\/politique\/elections\/reforme-des-modes-de-scrutin-a-paris-lyon-marseille-la-proposition-de-loi-adoptee-a-lassemblee-nationale-20250409_VZDCJQKKV5DG3JP2KIZENF5GUE\/\" target=\"_blank\" rel=\"noreferrer noopener\" title=\"https:\/\/www.liberation.fr\/politique\/elections\/reforme-des-modes-de-scrutin-a-paris-lyon-marseille-la-proposition-de-loi-adoptee-a-lassemblee-nationale-20250409_VZDCJQKKV5DG3JP2KIZENF5GUE\/\">Adopt\u00e9e \u00e0 l\u2019Assembl\u00e9e nationale d\u00e9but avril avec l\u2019appui de l\u2019ex\u00e9cutif<\/a>, la r\u00e9forme mettrait fin au mode de scrutin existant depuis 1982, en vertu duquel les \u00e9lecteurs \u00e0 Paris, Lyon et Marseille votent dans chaque arrondissement pour une liste de conseillers, les \u00e9lus du haut de la liste si\u00e9geant au conseil d\u2019arrondissement et au conseil municipal.<\/p>\n<p class=\"sc-ksZaOG ehjQrN text-element\">Elle pr\u00e9voit \u00e0 la place d\u2019instaurer deux scrutins, l\u2019un pour \u00e9lire les conseillers d\u2019arrondissement ou de secteur, l\u2019autre pour \u00e9lire ceux du conseil municipal, sur une circonscription unique. Le texte propose aussi d\u2019abaisser \u00e0 25 % la prime majoritaire pour la liste arriv\u00e9e en t\u00eate, au lieu de 50 %, comme c\u2019est aujourd\u2019hui le cas partout en France.<\/p>\n<p class=\"sc-ksZaOG ehjQrN text-element\">Ces \u00e9volutions majeures sont justifi\u00e9es par une formule tr\u00e8s simple, argument-massue des soutiens du texte : \u00abUn Parisien \u00e9gale une voix, un Lyonnais \u00e9gale une voix, un Marseillais \u00e9gale une voix.\u00bb Mais derri\u00e8re cette justification se cachent \u00e9galement d\u2019importants enjeux politiques, chaque parti ayant sorti la calculette pour essayer d\u2019anticiper l\u2019impact de la r\u00e9forme sur son score aux municipales de mars 2026.<\/p>\n<p class=\"sc-ksZaOG ehjQrN text-element\">Au S\u00e9nat, \u00e0 majorit\u00e9 de droite, force est de constater que les calculs n\u2019ont pas donn\u00e9 satisfaction. Le texte avait prosp\u00e9r\u00e9 \u00e0 l\u2019Assembl\u00e9e gr\u00e2ce \u00e0 une majorit\u00e9 atypique compos\u00e9e du bloc central, des Insoumis et du Rassemblement national\u2026 Mais LFI ne compte aucun \u00e9lu au S\u00e9nat, le RN seulement une poign\u00e9e et le groupe macroniste une vingtaine.<\/p>\n<p class=\"sc-ksZaOG ehjQrN text-element\">A la chambre haute, la balance semble au contraire pencher tr\u00e8s largement pour un rejet, d\u2019autant plus que le pr\u00e9sident du S\u00e9nat G\u00e9rard Larcher (Les R\u00e9publicains) lui-m\u00eame ne s\u2019est pas priv\u00e9 pour dire tout le mal qu\u2019il pensait de la d\u00e9marche. \u00abEst-ce bien sage de faire \u00e9voluer ainsi un mode de scrutin moins d\u2019un an avant les \u00e9lections municipales ?\u00bb, a par ailleurs questionn\u00e9 Mathieu Darnaud, chef des s\u00e9nateurs LR, premi\u00e8re force de la Haute assembl\u00e9e.<\/p>\n<p class=\"sc-ksZaOG ehjQrN text-element\">Si les d\u00e9put\u00e9s LR avaient soutenu l\u2019initiative, nombreux sont ceux qui y ont vu une strat\u00e9gie dans le cadre de la campagne pour la pr\u00e9sidence du parti, entre un Laurent Wauquiez favorable \u00e0 cette r\u00e9forme voulue par Rachida Dati, pressentie pour candidater \u00e0 Paris, et <a href=\"https:\/\/www.liberation.fr\/politique\/le-ministre-patrick-mignola-de-corvee-sur-la-decriee-loi-plm-20250331_AWW6FNWTLFH33E2PLJMPHW4NXQ\/\" target=\"_blank\" rel=\"noreferrer noopener\" title=\"https:\/\/www.liberation.fr\/politique\/le-ministre-patrick-mignola-de-corvee-sur-la-decriee-loi-plm-20250331_AWW6FNWTLFH33E2PLJMPHW4NXQ\/\">un Bruno Retailleau vivement oppos\u00e9<\/a>. Sans surprise, les s\u00e9nateurs LR suivront massivement la position du ministre de l\u2019Int\u00e9rieur, ancien chef du groupe au S\u00e9nat.<\/p>\n<p class=\"sc-ksZaOG ehjQrN text-element\">Les socialistes, deuxi\u00e8me groupe du S\u00e9nat, ont la m\u00eame vision, \u00e0 l\u2019exception de leurs \u00e9lus marseillais. \u00abC\u2019est un texte mal \u00e9crit, qui m\u00e9lange trois situations totalement diff\u00e9rentes sur le plan juridique\u00bb, regrette leur chef de file Patrick Kanner.<\/p>\n<p class=\"sc-ksZaOG ehjQrN text-element\">Le rejet probable du S\u00e9nat placerait le gouvernement dans une situation d\u00e9licate sur ce texte. Convoquera-t-il une commission mixte paritaire (CMP), r\u00e9union de sept s\u00e9nateurs et sept d\u00e9put\u00e9s charg\u00e9s de n\u00e9gocier pour aboutir \u00e0 un texte commun ? \u00abLa logique serait de voir en CMP si un compromis est possible\u00bb, avance une source gouvernementale, refusant n\u00e9anmoins de \u00abse placer dans le cas de figure d\u2019une issue d\u00e9favorable\u00bb des d\u00e9bats dans l\u2019h\u00e9micycle du S\u00e9nat.<\/p>\n<p class=\"sc-ksZaOG ehjQrN text-element\">Si aucun accord n\u2019\u00e9merge, l\u2019ex\u00e9cutif peut \u00e9galement d\u00e9cider de donner le dernier mot \u00e0 l\u2019Assembl\u00e9e nationale\u2026 Mais il faudra l\u2019assumer aupr\u00e8s de ses alli\u00e9s. En effet, le Premier ministre Fran\u00e7ois Bayrou avait assur\u00e9 en f\u00e9vrier qu\u2019il \u00abn\u2019imagin (ait) pas qu\u2019un texte puisse \u00eatre adopt\u00e9 sur ce sujet sans qu\u2019il y ait accord de l\u2019Assembl\u00e9e nationale et du S\u00e9nat\u00bb. \u00abSi le gouvernement veut aller au bout sur sa r\u00e9forme, il va se fragiliser, mart\u00e8le Lauriane Josende, d\u00e9sign\u00e9e rapporteure par LR. Je ne suis pas s\u00fbre que le jeu en vaille la chandelle\u00bb.<\/p>\n","protected":false},"excerpt":{"rendered":"A un an des municipales, le temps presse. La r\u00e9forme du mode d\u2019\u00e9lection \u00e0 Paris, Lyon et Marseille&hellip;\n","protected":false},"author":2,"featured_media":148566,"comment_status":"","ping_status":"","sticky":false,"template":"","format":"standard","meta":{"footnotes":""},"categories":[1889],"tags":[1111,11,2430,1777,674,1011,27,2428,884,12,626,25,1004],"class_list":{"0":"post-148565","1":"post","2":"type-post","3":"status-publish","4":"format-standard","5":"has-post-thumbnail","7":"category-lyon","8":"tag-actu","9":"tag-actualites","10":"tag-auvergne-rhone-alpes","11":"tag-eu","12":"tag-europe","13":"tag-fr","14":"tag-france","15":"tag-lyon","16":"tag-marseille","17":"tag-news","18":"tag-paris","19":"tag-republique-francaise","20":"tag-senat"},"share_on_mastodon":{"url":"https:\/\/pubeurope.com\/@fr\/114618740524545606","error":""},"_links":{"self":[{"href":"https:\/\/www.europesays.com\/fr\/wp-json\/wp\/v2\/posts\/148565","targetHints":{"allow":["GET"]}}],"collection":[{"href":"https:\/\/www.europesays.com\/fr\/wp-json\/wp\/v2\/posts"}],"about":[{"href":"https:\/\/www.europesays.com\/fr\/wp-json\/wp\/v2\/types\/post"}],"author":[{"embeddable":true,"href":"https:\/\/www.europesays.com\/fr\/wp-json\/wp\/v2\/users\/2"}],"replies":[{"embeddable":true,"href":"https:\/\/www.europesays.com\/fr\/wp-json\/wp\/v2\/comments?post=148565"}],"version-history":[{"count":0,"href":"https:\/\/www.europesays.com\/fr\/wp-json\/wp\/v2\/posts\/148565\/revisions"}],"wp:featuredmedia":[{"embeddable":true,"href":"https:\/\/www.europesays.com\/fr\/wp-json\/wp\/v2\/media\/148566"}],"wp:attachment":[{"href":"https:\/\/www.europesays.com\/fr\/wp-json\/wp\/v2\/media?parent=148565"}],"wp:term":[{"taxonomy":"category","embeddable":true,"href":"https:\/\/www.europesays.com\/fr\/wp-json\/wp\/v2\/categories?post=148565"},{"taxonomy":"post_tag","embeddable":true,"href":"https:\/\/www.europesays.com\/fr\/wp-json\/wp\/v2\/tags?post=148565"}],"curies":[{"name":"wp","href":"https:\/\/api.w.org\/{rel}","templated":true}]}}