{"id":148577,"date":"2025-06-03T09:37:08","date_gmt":"2025-06-03T09:37:08","guid":{"rendered":"https:\/\/www.europesays.com\/fr\/148577\/"},"modified":"2025-06-03T09:37:08","modified_gmt":"2025-06-03T09:37:08","slug":"violences-apres-le-match-du-psg-trois-personnes-condamnees-lundi-a-paris-62-personnes-deferees-mardi","status":"publish","type":"post","link":"https:\/\/www.europesays.com\/fr\/148577\/","title":{"rendered":"Violences apr\u00e8s le match du PSG\u00a0: trois personnes condamn\u00e9es lundi \u00e0 Paris, 62 personnes d\u00e9f\u00e9r\u00e9es mardi"},"content":{"rendered":"<p>Le minist\u00e8re public a indiqu\u00e9 qu\u2019un homme de 22 ans n\u00e9 en Seine-Saint-Denis a \u00e9t\u00e9 condamn\u00e9 lundi \u00e0 huit mois de prison avec sursis pour violence sur policier sans incapacit\u00e9, un autre \u00e2g\u00e9 de 20 ans n\u00e9 \u00e0 Paris a lui \u00e9t\u00e9 condamn\u00e9 pour la m\u00eame infraction mais aussi pour d\u00e9tention de produit incendiaire \u00e0 3 mois de prison avec sursis, tandis qu\u2019un troisi\u00e8me homme, \u00e2g\u00e9 de 21 ans et n\u00e9 dans les Hauts-de-Seine, poursuivi pour violence sur un gendarme sans incapacit\u00e9, a \u00e9cop\u00e9 de 2 mois de prison avec sursis.<\/p>\n<p>Tous les trois devront en outre payer 500 euros d\u2019amende chacun, a-t-on encore indiqu\u00e9. Une quatri\u00e8me comparution imm\u00e9diate a eu lieu, sans que son r\u00e9sultat ne soit connu dans l\u2019imm\u00e9diat.<\/p>\n<p>Selon le parquet, trois autres majeurs ont comparu en proc\u00e9dure de reconnaissance pr\u00e9alable de culpabilit\u00e9 tandis que cinq autres doivent \u00eatre jug\u00e9s lors d\u2019une audience ult\u00e9rieure.<\/p>\n<p>Pr\u00e8s de 300 gardes \u00e0 vue men\u00e9es<\/p>\n<p>Le minist\u00e8re public a, en outre, annonc\u00e9 que 62 personnes seraient pr\u00e9sent\u00e9es mardi \u00e0 un magistrat \u00e0 l\u2019issue de leur garde \u00e0 vue, \u00ab selon des orientations \u00e0 pr\u00e9ciser \u00bb, qui pourraient donner lieu \u00e9galement \u00e0 un certain nombre de comparutions imm\u00e9diates.<\/p>\n<p>\u00ab Une ouverture d\u2019information judiciaire est envisag\u00e9e pour les faits de vol par effraction en r\u00e9union commis au pr\u00e9judice des magasins Footlocker et Marionnaud \u00bb, a par ailleurs pr\u00e9cis\u00e9 le parquet.<\/p>\n<p>S\u2019agissant de mineurs, au moins 14 conna\u00eetront des poursuites p\u00e9nales \u00e0 Paris, mais des dizaines de cas sont trait\u00e9s par d\u2019autres juridictions.<\/p>\n<p>Sur les pr\u00e8s de 300 gardes \u00e0 vue men\u00e9es \u00e0 la suite de ces c\u00e9l\u00e9brations, 91 majeurs ont vu leur proc\u00e9dure class\u00e9e, 23 devront verser une contribution citoyenne, principalement pour de la d\u00e9tention d\u2019engins pyrotechniques, 27 se verront notifier une ordonnance p\u00e9nale pour des faits notamment d\u2019outrage \u00e0 personne d\u00e9positaire de l\u2019autorit\u00e9 publique, de r\u00e9bellion et de port d\u2019arme de cat\u00e9gorie D et 7 gardes \u00e0 vue ont \u00e9t\u00e9 lev\u00e9es dans le cadre d\u2019enqu\u00eates qui se poursuivent.<\/p>\n","protected":false},"excerpt":{"rendered":"Le minist\u00e8re public a indiqu\u00e9 qu\u2019un homme de 22 ans n\u00e9 en Seine-Saint-Denis a \u00e9t\u00e9 condamn\u00e9 lundi \u00e0&hellip;\n","protected":false},"author":2,"featured_media":148578,"comment_status":"","ping_status":"","sticky":false,"template":"","format":"standard","meta":{"footnotes":""},"categories":[1888],"tags":[11,765,3166,1777,674,118,63,1011,27,12,626,93,25,60,809],"class_list":{"0":"post-148577","1":"post","2":"type-post","3":"status-publish","4":"format-standard","5":"has-post-thumbnail","7":"category-paris","8":"tag-actualites","9":"tag-en-continu","10":"tag-en-continu-sports","11":"tag-eu","12":"tag-europe","13":"tag-faits-divers","14":"tag-football","15":"tag-fr","16":"tag-france","17":"tag-news","18":"tag-paris","19":"tag-psg","20":"tag-republique-francaise","21":"tag-sports","22":"tag-violence"},"share_on_mastodon":{"url":"https:\/\/pubeurope.com\/@fr\/114618764169485270","error":""},"_links":{"self":[{"href":"https:\/\/www.europesays.com\/fr\/wp-json\/wp\/v2\/posts\/148577","targetHints":{"allow":["GET"]}}],"collection":[{"href":"https:\/\/www.europesays.com\/fr\/wp-json\/wp\/v2\/posts"}],"about":[{"href":"https:\/\/www.europesays.com\/fr\/wp-json\/wp\/v2\/types\/post"}],"author":[{"embeddable":true,"href":"https:\/\/www.europesays.com\/fr\/wp-json\/wp\/v2\/users\/2"}],"replies":[{"embeddable":true,"href":"https:\/\/www.europesays.com\/fr\/wp-json\/wp\/v2\/comments?post=148577"}],"version-history":[{"count":0,"href":"https:\/\/www.europesays.com\/fr\/wp-json\/wp\/v2\/posts\/148577\/revisions"}],"wp:featuredmedia":[{"embeddable":true,"href":"https:\/\/www.europesays.com\/fr\/wp-json\/wp\/v2\/media\/148578"}],"wp:attachment":[{"href":"https:\/\/www.europesays.com\/fr\/wp-json\/wp\/v2\/media?parent=148577"}],"wp:term":[{"taxonomy":"category","embeddable":true,"href":"https:\/\/www.europesays.com\/fr\/wp-json\/wp\/v2\/categories?post=148577"},{"taxonomy":"post_tag","embeddable":true,"href":"https:\/\/www.europesays.com\/fr\/wp-json\/wp\/v2\/tags?post=148577"}],"curies":[{"name":"wp","href":"https:\/\/api.w.org\/{rel}","templated":true}]}}