{"id":148582,"date":"2025-06-03T09:40:08","date_gmt":"2025-06-03T09:40:08","guid":{"rendered":"https:\/\/www.europesays.com\/fr\/148582\/"},"modified":"2025-06-03T09:40:08","modified_gmt":"2025-06-03T09:40:08","slug":"yvann-macon-en-route-pour-les-usa-pour-un-exploit","status":"publish","type":"post","link":"https:\/\/www.europesays.com\/fr\/148582\/","title":{"rendered":"Yvann Ma\u00e7on en route pour les USA pour un exploit !"},"content":{"rendered":"<p class=\"\" data-start=\"419\" data-end=\"759\"><strong data-start=\"419\" data-end=\"759\">Yvann Ma\u00e7on, lat\u00e9ral de l\u2019AS Saint-\u00c9tienne, participera \u00e0 la Gold Cup 2025 sous les couleurs de la Guadeloupe. Le s\u00e9lectionneur Jocelyn Angloma l\u2019a retenu dans une liste de 26 joueurs convoqu\u00e9s pour repr\u00e9senter les Gwada Boys lors de ce prestigieux tournoi continental, organis\u00e9 du 14 juin au 6 juillet 2025 aux \u00c9tats-Unis et au Canada.<\/strong><\/p>\n<p class=\"\" data-start=\"804\" data-end=\"1154\">\u00c0 l\u2019issue d\u2019une saison 2024-2025 o\u00f9 il a eu du mal \u00e0 retrouver de la continuit\u00e9 sous le maillot st\u00e9phanois, <strong data-start=\"899\" data-end=\"985\">Yvann Ma\u00e7on conna\u00eet toutefois une r\u00e9compense en rejoignant la s\u00e9lection guadeloup\u00e9enne<\/strong>. Il sera l\u2019un des piliers d\u2019une d\u00e9fense qui comptera \u00e9galement sur Christopher Jullien (Montpellier), Dimitri Cavar\u00e9 (Umraniyespor) et J\u00e9r\u00f4me Roussillon (Union Berlin).<\/p>\n<p class=\"\" data-start=\"1156\" data-end=\"1294\">Le groupe dirig\u00e9 par Jocelyn Angloma se retrouvera d\u00e8s le <strong data-start=\"1214\" data-end=\"1238\">5 juin en Guadeloupe<\/strong>, avant de s\u2019envoler pour les \u00c9tats-Unis le <strong data-start=\"1282\" data-end=\"1293\">12 juin<\/strong>.<\/p>\n<p>Une comp\u00e9tition de haut niveau pour Ma\u00e7on !<\/p>\n<p class=\"\" data-start=\"1337\" data-end=\"1662\">Organis\u00e9e tous les deux ans par la <strong data-start=\"1372\" data-end=\"1384\">CONCACAF<\/strong>, la <strong data-start=\"1389\" data-end=\"1401\">Gold Cup<\/strong> est le tournoi de r\u00e9f\u00e9rence pour les nations d\u2019Am\u00e9rique du Nord, Centrale et des Cara\u00efbes. L\u2019\u00e9dition 2025 sera la <strong data-start=\"1516\" data-end=\"1537\">18\u1d49 de l\u2019histoire<\/strong> et se d\u00e9roulera <strong data-start=\"1554\" data-end=\"1581\">du 14 juin au 6 juillet<\/strong> sur les terres du <strong data-start=\"1600\" data-end=\"1628\">Canada et des \u00c9tats-Unis<\/strong>, co-organisateurs de l\u2019\u00e9v\u00e9nement.<\/p>\n<p class=\"\" data-start=\"1664\" data-end=\"2012\">16 nations y prendront part avec un seul objectif : <strong data-start=\"1716\" data-end=\"1762\">d\u00e9crocher le titre de champion continental<\/strong>. La <strong data-start=\"1767\" data-end=\"1781\">Guadeloupe<\/strong>, qui ne fait pas partie de la FIFA mais peut concourir dans les comp\u00e9titions r\u00e9gionales, s\u2019est r\u00e9guli\u00e8rement illustr\u00e9e par le pass\u00e9. Son <strong data-start=\"1919\" data-end=\"1981\">meilleur r\u00e9sultat reste une demi-finale historique en 2007<\/strong>, qui avait marqu\u00e9 les esprits.<\/p>\n<p>Groupe C : un d\u00e9fi de taille<\/p>\n<p class=\"\" data-start=\"2053\" data-end=\"2163\">Les <strong data-start=\"2057\" data-end=\"2094\">Gwada Boys ont h\u00e9rit\u00e9 du Groupe C<\/strong>, particuli\u00e8rement relev\u00e9, avec trois confrontations de haut niveau :<\/p>\n<ul data-start=\"2165\" data-end=\"2910\">\n<li class=\"\" data-start=\"2165\" data-end=\"2432\">\n<p class=\"\" data-start=\"2167\" data-end=\"2432\"><strong data-start=\"2167\" data-end=\"2210\">\ud83d\udcc5 Lundi 16 juin \u2013 Panama vs Guadeloupe<\/strong> \u00e0 18h50<br data-start=\"2218\" data-end=\"2221\"\/>\ud83c\udfdf\ufe0f Dignity Health Sports Park, Carson (USA)<br data-start=\"2269\" data-end=\"2272\"\/>Le Panama est un triple finaliste de la Gold Cup. Les deux \u00e9quipes s\u2019\u00e9taient quitt\u00e9es sur une victoire chacune lors de leurs pr\u00e9c\u00e9dents duels dans le tournoi.<\/p>\n<\/li>\n<li class=\"\" data-start=\"2434\" data-end=\"2642\">\n<p class=\"\" data-start=\"2436\" data-end=\"2642\"><strong data-start=\"2436\" data-end=\"2484\">\ud83d\udcc5 Vendredi 20 juin \u2013 Jama\u00efque vs Guadeloupe<\/strong> \u00e0 19h35<br data-start=\"2492\" data-end=\"2495\"\/>\ud83c\udfdf\ufe0f PayPal Park, San Jos\u00e9 (USA)<br data-start=\"2530\" data-end=\"2533\"\/>Un duel carib\u00e9en face \u00e0 une nation exp\u00e9riment\u00e9e, double finaliste. La Jama\u00efque l\u2019avait emport\u00e9 2-1 en 2021.<\/p>\n<\/li>\n<li class=\"\" data-start=\"2644\" data-end=\"2910\">\n<p class=\"\" data-start=\"2646\" data-end=\"2910\"><strong data-start=\"2646\" data-end=\"2692\">\ud83d\udcc5 Mardi 24 juin \u2013 Guadeloupe vs Guatemala<\/strong> \u00e0 18h50<br data-start=\"2700\" data-end=\"2703\"\/>\ud83c\udfdf\ufe0f Shell Energy Stadium, Houston (USA)<br data-start=\"2746\" data-end=\"2749\"\/>Ce dernier match pourrait \u00eatre d\u00e9cisif pour une qualification en quart de finale. Les confrontations pass\u00e9es entre les deux nations ont souvent \u00e9t\u00e9 accroch\u00e9es.<\/p>\n<\/li>\n<\/ul>\n<p>Ma\u00e7on, un r\u00f4le cl\u00e9 \u00e0 jouer<\/p>\n<p class=\"\" data-start=\"2949\" data-end=\"3244\">Dans ce contexte, <strong data-start=\"2967\" data-end=\"3057\">Yvann Ma\u00e7on pourrait s\u2019imposer comme un \u00e9l\u00e9ment essentiel de la d\u00e9fense guadeloup\u00e9enne<\/strong>. Son profil explosif, sa capacit\u00e9 \u00e0 jouer \u00e0 plusieurs postes et son exp\u00e9rience du haut niveau en France font de lui un atout dans une s\u00e9lection o\u00f9 l\u2019organisation d\u00e9fensive sera cruciale.<\/p>\n<p class=\"\" data-start=\"3246\" data-end=\"3466\">Reste \u00e0 savoir dans quel \u00e9tat de forme rentrera le st\u00e9phanois dont le contrat se terminera en juin 2027. Il est fort possible que sa reprise soit d\u00e9cal\u00e9e et am\u00e9nag\u00e9e. D&rsquo;ici-l\u00e0, le Gwada Boy de l&rsquo;ASSE reviendra peut-\u00eatre le coeur l\u00e9ger et une m\u00e9daille autour du cou&#8230;<\/p>\n<p>\u00a0<\/p>\n<blockquote class=\"instagram-media\" style=\"background: #FFF; border: 0; border-radius: 3px; box-shadow: 0 0 1px 0 rgba(0,0,0,0.5),0 1px 10px 0 rgba(0,0,0,0.15); margin: 1px; max-width: 540px; min-width: 326px; padding: 0; width: calc(100% - 2px);\" data-instgrm-captioned=\"\" data-instgrm-permalink=\"https:\/\/www.instagram.com\/p\/DKZ-LpYRb8H\/?utm_source=ig_embed&amp;utm_campaign=loading\" data-instgrm-version=\"14\">\n<\/blockquote>\n<p>\t\t\t\t\t\t\t\t\t\t\t\t\t\t\t\t\t<script async src=\"\/\/www.instagram.com\/embed.js\"><\/script><\/p>\n","protected":false},"excerpt":{"rendered":"Yvann Ma\u00e7on, lat\u00e9ral de l\u2019AS Saint-\u00c9tienne, participera \u00e0 la Gold Cup 2025 sous les couleurs de la Guadeloupe.&hellip;\n","protected":false},"author":2,"featured_media":148583,"comment_status":"","ping_status":"","sticky":false,"template":"","format":"standard","meta":{"footnotes":""},"categories":[1589],"tags":[11,444,461,27779,27780,73,1866,27781,27782,27783,27784,27785,27786,27787,27788,27789,12,27790,27791,1864,1865,1863,308,27792],"class_list":{"0":"post-148582","1":"post","2":"type-post","3":"status-publish","4":"format-standard","5":"has-post-thumbnail","7":"category-etats-unis","8":"tag-actualites","9":"tag-as-saint-etienne","10":"tag-asse","11":"tag-calendrier-gold-cup-2025","12":"tag-defenseur-asse","13":"tag-etats-unis","14":"tag-etats-unis-damerique","15":"tag-gold-cup-2025","16":"tag-groupe-c-gold-cup","17":"tag-guadeloupe-football","18":"tag-guatemala-guadeloupe","19":"tag-jamaique-guadeloupe","20":"tag-jocelyn-angloma","21":"tag-macon-gold-cup","22":"tag-macon-guadeloupe","23":"tag-macon-selection-2025","24":"tag-news","25":"tag-panama-guadeloupe","26":"tag-selection-guadeloupe","27":"tag-united-states","28":"tag-united-states-of-america","29":"tag-us","30":"tag-usa","31":"tag-yvann-macon"},"share_on_mastodon":{"url":"https:\/\/pubeurope.com\/@fr\/114618775919217352","error":""},"_links":{"self":[{"href":"https:\/\/www.europesays.com\/fr\/wp-json\/wp\/v2\/posts\/148582","targetHints":{"allow":["GET"]}}],"collection":[{"href":"https:\/\/www.europesays.com\/fr\/wp-json\/wp\/v2\/posts"}],"about":[{"href":"https:\/\/www.europesays.com\/fr\/wp-json\/wp\/v2\/types\/post"}],"author":[{"embeddable":true,"href":"https:\/\/www.europesays.com\/fr\/wp-json\/wp\/v2\/users\/2"}],"replies":[{"embeddable":true,"href":"https:\/\/www.europesays.com\/fr\/wp-json\/wp\/v2\/comments?post=148582"}],"version-history":[{"count":0,"href":"https:\/\/www.europesays.com\/fr\/wp-json\/wp\/v2\/posts\/148582\/revisions"}],"wp:featuredmedia":[{"embeddable":true,"href":"https:\/\/www.europesays.com\/fr\/wp-json\/wp\/v2\/media\/148583"}],"wp:attachment":[{"href":"https:\/\/www.europesays.com\/fr\/wp-json\/wp\/v2\/media?parent=148582"}],"wp:term":[{"taxonomy":"category","embeddable":true,"href":"https:\/\/www.europesays.com\/fr\/wp-json\/wp\/v2\/categories?post=148582"},{"taxonomy":"post_tag","embeddable":true,"href":"https:\/\/www.europesays.com\/fr\/wp-json\/wp\/v2\/tags?post=148582"}],"curies":[{"name":"wp","href":"https:\/\/api.w.org\/{rel}","templated":true}]}}