{"id":148607,"date":"2025-06-03T09:55:10","date_gmt":"2025-06-03T09:55:10","guid":{"rendered":"https:\/\/www.europesays.com\/fr\/148607\/"},"modified":"2025-06-03T09:55:10","modified_gmt":"2025-06-03T09:55:10","slug":"romain-cardis-on-fait-avec-nos-moyens-actualite","status":"publish","type":"post","link":"https:\/\/www.europesays.com\/fr\/148607\/","title":{"rendered":"Romain Cardis : \u00ab On fait avec nos moyens \u00bb &#8211; Actualit\u00e9"},"content":{"rendered":"<p style=\"text-align: justify;\"><strong>Romain Cardis dispute actuellement sa cinqui\u00e8me saison au sein de la formation St-Michel-Preference Home-Auber 93. Le coureur de 32 ans est devenu, au fil des ann\u00e9es, le capitaine de route naturel de la Conti francilienne et prend de plus en plus de plaisir \u00e0 transmettre son exp\u00e9rience aux jeunes de l\u2019\u00e9quipe, bien qu\u2019il ressente toujours le besoin de pouvoir jouer sa carte personnelle de temps \u00e0 autre, histoire de conserver une motivation intacte. DirectVelo a profit\u00e9 de sa pr\u00e9sence sur les Boucles de la Mayenne (2.Pro) pour faire le point avec l\u2019ancien laur\u00e9at du Tour du Loir-et-Cher, d\u2019une \u00e9tape du Tour de Wallonie ou encore de Paris-Troyes.<\/strong><\/p>\n<p><strong><strong>DirectVelo : O\u00f9 en es-tu en cette fin de printemps ?<br \/><\/strong><\/strong><strong>Romain Cardis : La forme est ascendante. J\u2019ai coup\u00e9 apr\u00e8s le R\u00e9gion Pays de la Loire Tour puis j\u2019ai repris sur les courses d\u2019un jour bretonnes (il en a disput\u00e9 trois sur les quatre au programme, NDLR) puis \u00e0 Dunkerque. J\u2019\u00e9tais un peu court au d\u00e9but mais \u00e7a commen\u00e7ait \u00e0 aller un peu mieux \u00e0 Dunkerque (10e le dernier jour, NDLR). Ici en Mayenne, il n\u2019a pas \u00e9t\u00e9 facile d\u2019aller chercher des r\u00e9sultats. Le niveau est \u00e9lev\u00e9. C\u2019est une ann\u00e9e importante pour les mont\u00e9es\/descentes, le niveau est encore plus dense que les autres ann\u00e9es. Pour une \u00e9quipe Continentale, il est encore plus dur d\u2019exister mais on fait avec nos moyens en essayant d\u2019aller chercher le maximum tous les jours malgr\u00e9 tout.<\/strong><\/p>\n<p><strong><strong>\u00ab J\u2019ESSAIE DE GUIDER LES JEUNES \u00bb<\/strong><\/strong><\/p>\n<p><strong><strong>C\u2019est d\u00e9j\u00e0 ta cinqui\u00e8me saison dans l\u2019\u00e9quipe !<br \/><\/strong><\/strong><strong>Je me sens bien, il y a un bel esprit de famille ici. On est soud\u00e9s, on bosse bien tous ensemble. Lorsque j\u2019\u00e9tais arriv\u00e9 dans l\u2019\u00e9quipe, c\u2019\u00e9tait dans l\u2019optique de rebondir pour essayer de retrouver une ProTeam ou une WorldTeam \u00e0 terme (il avait, pour rappel, \u00e9volu\u00e9 durant cinq saisons chez TotalEnergies auparavant, NDLR). Finalement, \u00e7a ne s\u2019est pas fait. Maintenant, je suis devenu le capitaine de route de l\u2019\u00e9quipe, j\u2019essaie de guider les jeunes et je peux jouer ma carte de temps en temps pour garder un peu de plaisir et de motivation. Mais le plaisir, je l\u2019ai aussi en bossant pour les jeunes et en les voyant briller.<\/strong><\/p>\n<p><strong><strong>C\u2019est donc un r\u00f4le qui te tient \u00e0 c\u0153ur ?<br \/><\/strong><\/strong><strong>Tous les ans, des jeunes arrivent dans l\u2019\u00e9quipe, des gars qui n\u2019ont pas forc\u00e9ment confiance en eux alors j\u2019essaie de les guider au maximum, de leur transmettre mon savoir sur la fa\u00e7on de courir ou de g\u00e9rer ses efforts, de se placer quand il le faut. Mais apr\u00e8s, c\u2019est surtout la jambe qui parle.<\/strong><\/p>\n<p><strong><strong>\u00ab J\u2019AI BESOIN DE JOUER LA VICTOIRE \u00bb<\/strong><\/strong><\/p>\n<p><strong><strong>Le groupe arrive \u00e0 se d\u00e9fendre avec r\u00e9guli\u00e8rement des places d\u2019honneur\u2026<br \/><\/strong><\/strong><strong>Il n\u2019y a pas de recette miracle mais tous les ans, cinq-six coureurs au moins restent dans l\u2019\u00e9quipe et on essaie de transmettre l\u2019esprit collectif et convivial de l\u2019\u00e9quipe, que ce soit entre coureurs ou avec le staff. Quand \u00e7a va bien dans la t\u00eate, \u00e7a va toujours mieux sur le v\u00e9lo \u00e9galement et c\u2019est encore le cas cette ann\u00e9e gr\u00e2ce \u00e0 un coureur comme Nicolas Breuillard, notamment.<\/strong><\/p>\n<p><strong><strong>De ton c\u00f4t\u00e9, tu as d\u00e9croch\u00e9 deux Top 10 depuis le d\u00e9but de saison\u2026<br \/><\/strong><\/strong><strong>Oui, \u00e7a concr\u00e9tise aussi le travail qui est fait tout au long de l\u2019ann\u00e9e \u00e0 l\u2019entra\u00eenement, j\u2019ai besoin de jouer la victoire par-ci par-l\u00e0 mais quand ce sont les copains qui jouent la gagne, \u00e7a me fait plaisir aussi.<\/strong><\/p>\n","protected":false},"excerpt":{"rendered":"Romain Cardis dispute actuellement sa cinqui\u00e8me saison au sein de la formation St-Michel-Preference Home-Auber 93. Le coureur de&hellip;\n","protected":false},"author":2,"featured_media":148608,"comment_status":"","ping_status":"","sticky":false,"template":"","format":"standard","meta":{"footnotes":""},"categories":[1411],"tags":[834,828,836,829,837,827,83,826,824,823,1154,207,814,817,815,816,822,821,832,211,839,1011,27,820,818,819,835,831,830,833,838,60,212,208,825],"class_list":{"0":"post-148607","1":"post","2":"type-post","3":"status-publish","4":"format-standard","5":"has-post-thumbnail","7":"category-cyclisme","8":"tag-attaque","9":"tag-belgique","10":"tag-braquet","11":"tag-bretagne","12":"tag-chute","13":"tag-competition","14":"tag-coupe-de-france","15":"tag-coureur","16":"tag-course-cyclisme","17":"tag-course-cycliste","18":"tag-cycling","19":"tag-cyclisme","20":"tag-direct","21":"tag-direct-velo","22":"tag-directvelo","23":"tag-directvelo-com","24":"tag-epreuve","25":"tag-epreuve-cycliste","26":"tag-federation-francaise-de-cyclisme","27":"tag-ffc","28":"tag-flandres","29":"tag-fr","30":"tag-france","31":"tag-live","32":"tag-live-course","33":"tag-live-epreuve","34":"tag-peloton","35":"tag-radio-peloton","36":"tag-radio-tour","37":"tag-ravitaillement","38":"tag-relance","39":"tag-sports","40":"tag-uci","41":"tag-velo","42":"tag-velos"},"share_on_mastodon":{"url":"https:\/\/pubeurope.com\/@fr\/114618834850661895","error":""},"_links":{"self":[{"href":"https:\/\/www.europesays.com\/fr\/wp-json\/wp\/v2\/posts\/148607","targetHints":{"allow":["GET"]}}],"collection":[{"href":"https:\/\/www.europesays.com\/fr\/wp-json\/wp\/v2\/posts"}],"about":[{"href":"https:\/\/www.europesays.com\/fr\/wp-json\/wp\/v2\/types\/post"}],"author":[{"embeddable":true,"href":"https:\/\/www.europesays.com\/fr\/wp-json\/wp\/v2\/users\/2"}],"replies":[{"embeddable":true,"href":"https:\/\/www.europesays.com\/fr\/wp-json\/wp\/v2\/comments?post=148607"}],"version-history":[{"count":0,"href":"https:\/\/www.europesays.com\/fr\/wp-json\/wp\/v2\/posts\/148607\/revisions"}],"wp:featuredmedia":[{"embeddable":true,"href":"https:\/\/www.europesays.com\/fr\/wp-json\/wp\/v2\/media\/148608"}],"wp:attachment":[{"href":"https:\/\/www.europesays.com\/fr\/wp-json\/wp\/v2\/media?parent=148607"}],"wp:term":[{"taxonomy":"category","embeddable":true,"href":"https:\/\/www.europesays.com\/fr\/wp-json\/wp\/v2\/categories?post=148607"},{"taxonomy":"post_tag","embeddable":true,"href":"https:\/\/www.europesays.com\/fr\/wp-json\/wp\/v2\/tags?post=148607"}],"curies":[{"name":"wp","href":"https:\/\/api.w.org\/{rel}","templated":true}]}}