{"id":148617,"date":"2025-06-03T10:00:14","date_gmt":"2025-06-03T10:00:14","guid":{"rendered":"https:\/\/www.europesays.com\/fr\/148617\/"},"modified":"2025-06-03T10:00:14","modified_gmt":"2025-06-03T10:00:14","slug":"dans-maries-au-premier-regard-le-premier-couple-a-setre-marie-annonce-deja-sa-rupture","status":"publish","type":"post","link":"https:\/\/www.europesays.com\/fr\/148617\/","title":{"rendered":"Dans \u00ab\u00a0Mari\u00e9s au premier regard\u00a0\u00bb, le premier couple \u00e0 s\u2019\u00eatre mari\u00e9 annonce d\u00e9j\u00e0 sa rupture"},"content":{"rendered":"<p>        <img decoding=\"async\" loading=\"lazy\" src=\"https:\/\/www.europesays.com\/fr\/wp-content\/uploads\/2025\/06\/6f3d18b_sirius-fs-upload-1-tnecvql64hyd-1748933931075-m6-0066764-0022.jpg\"  width=\"728\" height=\"410\" alt=\"Le premier mariage de la saison 9\u00a0de \u00ab\u00a0Mari\u00e9s au premier regard\u00a0\u00bb n\u2019a pas eu une fin heureuse.\"\/>  <\/p>\n<p>Julien THEUIL \/ M6<\/p>\n<p>Le premier mariage de la saison 9\u00a0de \u00ab\u00a0Mari\u00e9s au premier regard\u00a0\u00bb n\u2019a pas eu une fin heureuse.<\/p>\n<p class=\"asset asset-text\">PEOPLE &#8211; Leur union aura \u00e9t\u00e9 de courte dur\u00e9e. Le premier couple \u00e0 s\u2019\u00eatre dit oui dans la saison 9\u00a0de <a href=\"https:\/\/www.huffingtonpost.fr\/divertissement\/article\/maries-au-premier-regard-revient-sur-m6-avec-d-anciens-candidats-celibataires-et-des-telespectateurs_246099.html\" target=\"_blank\" rel=\"noopener\">Mari\u00e9s au premier regard<\/a> sur <a href=\"https:\/\/www.huffingtonpost.fr\/divertissement\/article\/nouveau-jour-le-nouveau-feuilleton-de-m6-avec-laetitia-milot-va-plaire-aux-fans-de-plus-belle-la-vie_250810.html\" target=\"_blank\" rel=\"noopener\">M6<\/a>\u00a0s\u2019est d\u00e9j\u00e0 s\u00e9par\u00e9. Dans l\u2019\u00e9pisode diffus\u00e9 lundi 2\u00a0juin, Jennifer a am\u00e8rement annonc\u00e9 sa rupture avec Keyn, d\u00e9cid\u00e9e par ce dernier\u00a0: \u00ab\u00a0Il m\u2019a tout impos\u00e9 et je n\u2019ai pas compris. Ce n\u2019est pas la fin que j\u2019attendais. \u00c7a m\u2019a fait un choc en r\u00e9alit\u00e9\u00a0\u00bb, a confi\u00e9 la coach sportive de 33\u00a0ans.<\/p>\n<p class=\"asset asset-text\">Lors de la diffusion de leur bilan la semaine pass\u00e9, leur avenir semblait d\u00e9j\u00e0 incertain. La veille du passage devant les expertes, le pompier de 31\u00a0ans avait dit vouloir mettre fin \u00e0 cette relation. Finalement, apr\u00e8s la discussion avec les psychologues <a href=\"https:\/\/www.huffingtonpost.fr\/divertissement\/article\/avec-maries-au-premier-regard-6play-teste-une-nouveaute-qui-pourrait-devenir-une-habitude_197839.html\" target=\"_blank\" rel=\"noopener\">Estelle Dossin<\/a> et\u00a0Marie Tapernoux, Keyn avait d\u00e9cid\u00e9 de laisser une chance \u00e0 leur mariage.<\/p>\n<p class=\"asset asset-text\">Mais selon les r\u00e9v\u00e9lations de Jennifer, il n\u2019en \u00e9tait rien\u00a0: \u00ab\u00a0Dans le taxi, il m\u2019a avou\u00e9 qu\u2019en r\u00e9alit\u00e9 il a dit oui pour que l\u2019on reste mari\u00e9s, mais\u00a0que ce n\u2019\u00e9tait pas ce qu\u2019il pensait et ressentait r\u00e9ellement\u00a0\u00bb, a-t-elle racont\u00e9. Selon Jennifer, Keyn aurait pr\u00e9f\u00e9r\u00e9 continuer de jouer le jeu pour l\u2019\u00e9mission, plut\u00f4t qu\u2019assumer sa d\u00e9cision\u00a0: \u00ab\u00a0Il a pr\u00e9f\u00e9r\u00e9 dire \u00e7a devant les cam\u00e9ras\u00a0pour me prot\u00e9ger, mais il n\u2019avait pas chang\u00e9 d\u2019avis\u00a0: il souhaitait toujours divorcer\u00a0\u00bb.<\/p>\n<p>    Une rupture, deux versions    <\/p>\n<p class=\"asset asset-text\">Le principal int\u00e9ress\u00e9 nie avoir quitt\u00e9 sa femme aussi rapidement\u00a0apr\u00e8s le tournage\u00a0: \u00ab\u00a0Quand je lui ai expliqu\u00e9 mon ressenti, \u00e7a l\u2019a bless\u00e9e forc\u00e9ment, c\u2019est parti en vrille et la s\u00e9paration s\u2019est faite tout de suite\u00a0\u00bb, explique-t-il de son c\u00f4t\u00e9 sur leur \u00e9change dans le taxi, ajoutant\u00a0: \u00ab\u00a0Je ne voulais pas faire \u00e7a tout de suite, juste apr\u00e8s le bilan, on avait des choses \u00e0 exp\u00e9rimenter.\u00a0Je devais partir en vacances et on aurait pu voir si le manque se cr\u00e9ait, mais \u00e9galement des discussions\u00a0qui auraient peut-\u00eatre pu me faire changer d\u2019avis\u00a0\u00bb.<\/p>\n<p>                          <img decoding=\"async\" loading=\"lazy\" src=\"https:\/\/www.europesays.com\/fr\/wp-content\/uploads\/2025\/06\/8e7abfd_sirius-fs-upload-1-w2uel7am3eyf-1748933787526-m6-0066764-0213.jpg\"  width=\"728\" height=\"409\" alt=\"Le mariage de Keyn et Jennifer dans \u00ab\u00a0MAPR 2025\u00a0\u00bb s\u2019est termin\u00e9 en divorce.\"\/>  <\/p>\n<p>Julien THEUIL \/ M6<\/p>\n<p>Le mariage de Keyn et Jennifer dans \u00ab\u00a0MAPR 2025\u00a0\u00bb s\u2019est termin\u00e9 en divorce.<\/p>\n<p class=\"asset asset-text\">Sur Instagram le 30\u00a0mai, Keyn avait m\u00eame avanc\u00e9 qu\u2019il avait lui-m\u00eame souhait\u00e9 laisser une chance \u00e0 leur couple et n\u2019avait pas \u00e9t\u00e9 forc\u00e9 par les expertes\u00a0: \u00ab\u00a0Il n\u2019y a rien durant le bilan qui m\u2019a fait changer d\u2019avis. Je suis revenu sur ma d\u00e9cision car la nuit porte conseil. On m\u2019a forc\u00e9 pour rien car c\u2019est moi qui prends mes d\u00e9cisions\u00a0\u00bb, avait-il dit \u00e0 ses abonn\u00e9s.<\/p>\n<p class=\"asset asset-text\">Pour Jennifer, cette seconde chance n\u2019en \u00e9tait pas vraiment une\u00a0: \u00ab\u00a0Lors du bilan avec les expertes, il dit qu\u2019il a envie de me conna\u00eetre encore plus et derri\u00e8re, il ne s\u2019est rien pass\u00e9 de tout \u00e7a. Il n\u2019est pas all\u00e9 au bout du truc\u00a0\u00bb. La coach et m\u00e8re de famille a eu la sensation que Keyn baissait les bras et regrette qu\u2019il ne se soit pas r\u00e9ellement battu pour elle.<\/p>\n<p>    Jennifer et Keyn en bons termes    <\/p>\n<p class=\"asset asset-text\">Heureusement, elle a pu compter sur le soutien de sa famille, et des <a href=\"https:\/\/www.huffingtonpost.fr\/divertissement\/article\/dans-maries-au-premier-regard-bruno-a-ete-tres-choque-par-les-critiques-des-telespectateurs-sur-son-mariage-a-l-aveugle_247554.html\" target=\"_blank\" rel=\"noopener\">t\u00e9l\u00e9spectateurs de Mari\u00e9s au premier regard<\/a>, \u00e9mus par ses larmes et ce divorce auquel ils ne s\u2019attendaient pas. Sur les r\u00e9seaux sociaux, ils sont nombreux \u00e0 d\u00e9noncer la \u00ab\u00a0fourberie\u00a0\u00bb de Keyn et sa \u00ab\u00a0l\u00e2chet\u00e9\u00a0\u00bb de ne pas avoir tenu le m\u00eame discours devant les cam\u00e9ras qu\u2019en priv\u00e9.<\/p>\n<p class=\"asset asset-text\">Malgr\u00e9 cette s\u00e9paration houleuse, Jennifer et Keyn sont rest\u00e9s en contact. \u00ab\u00a0On se parle souvent et on s\u2019appelle parfois. C\u2019est plut\u00f4t bienveillant et cordial\u00a0\u00bb, a racont\u00e9 la premi\u00e8re \u00e0 son ami\u00a0Mathieu. Une information confirm\u00e9e par Keyn, qui esp\u00e8re que leur relation se transformera en amiti\u00e9. \u00ab\u00a0On se parle beaucoup. Je ne dirai pas qu\u2019on est amis parce qu\u2019elle ne veut pas \u00eatre mon amie. Peut-\u00eatre que \u00e7a changera\u00a0\u00bb, a-t-il d\u00e9clar\u00e9. \u00ab\u00a0En tout cas, je serai toujours l\u00e0 pour elle\u00a0\u00bb. Mais sans la bague au doigt.<\/p>\n","protected":false},"excerpt":{"rendered":"Julien THEUIL \/ M6 Le premier mariage de la saison 9\u00a0de \u00ab\u00a0Mari\u00e9s au premier regard\u00a0\u00bb n\u2019a pas eu&hellip;\n","protected":false},"author":2,"featured_media":148618,"comment_status":"","ping_status":"","sticky":false,"template":"","format":"standard","meta":{"footnotes":""},"categories":[1356],"tags":[58,59,1011,27,494,252,1364],"class_list":{"0":"post-148617","1":"post","2":"type-post","3":"status-publish","4":"format-standard","5":"has-post-thumbnail","7":"category-television","8":"tag-divertissement","9":"tag-entertainment","10":"tag-fr","11":"tag-france","12":"tag-m6","13":"tag-television","14":"tag-tv"},"share_on_mastodon":{"url":"https:\/\/pubeurope.com\/@fr\/114618854762845558","error":""},"_links":{"self":[{"href":"https:\/\/www.europesays.com\/fr\/wp-json\/wp\/v2\/posts\/148617","targetHints":{"allow":["GET"]}}],"collection":[{"href":"https:\/\/www.europesays.com\/fr\/wp-json\/wp\/v2\/posts"}],"about":[{"href":"https:\/\/www.europesays.com\/fr\/wp-json\/wp\/v2\/types\/post"}],"author":[{"embeddable":true,"href":"https:\/\/www.europesays.com\/fr\/wp-json\/wp\/v2\/users\/2"}],"replies":[{"embeddable":true,"href":"https:\/\/www.europesays.com\/fr\/wp-json\/wp\/v2\/comments?post=148617"}],"version-history":[{"count":0,"href":"https:\/\/www.europesays.com\/fr\/wp-json\/wp\/v2\/posts\/148617\/revisions"}],"wp:featuredmedia":[{"embeddable":true,"href":"https:\/\/www.europesays.com\/fr\/wp-json\/wp\/v2\/media\/148618"}],"wp:attachment":[{"href":"https:\/\/www.europesays.com\/fr\/wp-json\/wp\/v2\/media?parent=148617"}],"wp:term":[{"taxonomy":"category","embeddable":true,"href":"https:\/\/www.europesays.com\/fr\/wp-json\/wp\/v2\/categories?post=148617"},{"taxonomy":"post_tag","embeddable":true,"href":"https:\/\/www.europesays.com\/fr\/wp-json\/wp\/v2\/tags?post=148617"}],"curies":[{"name":"wp","href":"https:\/\/api.w.org\/{rel}","templated":true}]}}