{"id":148631,"date":"2025-06-03T10:08:09","date_gmt":"2025-06-03T10:08:09","guid":{"rendered":"https:\/\/www.europesays.com\/fr\/148631\/"},"modified":"2025-06-03T10:08:09","modified_gmt":"2025-06-03T10:08:09","slug":"apres-le-retrait-de-wilders-des-elections-anticipees-a-venir","status":"publish","type":"post","link":"https:\/\/www.europesays.com\/fr\/148631\/","title":{"rendered":"apr\u00e8s le retrait de Wilders, des \u00e9lections anticip\u00e9es \u00e0 venir"},"content":{"rendered":"<p>Le dirigeant d\u2019extr\u00eame droite a retir\u00e9 ce mardi son parti de la coalition gouvernementale \u00e0 la suite d\u2019un diff\u00e9rend sur l\u2019immigration.<\/p>\n<p class=\"fig-paragraph\">La coalition \u00e0 la t\u00eate des Pays-Bas a fini par se disloquer. Le dirigeant d&rsquo;extr\u00eame droite n\u00e9erlandais\u00a0<a href=\"http:\/\/www.lefigaro.fr\/international\/elections-europeennes-aux-pays-bas-le-score-en-retrait-de-geert-wilders-20240607\" target=\"_blank\" data-fig-type=\"Article\" rel=\"noopener\" data-gtm-custom-categorie=\"navigation\" data-gtm-custom-action=\"crossclick\" data-gtm-custom-label=\"Contextuel\" data-gtm-event=\"customEventSPE\" data-fig-domain=\"LEFIGARO\">Geert Wilders<\/a>\u00a0a retir\u00e9 ce mardi son parti, le PVV, du gouvernement \u00e0 la suite d&rsquo;un diff\u00e9rend sur l&rsquo;immigration. Cette fracture politique ouvre la voie \u00e0 des \u00e9lections anticip\u00e9es.<\/p>\n<p class=\"fig-paragraph\">\u00abPas de signature pour notre plan sur l&rsquo;asile&#8230;Le PVV quitte la coalition\u00bb, a \u00e9crit le chef de parti sur X, en r\u00e9f\u00e9rence \u00e0 son programme visant \u00e0 durcir la politique envers les immigr\u00e9s et les demandeurs d&rsquo;asile. Ce dernier estimait que le gouvernement prenait trop de temps \u00e0 mettre en place la \u00abpolitique d&rsquo;immigration la plus stricte jamais vue\u00bb aux Pays-Bas voulue par la coalition apr\u00e8s la victoire surprise de son parti aux \u00e9lections de novembre 2023.<\/p>\n<p class=\"fig-paragraph\">Ce retrait du\u00a0<a href=\"https:\/\/www.lefigaro.fr\/international\/2017\/03\/14\/01003-20170314ARTFIG00324-ces-electeurs-du-pvv-qui-expriment-leur-malaise-identitaire-face-aux-musulmans.php\" target=\"_blank\" data-fig-type=\"Article\" rel=\"noopener\" data-gtm-custom-categorie=\"navigation\" data-gtm-custom-action=\"crossclick\" data-gtm-custom-label=\"Contextuel\" data-gtm-event=\"customEventSPE\" data-fig-domain=\"LEFIGARO\">PVV\u00a0<\/a>(Parti de la Libert\u00e9, NDLR) ouvre une p\u00e9riode d&rsquo;incertitude politique dans la cinqui\u00e8me \u00e9conomie et principal exportateur de l&rsquo;Union europ\u00e9enne. Dix-huit mois apr\u00e8s que sa victoire surprise aux \u00e9lections a provoqu\u00e9 une onde de choc en Europe et dans le monde, les sondages indiquent que la formation politique d\u2019extr\u00eame droite reste la plus forte.<\/p>\n<p class=\"fig-paragraph\">L&rsquo;\u00e9cart avec ses plus proches rivaux s&rsquo;est toutefois r\u00e9duit. Son parti est suivi de pr\u00e8s par l&rsquo;alliance entre les Verts et les sociaux-d\u00e9mocrates de l&rsquo;ancien vice-pr\u00e9sident de la Commission europ\u00e9enne Frans Timmermans. Le parti lib\u00e9ral VVD, traditionnellement un acteur majeur de la politique n\u00e9erlandaise, figure \u00e9galement dans le haut du classement, ce qui signifie que toute \u00e9lection serait probablement tr\u00e8s disput\u00e9e.<\/p>\n<p class=\"fig-paragraph\">Fin mai, Geert Wilders a convoqu\u00e9 une conf\u00e9rence de presse impromptue pour annoncer que sa patience \u00e9tait \u00ab\u00e0 bout\u00bb envers le gouvernement du Premier ministre Dick Schoof. Il a menac\u00e9 de torpiller la coalition si un nouveau plan en dix points visant \u00e0 limiter l&rsquo;immigration n&rsquo;\u00e9tait pas mis en oeuvre dans les semaines \u00e0 venir.<\/p>\n<p class=\"fig-body-link\">\n            \u00c0 lire aussi<br \/>\n        <a class=\"fig-body-link__link\" href=\"http:\/\/www.lefigaro.fr\/flash-actu\/pays-bas-deux-pakistanais-juges-pour-incitation-au-meurtre-de-geert-wilders-20240902\" data-fig-type=\"NewsFlash\" data-gtm-custom-categorie=\"navigation\" data-gtm-custom-action=\"crossclick\" data-gtm-custom-label=\"Contextuel\" data-gtm-event=\"customEventSPE\" data-fig-domain=\"LEFIGARO\" target=\"_blank\" rel=\"noopener\">Pays-Bas\u00a0: deux Pakistanais jug\u00e9s pour incitation au meurtre de Geert Wilders<br \/>\n    <\/a>\n<\/p>\n<p>\u00abFermez les fronti\u00e8res\u00bb<\/p>\n<p class=\"fig-paragraph\">Son plan pr\u00e9voyait la fermeture des fronti\u00e8res aux demandeurs d&rsquo;asile, le renforcement des contr\u00f4les aux fronti\u00e8res et l&rsquo;expulsion des personnes ayant la double nationalit\u00e9 et reconnues coupables d&rsquo;un crime. R\u00e9sumant ses exigences, il a d\u00e9clar\u00e9\u00a0: \u00abFermez les fronti\u00e8res pour les demandeurs d&rsquo;asile et les regroupements familiaux. N&rsquo;ouvrons plus de centres d&rsquo;asile. Fermons-les.\u00bb<\/p>\n<p class=\"fig-paragraph\">Des experts politiques et juridiques ont aussit\u00f4t qualifi\u00e9 ces plans d&rsquo;impraticables ou d&rsquo;ill\u00e9gaux, certains sugg\u00e9rant que M. Wilders cr\u00e9ait une crise pour faire tomber le gouvernement.<\/p>\n<p class=\"fig-paragraph\">Le dirigeant d&rsquo;<a href=\"https:\/\/www.lefigaro.fr\/international\/michael-kretschmer-ministre-president-de-saxe-l-extreme-droite-represente-la-plus-grande-menace-pour-la-democratie-en-europe-20240526\" target=\"_blank\" data-fig-type=\"Article\" rel=\"noopener\" data-gtm-custom-categorie=\"navigation\" data-gtm-custom-action=\"crossclick\" data-gtm-custom-label=\"Contextuel\" data-gtm-event=\"customEventSPE\" data-fig-domain=\"LEFIGARO\">extr\u00eame droite<\/a>\u00a0a souvent \u00e9t\u00e9 surnomm\u00e9 le \u00abTrump n\u00e9erlandais\u00bb en raison de ses opinions anti-immigr\u00e9s et de sa caract\u00e9ristique coiffure blond platine. Ses ambitions de diriger son pays ont \u00e9t\u00e9 contrari\u00e9es apr\u00e8s sa victoire \u00e9lectorale, ses partenaires de coalition ayant bloqu\u00e9 sa candidature au poste de Premier ministre, choisissant M. Schoof comme candidat du compromis. Cependant, dans un syst\u00e8me politique n\u00e9erlandais fractur\u00e9, aucun parti ne peut obtenir la majorit\u00e9 absolue au Parlement, qui compte 150 si\u00e8ges.<\/p>\n","protected":false},"excerpt":{"rendered":"Le dirigeant d\u2019extr\u00eame droite a retir\u00e9 ce mardi son parti de la coalition gouvernementale \u00e0 la suite d\u2019un&hellip;\n","protected":false},"author":2,"featured_media":148632,"comment_status":"","ping_status":"","sticky":false,"template":"","format":"standard","meta":{"footnotes":""},"categories":[5],"tags":[259,11,260,1011,27,4442,14,261,12,934,262,28],"class_list":{"0":"post-148631","1":"post","2":"type-post","3":"status-publish","4":"format-standard","5":"has-post-thumbnail","7":"category-international","8":"tag-actualite-internationale","9":"tag-actualites","10":"tag-affaires-etrangeres","11":"tag-fr","12":"tag-france","13":"tag-geert-wilders","14":"tag-international","15":"tag-ministere-des-affaires-etrangeres","16":"tag-news","17":"tag-pays-bas","18":"tag-politique-etrangere","19":"tag-world"},"share_on_mastodon":{"url":"https:\/\/pubeurope.com\/@fr\/114618885950266733","error":""},"_links":{"self":[{"href":"https:\/\/www.europesays.com\/fr\/wp-json\/wp\/v2\/posts\/148631","targetHints":{"allow":["GET"]}}],"collection":[{"href":"https:\/\/www.europesays.com\/fr\/wp-json\/wp\/v2\/posts"}],"about":[{"href":"https:\/\/www.europesays.com\/fr\/wp-json\/wp\/v2\/types\/post"}],"author":[{"embeddable":true,"href":"https:\/\/www.europesays.com\/fr\/wp-json\/wp\/v2\/users\/2"}],"replies":[{"embeddable":true,"href":"https:\/\/www.europesays.com\/fr\/wp-json\/wp\/v2\/comments?post=148631"}],"version-history":[{"count":0,"href":"https:\/\/www.europesays.com\/fr\/wp-json\/wp\/v2\/posts\/148631\/revisions"}],"wp:featuredmedia":[{"embeddable":true,"href":"https:\/\/www.europesays.com\/fr\/wp-json\/wp\/v2\/media\/148632"}],"wp:attachment":[{"href":"https:\/\/www.europesays.com\/fr\/wp-json\/wp\/v2\/media?parent=148631"}],"wp:term":[{"taxonomy":"category","embeddable":true,"href":"https:\/\/www.europesays.com\/fr\/wp-json\/wp\/v2\/categories?post=148631"},{"taxonomy":"post_tag","embeddable":true,"href":"https:\/\/www.europesays.com\/fr\/wp-json\/wp\/v2\/tags?post=148631"}],"curies":[{"name":"wp","href":"https:\/\/api.w.org\/{rel}","templated":true}]}}