{"id":148633,"date":"2025-06-03T10:09:09","date_gmt":"2025-06-03T10:09:09","guid":{"rendered":"https:\/\/www.europesays.com\/fr\/148633\/"},"modified":"2025-06-03T10:09:09","modified_gmt":"2025-06-03T10:09:09","slug":"le-manifeste-raciste-de-christophe-b-suspect-de-lattaque-terroriste-de-puget-sur-argens-liberation","status":"publish","type":"post","link":"https:\/\/www.europesays.com\/fr\/148633\/","title":{"rendered":"le manifeste raciste de Christophe B., suspect de l\u2019attaque terroriste de Puget-sur-Argens \u2013 Lib\u00e9ration"},"content":{"rendered":"<p class=\"sc-ksZaOG ehjQrN text-element\">Un mort, des armes, une revendication tr\u00e8s politique et une haine raciste qui fait froid dans le dos. Lib\u00e9 a pu consulter une des vid\u00e9os diffus\u00e9es en ligne par Christophe B., <a href=\"https:\/\/www.liberation.fr\/societe\/police-justice\/parquet-antiterroriste-saisi-videos-racistes-du-suspect-ce-que-lon-sait-du-meurtre-dun-tunisien-dans-le-var-20250602_NCT5YYNYS5AILNUGNEOMUBEZG4\/\" target=\"_blank\" rel=\"nofollow noopener\">le suspect de l\u2019attentat qui a co\u00fbt\u00e9 la vie \u00e0 Hichem Miraoui<\/a>, avant son passage \u00e0 l\u2019acte samedi soir \u00e0 Puget-sur-Argens (Var). Dans cette s\u00e9quence, le suspect invite par deux fois ses spectateurs \u00e0 \u00abvote(r) bien la prochaine fois\u00bb tout en multipliant les propos d\u2019extr\u00eame droite et les appels \u00e0 marcher dans ses pas. Un v\u00e9ritable manifeste terroriste, \u00aball\u00e9geance\u00bb comprise.<\/p>\n<p class=\"sc-ksZaOG ehjQrN text-element\">La vid\u00e9o, qui dure un peu moins d\u2019une minute trente, s\u2019ouvre sur le visage de Christophe B., qui se filme en mode selfie avec son t\u00e9l\u00e9phone. Il para\u00eet sous l\u2019emprise de l\u2019alcool, tout en semblant rester ma\u00eetre de lui-m\u00eame. \u00abBon les copains il est l\u2019heure\u00bb, annonce-t-il en pr\u00e9ambule avant d\u2019exhiber imm\u00e9diatement une arme de poing, un pistolet semi-automatique. \u00ab\u00c7a, c\u2019est qu\u2019un p\u00e9tard mais y en a, y en a un peu, y a du pompe, y a tout ce qu\u2019il faut\u00bb, explique-t-il avant de tourner rapidement la cam\u00e9ra pour filmer ce qui semble \u00eatre son domicile. L\u00e0, au milieu d\u2019un certain fatras, une partie de l\u2019arsenal de ce tireur sportif. En l\u2019esp\u00e8ce, au moins deux autres armes de poing, de nouveau<\/p>\n","protected":false},"excerpt":{"rendered":"Un mort, des armes, une revendication tr\u00e8s politique et une haine raciste qui fait froid dans le dos.&hellip;\n","protected":false},"author":2,"featured_media":148634,"comment_status":"","ping_status":"","sticky":false,"template":"","format":"standard","meta":{"footnotes":""},"categories":[4],"tags":[11,1076,1011,27,12,25],"class_list":{"0":"post-148633","1":"post","2":"type-post","3":"status-publish","4":"format-standard","5":"has-post-thumbnail","7":"category-france","8":"tag-actualites","9":"tag-extreme-droite","10":"tag-fr","11":"tag-france","12":"tag-news","13":"tag-republique-francaise"},"share_on_mastodon":{"url":"https:\/\/pubeurope.com\/@fr\/114618889903004474","error":""},"_links":{"self":[{"href":"https:\/\/www.europesays.com\/fr\/wp-json\/wp\/v2\/posts\/148633","targetHints":{"allow":["GET"]}}],"collection":[{"href":"https:\/\/www.europesays.com\/fr\/wp-json\/wp\/v2\/posts"}],"about":[{"href":"https:\/\/www.europesays.com\/fr\/wp-json\/wp\/v2\/types\/post"}],"author":[{"embeddable":true,"href":"https:\/\/www.europesays.com\/fr\/wp-json\/wp\/v2\/users\/2"}],"replies":[{"embeddable":true,"href":"https:\/\/www.europesays.com\/fr\/wp-json\/wp\/v2\/comments?post=148633"}],"version-history":[{"count":0,"href":"https:\/\/www.europesays.com\/fr\/wp-json\/wp\/v2\/posts\/148633\/revisions"}],"wp:featuredmedia":[{"embeddable":true,"href":"https:\/\/www.europesays.com\/fr\/wp-json\/wp\/v2\/media\/148634"}],"wp:attachment":[{"href":"https:\/\/www.europesays.com\/fr\/wp-json\/wp\/v2\/media?parent=148633"}],"wp:term":[{"taxonomy":"category","embeddable":true,"href":"https:\/\/www.europesays.com\/fr\/wp-json\/wp\/v2\/categories?post=148633"},{"taxonomy":"post_tag","embeddable":true,"href":"https:\/\/www.europesays.com\/fr\/wp-json\/wp\/v2\/tags?post=148633"}],"curies":[{"name":"wp","href":"https:\/\/api.w.org\/{rel}","templated":true}]}}