{"id":148637,"date":"2025-06-03T10:11:18","date_gmt":"2025-06-03T10:11:18","guid":{"rendered":"https:\/\/www.europesays.com\/fr\/148637\/"},"modified":"2025-06-03T10:11:18","modified_gmt":"2025-06-03T10:11:18","slug":"loire-la-blonde-emmenait-des-adolescents-voler-des-voitures-a-saint-etienne","status":"publish","type":"post","link":"https:\/\/www.europesays.com\/fr\/148637\/","title":{"rendered":"Loire. \u00ab\u00a0La blonde\u00a0\u00bb emmenait des adolescents voler des voitures \u00e0 Saint-\u00c9tienne"},"content":{"rendered":"<p>Elle est en larmes \u00e0 la barre du tribunal correctionnel. \u00ab\u00a0J\u2019ai fait une grosse connerie. J\u2019avais des dettes. Je travaillais comme aide-soignante, je ne m\u2019en sortais pas. J\u2019ai contact\u00e9 mon ancien dealer pour qu\u2019il me trouve des petites missions\u00a0\u00bb.<\/p>\n<p>Et c\u2019est comme \u00e7a que Marie Fougerouse, 24 ans \u00e0 l\u2019\u00e9poque, s\u2019est retrouv\u00e9e \u00ab\u00a0chauffeur Uber\u00a0\u00bb pour des mineurs.<\/p>\n<p>\u00ab\u00a0S\u2019ils ne revenaient pas, je rentrais chez moi\u00a0\u00bb<\/p>\n<p>Son r\u00f4le\u00a0? Aller r\u00e9cup\u00e9rer des jeunes gar\u00e7ons selon les ordres qui lui \u00e9taient donn\u00e9s, puis les convoyer sur les lieux o\u00f9 ils devaient voler des voitures pr\u00e9c\u00e9demment rep\u00e9r\u00e9es.<\/p>\n<p>Les faits se sont&#8230;<\/p>\n","protected":false},"excerpt":{"rendered":"Elle est en larmes \u00e0 la barre du tribunal correctionnel. \u00ab\u00a0J\u2019ai fait une grosse connerie. J\u2019avais des dettes.&hellip;\n","protected":false},"author":2,"featured_media":148638,"comment_status":"","ping_status":"","sticky":false,"template":"","format":"standard","meta":{"footnotes":""},"categories":[9653],"tags":[1111,11,2430,7539,1777,674,274,1011,27,3367,12,25,4001,7538],"class_list":{"0":"post-148637","1":"post","2":"type-post","3":"status-publish","4":"format-standard","5":"has-post-thumbnail","7":"category-saint-etienne","8":"tag-actu","9":"tag-actualites","10":"tag-auvergne-rhone-alpes","11":"tag-edition-loire-sud","12":"tag-eu","13":"tag-europe","14":"tag-faits-divers-justice","15":"tag-fr","16":"tag-france","17":"tag-loire","18":"tag-news","19":"tag-republique-francaise","20":"tag-saint-etienne","21":"tag-saint-etienne-ville"},"share_on_mastodon":{"url":"https:\/\/pubeurope.com\/@fr\/114618897822954575","error":""},"_links":{"self":[{"href":"https:\/\/www.europesays.com\/fr\/wp-json\/wp\/v2\/posts\/148637","targetHints":{"allow":["GET"]}}],"collection":[{"href":"https:\/\/www.europesays.com\/fr\/wp-json\/wp\/v2\/posts"}],"about":[{"href":"https:\/\/www.europesays.com\/fr\/wp-json\/wp\/v2\/types\/post"}],"author":[{"embeddable":true,"href":"https:\/\/www.europesays.com\/fr\/wp-json\/wp\/v2\/users\/2"}],"replies":[{"embeddable":true,"href":"https:\/\/www.europesays.com\/fr\/wp-json\/wp\/v2\/comments?post=148637"}],"version-history":[{"count":0,"href":"https:\/\/www.europesays.com\/fr\/wp-json\/wp\/v2\/posts\/148637\/revisions"}],"wp:featuredmedia":[{"embeddable":true,"href":"https:\/\/www.europesays.com\/fr\/wp-json\/wp\/v2\/media\/148638"}],"wp:attachment":[{"href":"https:\/\/www.europesays.com\/fr\/wp-json\/wp\/v2\/media?parent=148637"}],"wp:term":[{"taxonomy":"category","embeddable":true,"href":"https:\/\/www.europesays.com\/fr\/wp-json\/wp\/v2\/categories?post=148637"},{"taxonomy":"post_tag","embeddable":true,"href":"https:\/\/www.europesays.com\/fr\/wp-json\/wp\/v2\/tags?post=148637"}],"curies":[{"name":"wp","href":"https:\/\/api.w.org\/{rel}","templated":true}]}}