{"id":148645,"date":"2025-06-03T10:15:10","date_gmt":"2025-06-03T10:15:10","guid":{"rendered":"https:\/\/www.europesays.com\/fr\/148645\/"},"modified":"2025-06-03T10:15:10","modified_gmt":"2025-06-03T10:15:10","slug":"une-block-party-organisee-a-toulon-pour-lancer-lexposition-banksy-tout-ce-quil-faut-savoir","status":"publish","type":"post","link":"https:\/\/www.europesays.com\/fr\/148645\/","title":{"rendered":"Une Block party organis\u00e9e \u00e0 Toulon pour lancer l\u2019exposition Banksy: tout ce qu&rsquo;il faut savoir"},"content":{"rendered":"<p>Concerts, performances, d\u00e9monstrations&#8230; No\/ID met le paquet vendredi 6 juin pour sa premi\u00e8re Block party (f\u00eate de quartier). \u00ab\u00a0La Ville voulait c\u00e9l\u00e9brer<a href=\"https:\/\/www.varmatin.com\/arts\/banksy-au-coeur-dune-exposition-evenement-cet-ete-a-toulon-970973\" rel=\"nofollow noopener\" target=\"_blank\"> l\u2019arriv\u00e9e de l\u2019exposition internationale (R) \u00e9volution qui mettra \u00e0 l\u2019honneur Banksy<\/a> et les grandes figures du street art au Mus\u00e9e d\u2019Art de Toulon\u00a0\u00bb, pose Jessica Diaz, charg\u00e9e de production chez No\/ID. L\u2019association a donc concoct\u00e9 un programme vari\u00e9 pour une soir\u00e9e qui s\u2019annonce familiale. Programme vari\u00e9 mais avec un d\u00e9nominateur commun: mettre en avant la culture urbaine.<\/p>\n<p>\u00ab\u00a0On propose une immersion dans un univers foisonnant d\u2019expression et de cr\u00e9ativit\u00e9 issues de l\u2019espace urbain, qui a conquis le monde en moins de quarante ans pour devenir un courant majeur, inspir\u00e9 et inspirant\u00a0\u00bb, assure Jessica. Le tout en plein centre-ville dans trois espaces distincts et surtout gratuits.<\/p>\n<p><strong>Le programme<\/strong><\/p>\n<p>Les festivit\u00e9s commencent \u00e0 19h pour s\u2019achever \u00e0 minuit. Avec trois sc\u00e8nes pour trois ambiances.<\/p>\n<p>Du c\u00f4t\u00e9 de la place Camille-Auban (petite place de l\u2019\u00c9querre),<strong> trois DJ vont se relayer pour donner une ambiance un peu old school.<\/strong> \u00ab\u00a0Il y aura DJ Braze, DJ KB et DJ Host\u00a0\u00bb, annonce Jessica.<\/p>\n<p>Deuxi\u00e8me spot: la place du Globe. DJ Clam et DJ Rico feront vibrer les spectateurs avec<strong> des sons plus hip-hop, dans un esprit musiques urbaines<\/strong>. Ils partageront la sc\u00e8ne avec FRS Taga, un jeune rappeur qui a r\u00e9cemment fait le buzz sur les r\u00e9seaux. \u00ab\u00a0C\u2019est une vraie chance de l\u2019avoir\u00a0\u00bb, confirme-t-on du c\u00f4t\u00e9 de No\/ID.<\/p>\n<p>Enfin le troisi\u00e8me lieu d\u00e9di\u00e9 se trouve <strong>place des Savonni\u00e8res<\/strong>. L\u00e0, DJ Kortez, DJ Melvin Pot et DJ Marcus vont se succ\u00e9der aux platines. Et diverses performances animeront la soir\u00e9e. \u00c0 commencer par celle de<strong> Julard BeatBox, un Toulonnais, champion du monde de beatbo<\/strong>x, rien que \u00e7a! Deux \u00e9coles de danse de l\u2019aire toulonnaise seront \u00e9galement de la partie. On verra \u00e9galement des skateurs et un club de Parkour (1) qui feront des d\u00e9monstrations.<\/p>\n<p>\u00c0 noter \u00e9galement qu\u2019entre la place du Globe et celle des Savonni\u00e8res, des artistes s\u2019essayeront au live painting sur des fresques g\u00e9antes. \u00ab\u00a0Que ce soit les DJ, les graffeurs ou les sportifs, ils viennent tous du coin. C\u2019est important pour nous de mettre en avant les talents locaux\u00a0\u00bb, commente Jessica.<\/p>\n<p>1. Discipline sportive qui consiste \u00e0 franchir des obstacles urbains.<\/p>\n","protected":false},"excerpt":{"rendered":"Concerts, performances, d\u00e9monstrations&#8230; No\/ID met le paquet vendredi 6 juin pour sa premi\u00e8re Block party (f\u00eate de quartier).&hellip;\n","protected":false},"author":2,"featured_media":148646,"comment_status":"","ping_status":"","sticky":false,"template":"","format":"standard","meta":{"footnotes":""},"categories":[9619],"tags":[1111,11,1777,674,1011,27,12,882,25,2310,3366],"class_list":{"0":"post-148645","1":"post","2":"type-post","3":"status-publish","4":"format-standard","5":"has-post-thumbnail","7":"category-toulon","8":"tag-actu","9":"tag-actualites","10":"tag-eu","11":"tag-europe","12":"tag-fr","13":"tag-france","14":"tag-news","15":"tag-provence-alpes-cote-dazur","16":"tag-republique-francaise","17":"tag-toulon","18":"tag-vie-locale"},"share_on_mastodon":{"url":"https:\/\/pubeurope.com\/@fr\/114618913523155883","error":""},"_links":{"self":[{"href":"https:\/\/www.europesays.com\/fr\/wp-json\/wp\/v2\/posts\/148645","targetHints":{"allow":["GET"]}}],"collection":[{"href":"https:\/\/www.europesays.com\/fr\/wp-json\/wp\/v2\/posts"}],"about":[{"href":"https:\/\/www.europesays.com\/fr\/wp-json\/wp\/v2\/types\/post"}],"author":[{"embeddable":true,"href":"https:\/\/www.europesays.com\/fr\/wp-json\/wp\/v2\/users\/2"}],"replies":[{"embeddable":true,"href":"https:\/\/www.europesays.com\/fr\/wp-json\/wp\/v2\/comments?post=148645"}],"version-history":[{"count":0,"href":"https:\/\/www.europesays.com\/fr\/wp-json\/wp\/v2\/posts\/148645\/revisions"}],"wp:featuredmedia":[{"embeddable":true,"href":"https:\/\/www.europesays.com\/fr\/wp-json\/wp\/v2\/media\/148646"}],"wp:attachment":[{"href":"https:\/\/www.europesays.com\/fr\/wp-json\/wp\/v2\/media?parent=148645"}],"wp:term":[{"taxonomy":"category","embeddable":true,"href":"https:\/\/www.europesays.com\/fr\/wp-json\/wp\/v2\/categories?post=148645"},{"taxonomy":"post_tag","embeddable":true,"href":"https:\/\/www.europesays.com\/fr\/wp-json\/wp\/v2\/tags?post=148645"}],"curies":[{"name":"wp","href":"https:\/\/api.w.org\/{rel}","templated":true}]}}