{"id":148651,"date":"2025-06-03T10:18:12","date_gmt":"2025-06-03T10:18:12","guid":{"rendered":"https:\/\/www.europesays.com\/fr\/148651\/"},"modified":"2025-06-03T10:18:12","modified_gmt":"2025-06-03T10:18:12","slug":"il-force-violemment-lentree-chez-son-ex-compagne-malgre-une-interdiction-judiciaire","status":"publish","type":"post","link":"https:\/\/www.europesays.com\/fr\/148651\/","title":{"rendered":"il force violemment l&rsquo;entr\u00e9e chez son ex-compagne malgr\u00e9 une interdiction judiciaire"},"content":{"rendered":"<p>\n\t\t\t\t\tMalgr\u00e9 une interdiction de contact impos\u00e9e par la justice, un homme s\u2019est violemment introduit chez son ex-compagne. \t\t\t\t<\/p>\n<p>\n\t\t\t\t\t\t\t\t\t\u00a9 Photo d\u2019illustration.\t\t\t\t\t\t\t\t<\/p>\n<p>\t\t\t\t\t<a data-no-instant=\"1\" href=\"https:\/\/gard.fr\" rel=\"noopener\" class=\"a2t-link\" aria-label=\"001-image\" target=\"_blank\"><img decoding=\"async\" src=\"https:\/\/www.europesays.com\/fr\/wp-content\/uploads\/2025\/06\/001-image.jpeg\" alt=\"\"  \/><\/a><\/p>\n<p>Le <strong>28 mai dernier<\/strong>, les forces de l\u2019ordre interviennent dans un appartement \u00e0 la suite d\u2019un <strong>signalement de violences<\/strong>. Un homme, pourtant soumis \u00e0 une interdiction de contact avec son ex-compagne, s\u2019est <strong>introduit \u00e0 son domicile<\/strong>, <strong>d\u00e9gradant<\/strong> les lieux apr\u00e8s s\u2019\u00eatre <strong>jet\u00e9<\/strong> de tout son poids contre la <strong>baie vitr\u00e9e <\/strong>pour entrer. Une <strong>bagarre<\/strong> s\u2019en serait suivie avec le nouveau compagnon de la jeune femme. Ce passage \u00e0 l\u2019acte intervient deux mois seulement apr\u00e8s une <strong>condamnation prononc\u00e9e par le tribunal correctionnel<\/strong>, qui lui interdisait formellement tout contact avec son ex ou la fr\u00e9quentation de son domicile. Pourquoi avoir brav\u00e9 cette interdiction impos\u00e9e par le tribunal\u00a0? Selon la victime, son ancien compagnon la surveillait et l\u2019aurait menac\u00e9e de mort en mimant un geste d\u2019\u00e9gorgement.<\/p>\n<p>Rapidement <strong>interpell\u00e9<\/strong>, l\u2019homme est notamment poursuivi pour menaces de mort et d\u00e9gradations. L\u2019enqu\u00eate r\u00e9v\u00e8le \u00e9galement des publications sur les r\u00e9seaux sociaux dans lesquelles il tient des propos virulents \u00e0 l\u2019\u00e9gard de son ex-compagne.<\/p>\n<p>Il force le domicile de son ex-compagne et poste des publications mena\u00e7antes<\/p>\n<p>L\u2019affaire a \u00e9t\u00e9 jug\u00e9e ce lundi 3 juin par <a href=\"https:\/\/infoccitanie.fr\/tag\/tribunal\/\" target=\"_blank\" rel=\"noopener\">le tribunal correctionnel de Montpellier<\/a>. Dans le box, le pr\u00e9venu <strong>reconna\u00eet s\u2019\u00eatre introduit<\/strong> chez son ex-compagne, mais <strong>conteste les menaces de mort<\/strong>. Il avance une version oppos\u00e9e, affirmant que cette derni\u00e8re chercherait \u00e0 lui retirer la garde de leurs deux enfants. \u00ab\u00a0Comment expliquez-vous vos actes\u00a0?\u00a0\u00bb, lui demande la pr\u00e9sidente Madame Alix Fredon. Pour les storys publi\u00e9es sur Facebook, il justifie sa r\u00e9action par des insultes prof\u00e9r\u00e9es par le nouveau compagnon. \u00ab\u00a0J\u2019ai \u00e9t\u00e9 con\u00a0\u00bb, finit-il par dire. D\u00e9j\u00e0 condamn\u00e9 le 12 mars dernier pour harc\u00e8lement envers la m\u00eame victime, il devait suivre un traitement pour son addiction \u00e0 l\u2019alcool. Il admet cependant n\u2019avoir entrepris aucune d\u00e9marche en ce sens.<\/p>\n<p>Apr\u00e8s en avoir d\u00e9lib\u00e9r\u00e9, le tribunal l\u2019a finalement reconnu <strong>coupable<\/strong> des faits reproch\u00e9s. De ce fait, il a \u00e9t\u00e9 condamn\u00e9 \u00e0 <strong>12 mois d\u2019emprisonnement<\/strong>, dont <strong>6 assortis d\u2019un sursis probatoire<\/strong>. Il lui est \u00e9galement interdit d\u2019entrer en contact avec la victime ou de se rendre \u00e0 son domicile. Il devra porter un bracelet antirapprochement.<\/p>\n<p><a data-no-instant=\"1\" href=\"https:\/\/festivaldenimes.com\/\" rel=\"noopener\" class=\"a2t-link\" aria-label=\"013-image\" target=\"_blank\"><img decoding=\"async\" src=\"https:\/\/www.europesays.com\/fr\/wp-content\/uploads\/2025\/06\/013-image.jpeg\" alt=\"\"  \/><\/a>\t\t\t\t<\/p>\n","protected":false},"excerpt":{"rendered":"Malgr\u00e9 une interdiction de contact impos\u00e9e par la justice, un homme s\u2019est violemment introduit chez son ex-compagne. \u00a9&hellip;\n","protected":false},"author":2,"featured_media":148652,"comment_status":"","ping_status":"","sticky":false,"template":"","format":"standard","meta":{"footnotes":""},"categories":[9599],"tags":[1111,11,1777,674,1011,27,2208,12,2680,25,3693],"class_list":{"0":"post-148651","1":"post","2":"type-post","3":"status-publish","4":"format-standard","5":"has-post-thumbnail","7":"category-montpellier","8":"tag-actu","9":"tag-actualites","10":"tag-eu","11":"tag-europe","12":"tag-fr","13":"tag-france","14":"tag-montpellier","15":"tag-news","16":"tag-occitanie","17":"tag-republique-francaise","18":"tag-tribunal"},"share_on_mastodon":{"url":"https:\/\/pubeurope.com\/@fr\/114618925342106373","error":""},"_links":{"self":[{"href":"https:\/\/www.europesays.com\/fr\/wp-json\/wp\/v2\/posts\/148651","targetHints":{"allow":["GET"]}}],"collection":[{"href":"https:\/\/www.europesays.com\/fr\/wp-json\/wp\/v2\/posts"}],"about":[{"href":"https:\/\/www.europesays.com\/fr\/wp-json\/wp\/v2\/types\/post"}],"author":[{"embeddable":true,"href":"https:\/\/www.europesays.com\/fr\/wp-json\/wp\/v2\/users\/2"}],"replies":[{"embeddable":true,"href":"https:\/\/www.europesays.com\/fr\/wp-json\/wp\/v2\/comments?post=148651"}],"version-history":[{"count":0,"href":"https:\/\/www.europesays.com\/fr\/wp-json\/wp\/v2\/posts\/148651\/revisions"}],"wp:featuredmedia":[{"embeddable":true,"href":"https:\/\/www.europesays.com\/fr\/wp-json\/wp\/v2\/media\/148652"}],"wp:attachment":[{"href":"https:\/\/www.europesays.com\/fr\/wp-json\/wp\/v2\/media?parent=148651"}],"wp:term":[{"taxonomy":"category","embeddable":true,"href":"https:\/\/www.europesays.com\/fr\/wp-json\/wp\/v2\/categories?post=148651"},{"taxonomy":"post_tag","embeddable":true,"href":"https:\/\/www.europesays.com\/fr\/wp-json\/wp\/v2\/tags?post=148651"}],"curies":[{"name":"wp","href":"https:\/\/api.w.org\/{rel}","templated":true}]}}