{"id":148659,"date":"2025-06-03T10:22:11","date_gmt":"2025-06-03T10:22:11","guid":{"rendered":"https:\/\/www.europesays.com\/fr\/148659\/"},"modified":"2025-06-03T10:22:11","modified_gmt":"2025-06-03T10:22:11","slug":"le-trafic-va-se-fluidifier-sur-cet-axe-tres-frequente-voici-pourquoi","status":"publish","type":"post","link":"https:\/\/www.europesays.com\/fr\/148659\/","title":{"rendered":"le trafic va se fluidifier sur cet axe tr\u00e8s fr\u00e9quent\u00e9, voici pourquoi"},"content":{"rendered":"<p>            Par<br \/>\n        <strong><br \/>\n            <a href=\"https:\/\/actu.fr\/auteur\/julien-sournies\" title=\"Consulter tous les articles de Julien Sournies\" rel=\"nofollow noopener\" target=\"_blank\">Julien Sournies<\/a><br \/>\n        <\/strong><\/p>\n<p>        Publi\u00e9 le<\/p>\n<p>            3 juin 2025 \u00e0 11h18        <\/p>\n<p>La circulation va \u00eatre d\u00e9sormais un peu plus fluide sur le secteur tr\u00e8s fr\u00e9quent\u00e9 du Rondeau \u00e0 <a href=\"https:\/\/actu.fr\/grenoble\/\" rel=\"nofollow noopener\" target=\"_blank\">Grenoble<\/a> (<a href=\"https:\/\/actu.fr\/auvergne-rhone-alpes\/isere_38\" rel=\"nofollow noopener\" target=\"_blank\">Is\u00e8re<\/a>).<\/p>\n<p class=\" wall-content\">Apr\u00e8s la mise en service du tube nord de la tranch\u00e9e couverte le 27\u00a0mai, permettant de rejoindre l\u2019A480 depuis la rocade sud, les travaux autour de cet axe tr\u00e8s pris\u00e9 du sud grenoblois, qui durent depuis quatre ans, ont franchi une nouvelle \u00e9tape avec l\u2019ouverture de la <strong>partie sud de la tranch\u00e9e couverte<\/strong> ce mardi 3\u00a0juin 2025.<\/p>\n<p>La partie sud de la tranch\u00e9e couverte du Rondeau vient d\u2019ouvrir<\/p>\n<p class=\" wall-content\">La<strong> liaison entre Sisteron et Chamb\u00e9ry<\/strong> (de l\u2019A480 vers la rocade sud) a en effet \u00e9t\u00e9 rendue accessible aux automobilistes ce mardi matin. Une ouverture suivie d\u2019une autre.<\/p>\n<p class=\" wall-content\">Le lendemain, mercredi 4\u00a0juin, ce sera en effet au tour de la liaison entre Lyon et Chamb\u00e9ry, par la tranch\u00e9e couverte, d\u2019ouvrir.<\/p>\n<p class=\" wall-content\">Il est toutefois \u00e0 noter que la RN87 va \u00eatre en <strong>partie ferm\u00e9e<\/strong> ce mardi soir pour permettre l\u2019ouverture de la liaison entre Lyon et Chamb\u00e9ry demain matin.<\/p>\n<p>Vid\u00e9os : en ce moment sur ActuDes perturbations \u00e0 venir<\/p>\n<p class=\" wall-content\">Pour rappel, les am\u00e9nagements du Rondeau vont se poursuivre encore<strong> plusieurs semaines<\/strong>, g\u00e9n\u00e9rant quelques perturbations.<\/p>\n<p class=\" wall-content\">La pr\u00e9fecture rappelle ainsi que les liaisons vers Seyssins (RD6) \u00ab\u2009seront amen\u00e9es \u00e0 \u00eatre modifi\u00e9es pour permettre la mise en configuration d\u00e9finitive\u2009\u00bb des voies qui vont relier la rocade sud \u00e0 Seyssins \u00ab\u2009\u00e0 compter du 25 juillet\u2009\u00bb.<\/p>\n<p class=\" wall-content\">Suivez toute l\u2019actualit\u00e9 de vos villes et m\u00e9dias favoris en vous inscrivant \u00e0 <a href=\"https:\/\/moncompte.actu.fr\" title=\"D\u00e9couvez Mon Actu\" rel=\"nofollow noopener\" data-trk=\"{&quot;cta&quot;:{&quot;action&quot;:&quot;https:\\\/\\\/moncompte.actu.fr&quot;,&quot;category&quot;:&quot;mon compte&quot;,&quot;from&quot;:&quot;article footer&quot;,&quot;name&quot;:&quot;Mon actu&quot;,&quot;type&quot;:&quot;cta&quot;}}\" target=\"_blank\">Mon Actu<\/a>.<\/p>\n","protected":false},"excerpt":{"rendered":"Par Julien Sournies Publi\u00e9 le 3 juin 2025 \u00e0 11h18 La circulation va \u00eatre d\u00e9sormais un peu plus&hellip;\n","protected":false},"author":2,"featured_media":130381,"comment_status":"","ping_status":"","sticky":false,"template":"","format":"standard","meta":{"footnotes":""},"categories":[9566],"tags":[1111,11,2430,3542,1777,674,1011,27,2731,12,25,104,2086],"class_list":{"0":"post-148659","1":"post","2":"type-post","3":"status-publish","4":"format-standard","5":"has-post-thumbnail","7":"category-grenoble","8":"tag-actu","9":"tag-actualites","10":"tag-auvergne-rhone-alpes","11":"tag-circulation","12":"tag-eu","13":"tag-europe","14":"tag-fr","15":"tag-france","16":"tag-grenoble","17":"tag-news","18":"tag-republique-francaise","19":"tag-societe","20":"tag-travaux"},"share_on_mastodon":{"url":"https:\/\/pubeurope.com\/@fr\/114618941185814357","error":""},"_links":{"self":[{"href":"https:\/\/www.europesays.com\/fr\/wp-json\/wp\/v2\/posts\/148659","targetHints":{"allow":["GET"]}}],"collection":[{"href":"https:\/\/www.europesays.com\/fr\/wp-json\/wp\/v2\/posts"}],"about":[{"href":"https:\/\/www.europesays.com\/fr\/wp-json\/wp\/v2\/types\/post"}],"author":[{"embeddable":true,"href":"https:\/\/www.europesays.com\/fr\/wp-json\/wp\/v2\/users\/2"}],"replies":[{"embeddable":true,"href":"https:\/\/www.europesays.com\/fr\/wp-json\/wp\/v2\/comments?post=148659"}],"version-history":[{"count":0,"href":"https:\/\/www.europesays.com\/fr\/wp-json\/wp\/v2\/posts\/148659\/revisions"}],"wp:featuredmedia":[{"embeddable":true,"href":"https:\/\/www.europesays.com\/fr\/wp-json\/wp\/v2\/media\/130381"}],"wp:attachment":[{"href":"https:\/\/www.europesays.com\/fr\/wp-json\/wp\/v2\/media?parent=148659"}],"wp:term":[{"taxonomy":"category","embeddable":true,"href":"https:\/\/www.europesays.com\/fr\/wp-json\/wp\/v2\/categories?post=148659"},{"taxonomy":"post_tag","embeddable":true,"href":"https:\/\/www.europesays.com\/fr\/wp-json\/wp\/v2\/tags?post=148659"}],"curies":[{"name":"wp","href":"https:\/\/api.w.org\/{rel}","templated":true}]}}