{"id":148664,"date":"2025-06-03T10:25:11","date_gmt":"2025-06-03T10:25:11","guid":{"rendered":"https:\/\/www.europesays.com\/fr\/148664\/"},"modified":"2025-06-03T10:25:11","modified_gmt":"2025-06-03T10:25:11","slug":"une-jeune-femme-met-des-mots-sur-la-schizophrenie","status":"publish","type":"post","link":"https:\/\/www.europesays.com\/fr\/148664\/","title":{"rendered":"une jeune femme met des mots sur la schizophr\u00e9nie"},"content":{"rendered":"<p>\u00ab\u00a0Aujourd\u2019hui, je suis stabilis\u00e9e et je peux raconter mon histoire. Il faut que les voix des malades soient davantage entendues, il faut briser l\u2019omerta qui existe autour de la maladie mentale\u00a0\u00bb, explique Pauline Thullier-Girard, 28 ans, vivant dans la campagne strasbourgeoise. En janvier dernier, elle a publi\u00e9 \u00a0Dites-leur que je suis folle pour t\u00e9moigner de sa lutte contre <a href=\"https:\/\/www.dna.fr\/magazine-sante\/2025\/04\/08\/schizophrenie-une-prise-en-charge-precoce-peut-elle-prevenir-la-maladie\" target=\"_blank\" rel=\"nofollow noopener\">la schizophr\u00e9nie<\/a> , maladie qui s\u2019est r\u00e9v\u00e9l\u00e9e <a href=\"https:\/\/www.dna.fr\/sante\/2020\/11\/07\/la-grosse-deprime-des-francais\" target=\"_blank\" rel=\"nofollow noopener\">pendant le confinement<\/a> , lors d\u2019une premi\u00e8re crise qui a failli lui co\u00fbter la vie.<\/p>\n<p>Originaire d\u2019Alsace, dipl\u00f4m\u00e9e d\u2019un master en litt\u00e9rature \u00e0 la Sorbonne et d\u00e9butant une carri\u00e8re de com\u00e9dienne \u00e0 Paris, Pauline Thullier-Girard vivait une vie de jeune adulte dense et&#8230;<\/p>\n","protected":false},"excerpt":{"rendered":"\u00ab\u00a0Aujourd\u2019hui, je suis stabilis\u00e9e et je peux raconter mon histoire. Il faut que les voix des malades soient&hellip;\n","protected":false},"author":2,"featured_media":148665,"comment_status":"","ping_status":"","sticky":false,"template":"","format":"standard","meta":{"footnotes":""},"categories":[2820],"tags":[1111,11,1687,2880,1777,674,107,1011,27,775,2410,12,25,71,4604,640,2879],"class_list":{"0":"post-148664","1":"post","2":"type-post","3":"status-publish","4":"format-standard","5":"has-post-thumbnail","7":"category-strasbourg","8":"tag-actu","9":"tag-actualites","10":"tag-culture-loisirs","11":"tag-edition-strasbourg","12":"tag-eu","13":"tag-europe","14":"tag-fil-info","15":"tag-fr","16":"tag-france","17":"tag-grand-est","18":"tag-livres-bd","19":"tag-news","20":"tag-republique-francaise","21":"tag-sante","22":"tag-selection-abonne","23":"tag-strasbourg","24":"tag-strasbourg-ville"},"share_on_mastodon":{"url":"https:\/\/pubeurope.com\/@fr\/114618952852232662","error":""},"_links":{"self":[{"href":"https:\/\/www.europesays.com\/fr\/wp-json\/wp\/v2\/posts\/148664","targetHints":{"allow":["GET"]}}],"collection":[{"href":"https:\/\/www.europesays.com\/fr\/wp-json\/wp\/v2\/posts"}],"about":[{"href":"https:\/\/www.europesays.com\/fr\/wp-json\/wp\/v2\/types\/post"}],"author":[{"embeddable":true,"href":"https:\/\/www.europesays.com\/fr\/wp-json\/wp\/v2\/users\/2"}],"replies":[{"embeddable":true,"href":"https:\/\/www.europesays.com\/fr\/wp-json\/wp\/v2\/comments?post=148664"}],"version-history":[{"count":0,"href":"https:\/\/www.europesays.com\/fr\/wp-json\/wp\/v2\/posts\/148664\/revisions"}],"wp:featuredmedia":[{"embeddable":true,"href":"https:\/\/www.europesays.com\/fr\/wp-json\/wp\/v2\/media\/148665"}],"wp:attachment":[{"href":"https:\/\/www.europesays.com\/fr\/wp-json\/wp\/v2\/media?parent=148664"}],"wp:term":[{"taxonomy":"category","embeddable":true,"href":"https:\/\/www.europesays.com\/fr\/wp-json\/wp\/v2\/categories?post=148664"},{"taxonomy":"post_tag","embeddable":true,"href":"https:\/\/www.europesays.com\/fr\/wp-json\/wp\/v2\/tags?post=148664"}],"curies":[{"name":"wp","href":"https:\/\/api.w.org\/{rel}","templated":true}]}}