{"id":148692,"date":"2025-06-03T10:41:11","date_gmt":"2025-06-03T10:41:11","guid":{"rendered":"https:\/\/www.europesays.com\/fr\/148692\/"},"modified":"2025-06-03T10:41:11","modified_gmt":"2025-06-03T10:41:11","slug":"desaveu-en-vue-au-senat-pour-la-reforme-du-scrutin","status":"publish","type":"post","link":"https:\/\/www.europesays.com\/fr\/148692\/","title":{"rendered":"d\u00e9saveu en vue au S\u00e9nat pour la r\u00e9forme du scrutin"},"content":{"rendered":"<p>La droite y est hostile, l&rsquo;immense majorit\u00e9 de la gauche aussi, et m\u00eame le bloc central peine \u00e0 y trouver son compte: la proposition de loi d&rsquo;origine macroniste risque d&rsquo;\u00eatre tr\u00e8s largement d\u00e9savou\u00e9e lors des d\u00e9bats, qui commenceront dans l&rsquo;apr\u00e8s-midi au Palais du Luxembourg.<\/p>\n<p>Adopt\u00e9e \u00e0 l&rsquo;Assembl\u00e9e nationale d\u00e9but avril avec l&rsquo;appui de l&rsquo;ex\u00e9cutif, la r\u00e9forme mettrait fin au mode de scrutin mis en place en 1982, en vertu duquel les \u00e9lecteurs \u00e0 Paris, Lyon et Marseille votent dans chaque arrondissement pour une liste de conseillers, les \u00e9lus du haut de la liste si\u00e9geant au conseil d&rsquo;arrondissement et au conseil municipal.<\/p>\n<p>Elle pr\u00e9voit \u00e0 la place d&rsquo;instaurer deux scrutins, l&rsquo;un pour \u00e9lire les conseillers d&rsquo;arrondissement ou de secteur, l&rsquo;autre pour \u00e9lire ceux du conseil municipal, sur une circonscription unique. Le texte propose aussi d&rsquo;abaisser \u00e0 25\u00a0% la prime majoritaire pour la liste arriv\u00e9e en t\u00eate, au lieu de 50\u00a0%, comme c&rsquo;est aujourd&rsquo;hui le cas partout en France.<\/p>\n<p>Ces \u00e9volutions majeures sont justifi\u00e9es par une formule tr\u00e8s simple, argument-massue des soutiens du texte: \u00ab Un Parisien \u00e9gale une voix, un Lyonnais \u00e9gale une voix, un Marseillais \u00e9gale une voix. \u00bb<\/p>\n<p>LR et PS oppos\u00e9s<\/p>\n<p>Mais derri\u00e8re cette justification se cachent \u00e9galement d&rsquo;importants enjeux politiques, chaque parti ayant sorti la calculette pour essayer d&rsquo;anticiper l&rsquo;impact de la r\u00e9forme sur son score aux municipales de mars 2026. Au S\u00e9nat, force est de constater que les calculs n&rsquo;ont pas donn\u00e9 satisfaction.\u00a0<\/p>\n<p>Le texte avait prosp\u00e9r\u00e9 \u00e0 l&rsquo;Assembl\u00e9e gr\u00e2ce \u00e0 une majorit\u00e9 atypique compos\u00e9e du bloc central, des Insoumis et du Rassemblement national&#8230; Mais LFI ne compte aucun \u00e9lu au S\u00e9nat, le RN seulement une poign\u00e9e et le groupe macroniste une vingtaine.<\/p>\n<p>\u00c0\u00a0la chambre haute, la balance semble au contraire pencher tr\u00e8s largement pour un rejet, d&rsquo;autant plus que le pr\u00e9sident du S\u00e9nat <a href=\"https:\/\/www.leprogres.fr\/p\/gerard-larcher\" target=\"_blank\" rel=\"nofollow noopener\">G\u00e9rard Larcher<\/a> (Les R\u00e9publicains) lui-m\u00eame ne s&rsquo;est pas priv\u00e9 pour dire tout le mal qu&rsquo;il pensait de la d\u00e9marche.<\/p>\n<p>\u00ab Est-ce bien sage de faire \u00e9voluer ainsi un mode de scrutin moins d&rsquo;un an avant les \u00e9lections municipales ? \u00bb a par ailleurs questionn\u00e9 <a href=\"https:\/\/www.leprogres.fr\/p\/mathieu-darnaud\" target=\"_blank\" rel=\"nofollow noopener\">Mathieu Darnaud<\/a>, chef des s\u00e9nateurs LR, premi\u00e8re force de la Haute assembl\u00e9e.<\/p>\n<p>Si les d\u00e9put\u00e9s LR avaient soutenu l&rsquo;initiative, nombreux sont ceux qui y ont vu une strat\u00e9gie dans le cadre de la campagne pour la pr\u00e9sidence du parti, entre un <a href=\"https:\/\/www.leprogres.fr\/p\/laurent-wauquiez\" target=\"_blank\" rel=\"nofollow noopener\">Laurent Wauquiez<\/a> favorable \u00e0 cette r\u00e9forme voulue par <a href=\"https:\/\/www.leprogres.fr\/p\/rachida-dati\" target=\"_blank\" rel=\"nofollow noopener\">Rachida Dati<\/a> &#8211; pressentie pour candidater \u00e0 Paris &#8211; et un <a href=\"https:\/\/www.leprogres.fr\/p\/bruno-retailleau\" target=\"_blank\" rel=\"nofollow noopener\">Bruno Retailleau<\/a> vivement oppos\u00e9. Sans surprise, les s\u00e9nateurs LR suivront massivement la position du ministre de l&rsquo;Int\u00e9rieur, ancien chef du groupe au S\u00e9nat.<\/p>\n<p>Les socialistes, deuxi\u00e8me groupe du S\u00e9nat, ont la m\u00eame vision, \u00e0 l&rsquo;exception de leurs \u00e9lus marseillais. \u00ab C&rsquo;est un texte mal \u00e9crit, qui m\u00e9lange trois situations totalement diff\u00e9rentes sur le plan juridique \u00bb, regrette leur chef de file Patrick Kanner.<\/p>\n<p>Texte en sursis<\/p>\n<p>Le rejet probable du S\u00e9nat placerait le gouvernement dans une situation d\u00e9licate sur ce texte. Convoquera-t-il une commission mixte paritaire (CMP), r\u00e9union de sept s\u00e9nateurs et sept d\u00e9put\u00e9s charg\u00e9s de n\u00e9gocier pour aboutir \u00e0 un texte commun ?<\/p>\n<p>\u00ab La logique serait de voir en CMP si un compromis est possible \u00bb, avance une source gouvernementale, refusant n\u00e9anmoins de \u00ab se placer dans le cas de figure d&rsquo;une issue d\u00e9favorable \u00bb des d\u00e9bats dans l&rsquo;h\u00e9micycle du S\u00e9nat.<\/p>\n<p>Si aucun accord n&rsquo;\u00e9merge, l&rsquo;ex\u00e9cutif peut \u00e9galement d\u00e9cider de donner le dernier mot \u00e0 l&rsquo;Assembl\u00e9e nationale&#8230; Mais il faudra l&rsquo;assumer aupr\u00e8s de ses alli\u00e9s. En effet, le Premier ministre <a href=\"https:\/\/www.leprogres.fr\/p\/francois-bayrou\" target=\"_blank\" rel=\"nofollow noopener\">Fran\u00e7ois Bayrou<\/a> avait assur\u00e9 en f\u00e9vrier qu&rsquo;il \u00ab n&rsquo;imagin(ait) pas qu&rsquo;un texte puisse \u00eatre adopt\u00e9 sur ce sujet sans qu&rsquo;il y ait accord de l&rsquo;Assembl\u00e9e nationale et du S\u00e9nat \u00bb.<\/p>\n<p>\u00ab Si le gouvernement veut aller au bout sur sa r\u00e9forme, il va se fragiliser \u00bb, mart\u00e8le aupr\u00e8s de l&rsquo;AFP Lauriane Josende, d\u00e9sign\u00e9e rapporteure par LR. \u00ab Je ne suis pas s\u00fbre que le jeu en vaille la chandelle \u00bb.<\/p>\n","protected":false},"excerpt":{"rendered":"La droite y est hostile, l&rsquo;immense majorit\u00e9 de la gauche aussi, et m\u00eame le bloc central peine \u00e0&hellip;\n","protected":false},"author":2,"featured_media":148693,"comment_status":"","ping_status":"","sticky":false,"template":"","format":"standard","meta":{"footnotes":""},"categories":[1889],"tags":[1111,11,2430,2757,4188,1777,674,107,1011,27,2428,12,316,25,2429],"class_list":{"0":"post-148692","1":"post","2":"type-post","3":"status-publish","4":"format-standard","5":"has-post-thumbnail","7":"category-lyon","8":"tag-actu","9":"tag-actualites","10":"tag-auvergne-rhone-alpes","11":"tag-edition-lyon-villeurbanne","12":"tag-elections-municipales","13":"tag-eu","14":"tag-europe","15":"tag-fil-info","16":"tag-fr","17":"tag-france","18":"tag-lyon","19":"tag-news","20":"tag-politique","21":"tag-republique-francaise","22":"tag-rhone"},"share_on_mastodon":{"url":"https:\/\/pubeurope.com\/@fr\/114619015667716434","error":""},"_links":{"self":[{"href":"https:\/\/www.europesays.com\/fr\/wp-json\/wp\/v2\/posts\/148692","targetHints":{"allow":["GET"]}}],"collection":[{"href":"https:\/\/www.europesays.com\/fr\/wp-json\/wp\/v2\/posts"}],"about":[{"href":"https:\/\/www.europesays.com\/fr\/wp-json\/wp\/v2\/types\/post"}],"author":[{"embeddable":true,"href":"https:\/\/www.europesays.com\/fr\/wp-json\/wp\/v2\/users\/2"}],"replies":[{"embeddable":true,"href":"https:\/\/www.europesays.com\/fr\/wp-json\/wp\/v2\/comments?post=148692"}],"version-history":[{"count":0,"href":"https:\/\/www.europesays.com\/fr\/wp-json\/wp\/v2\/posts\/148692\/revisions"}],"wp:featuredmedia":[{"embeddable":true,"href":"https:\/\/www.europesays.com\/fr\/wp-json\/wp\/v2\/media\/148693"}],"wp:attachment":[{"href":"https:\/\/www.europesays.com\/fr\/wp-json\/wp\/v2\/media?parent=148692"}],"wp:term":[{"taxonomy":"category","embeddable":true,"href":"https:\/\/www.europesays.com\/fr\/wp-json\/wp\/v2\/categories?post=148692"},{"taxonomy":"post_tag","embeddable":true,"href":"https:\/\/www.europesays.com\/fr\/wp-json\/wp\/v2\/tags?post=148692"}],"curies":[{"name":"wp","href":"https:\/\/api.w.org\/{rel}","templated":true}]}}