{"id":148704,"date":"2025-06-03T10:47:20","date_gmt":"2025-06-03T10:47:20","guid":{"rendered":"https:\/\/www.europesays.com\/fr\/148704\/"},"modified":"2025-06-03T10:47:20","modified_gmt":"2025-06-03T10:47:20","slug":"touristes-a-paris-preparez-vous-a-un-ete-de-galere","status":"publish","type":"post","link":"https:\/\/www.europesays.com\/fr\/148704\/","title":{"rendered":"touristes \u00e0 Paris, pr\u00e9parez-vous \u00e0 un \u00e9t\u00e9 de gal\u00e8re"},"content":{"rendered":"<p class=\"articleHead-lead\">\n            A Paris, de nombreuses lignes de m\u00e9tro conna\u00eetront des perturbations importantes durant l&rsquo;\u00e9t\u00e9. Des lignes seront partiellement ou totalement interrompues, en raison de travaux de maintenance et d&rsquo;am\u00e9liorations du r\u00e9seau. Pour faciliter les d\u00e9placements des voyageurs, la RATP mettra en place des bus de remplacement.\n        <\/p>\n<p>            <img decoding=\"async\"  src=\"https:\/\/www.europesays.com\/fr\/wp-content\/uploads\/2025\/06\/1748947640_3_picture.jpg\"  class=\"apply-ratio\" alt=\"Cet \u00e9t\u00e9, de nombreuses lignes de m\u00e9tro seront perturb\u00e9es en raison de travaux.\"\/><\/p>\n<p>\n                                            \u00a9 Grant Faint\/Getty Images<\/p>\n<p>                                             &#8211; Cet \u00e9t\u00e9, de nombreuses lignes de m\u00e9tro seront perturb\u00e9es en raison de travaux.\n                                    <\/p>\n<ul class=\"articleMainFollow-list\">\n<li class=\"articleMainFollow-item\">\n<p>                        Sauvegarder<\/p>\n<p>                        Sauvegard\u00e9<\/p>\n<\/li>\n<li class=\"articleMainFollow-item\">\n<\/li>\n<\/ul>\n<p>\n                    Recevoir les alertes Transport\n                <\/p>\n<p>Circuler en m\u00e9tro dans Paris cet \u00e9t\u00e9, mission impossible\u00a0? La RATP profite de la saison estivale pour reprendre les travaux de modernisation du r\u00e9seau de transports en commun d&rsquo;\u00cele-de-France. R\u00e9sultat\u00a0? De nombreuses perturbations sont \u00e0 pr\u00e9voir durant les mois de juillet et ao\u00fbt. La <a href=\"https:\/\/www.capital.fr\/conso\/usagers-du-metro-les-fermetures-et-perturbations-vont-se-multiplier-en-juin-1514243\" rel=\"nofollow noopener\" target=\"_blank\">RATP<\/a> a publi\u00e9 sur son site et son application la liste des stations et des lignes concern\u00e9es.<\/p>\n<p>Du 11 au 31\u00a0ao\u00fbt, le trafic sur <strong>la ligne 1<\/strong> sera interrompu entre les stations La D\u00e9fense et Charles de Gaulle &#8211; Etoile. Des bus de remplacement seront mis \u00e0 disposition des abonn\u00e9s <a href=\"https:\/\/www.capital.fr\/conso\/pass-navigo-demarche-forfait-et-prix-1476764\" rel=\"nofollow noopener\" target=\"_blank\">Navigo<\/a> sur la portion ferm\u00e9e comme sur tous les autres tron\u00e7ons qui ne seront pas desservis pendant la p\u00e9riode estivale. Sur <strong>la ligne 3<\/strong>, <a href=\"https:\/\/www.capital.fr\/economie-politique\/metro-rer-tram-votre-ligne-sera-t-elle-coupee-cet-ete-pour-travaux-1513586\" rel=\"nofollow noopener\" target=\"_blank\">le m\u00e9tro<\/a> ne marquera pas l\u2019arr\u00eat entre les stations Op\u00e9ra et Gallieni, soit 13 stations et ce, pendant plus d\u2019un mois, du 28\u00a0juin au 3\u00a0ao\u00fbt. En parall\u00e8le des bus de substitution, la RATP indique que l\u2019offre de transport sur les lignes de m\u00e9tro sera renforc\u00e9e.<\/p>\n<p>        \u00c0 lire aussi :<br \/>\n        <a class=\"articleToRead-link\" href=\"https:\/\/www.capital.fr\/economie-politique\/suite-a-la-polemique-sur-les-grosses-valises-dans-le-metro-la-ratp-met-les-points-sur-les-i-1513947\" data-wide=\"\" rel=\"nofollow noopener\" target=\"_blank\"><br \/>\n            Apr\u00e8s la pol\u00e9mique sur les \u00abgrosses valises\u00bb dans le m\u00e9tro, la RATP met les points sur les i<br \/>\n        <\/a><\/p>\n<p>Plus de 10 lignes de m\u00e9tro perturb\u00e9es cet \u00e9t\u00e9<\/p>\n<p>La <strong>ligne 4<\/strong> ne desservira pas les arr\u00eats situ\u00e9s entre les stations Les Halles et Port d&rsquo;Orl\u00e9ans du 5 au 14\u00a0juillet. Sur la <strong>ligne 6<\/strong>, la station Cambronne sera ferm\u00e9e tout l\u2019\u00e9t\u00e9, du 29\u00a0juin au 28\u00a0septembre, en raison de travaux de remplacement d\u2019escaliers m\u00e9talliques. Sur la <strong>ligne 7<\/strong>, le trafic sera interrompu entre les stations La Courneuve 8\u00a0mai 1945 et Chauss\u00e9e d\u2019Antin &#8211; La Fayette du 18 au 24\u00a0juillet. Sur la <strong>ligne 8<\/strong>, le m\u00e9tro ne marquera pas l\u2019arr\u00eat sur les stations situ\u00e9es entre Concorde et Reuilly &#8211; Diderot du 18 au 31\u00a0ao\u00fbt.<\/p>\n<p>Quant \u00e0 la <strong>ligne 9<\/strong>, le trafic sera compl\u00e8tement \u00e0 l\u2019arr\u00eat le lundi 9\u00a0juin puis de nouveau du lundi 4\u00a0ao\u00fbt, \u00e0 partir de 22h45 au vendredi 8\u00a0ao\u00fbt inclus. Sur <strong>la ligne 12<\/strong>, le m\u00e9tro ne desservira pas les stations situ\u00e9es entre Montparnasse et Mairie-d\u2019Issy du 27\u00a0juillet au 7\u00a0ao\u00fbt. <strong>Sur la ligne 13<\/strong>, de nombreuses perturbations sont \u00e0 pr\u00e9voir\u00a0: les stations Gaiet\u00e9 et Pernety seront ferm\u00e9es respectivement du 18 au 20\u00a0juillet et du 21\u00a0juillet au 31\u00a0ao\u00fbt. <strong>La station Gabriel P\u00e9ri ne sera pas desservie du 14\u00a0juillet au 31\u00a0ao\u00fbt<\/strong>, soit pendant un mois et demi<strong>.<\/strong> Sur la <strong>ligne 14<\/strong>, le trafic sera int\u00e9gralement interrompu sur toute la ligne du 4 au 8\u00a0ao\u00fbt inclus.<\/p>\n<p>Cet \u00e9t\u00e9, des travaux auront \u00e9galement lieu sur les lignes RER. Sur la A, le trafic sera interrompu \u00e0 plusieurs reprises en soir\u00e9e et int\u00e9gralement en journ\u00e9e \u00e0 partir du mois de mai et jusqu\u2019\u00e0 ao\u00fbt. La B aussi est concern\u00e9e de mai jusqu\u2019\u00e0 septembre. Les calendriers d\u00e9taill\u00e9s sont disponibles sur le site et l\u2019application RATP. Les lignes de Tramways sont elles aussi impact\u00e9es, comme sur la T1, entre les stations Gare de Saint-Denis et H\u00f4pital Delafontaine du 15\u00a0juillet au 31\u00a0juillet.<\/p>\n<p>        Recevez nos derni\u00e8res news<\/p>\n<p>        Tous les jours, la s\u00e9lection des <b>principales infos<\/b> de la journ\u00e9e.<\/p>\n","protected":false},"excerpt":{"rendered":"A Paris, de nombreuses lignes de m\u00e9tro conna\u00eetront des perturbations importantes durant l&rsquo;\u00e9t\u00e9. Des lignes seront partiellement ou&hellip;\n","protected":false},"author":2,"featured_media":148705,"comment_status":"","ping_status":"","sticky":false,"template":"","format":"standard","meta":{"footnotes":""},"categories":[1888],"tags":[11,1777,674,1011,27,16077,12,626,625,25,2803],"class_list":{"0":"post-148704","1":"post","2":"type-post","3":"status-publish","4":"format-standard","5":"has-post-thumbnail","7":"category-paris","8":"tag-actualites","9":"tag-eu","10":"tag-europe","11":"tag-fr","12":"tag-france","13":"tag-mu00e9tro","14":"tag-news","15":"tag-paris","16":"tag-ratp","17":"tag-republique-francaise","18":"tag-transport"},"share_on_mastodon":{"url":"https:\/\/pubeurope.com\/@fr\/114619039354855448","error":""},"_links":{"self":[{"href":"https:\/\/www.europesays.com\/fr\/wp-json\/wp\/v2\/posts\/148704","targetHints":{"allow":["GET"]}}],"collection":[{"href":"https:\/\/www.europesays.com\/fr\/wp-json\/wp\/v2\/posts"}],"about":[{"href":"https:\/\/www.europesays.com\/fr\/wp-json\/wp\/v2\/types\/post"}],"author":[{"embeddable":true,"href":"https:\/\/www.europesays.com\/fr\/wp-json\/wp\/v2\/users\/2"}],"replies":[{"embeddable":true,"href":"https:\/\/www.europesays.com\/fr\/wp-json\/wp\/v2\/comments?post=148704"}],"version-history":[{"count":0,"href":"https:\/\/www.europesays.com\/fr\/wp-json\/wp\/v2\/posts\/148704\/revisions"}],"wp:featuredmedia":[{"embeddable":true,"href":"https:\/\/www.europesays.com\/fr\/wp-json\/wp\/v2\/media\/148705"}],"wp:attachment":[{"href":"https:\/\/www.europesays.com\/fr\/wp-json\/wp\/v2\/media?parent=148704"}],"wp:term":[{"taxonomy":"category","embeddable":true,"href":"https:\/\/www.europesays.com\/fr\/wp-json\/wp\/v2\/categories?post=148704"},{"taxonomy":"post_tag","embeddable":true,"href":"https:\/\/www.europesays.com\/fr\/wp-json\/wp\/v2\/tags?post=148704"}],"curies":[{"name":"wp","href":"https:\/\/api.w.org\/{rel}","templated":true}]}}