{"id":148714,"date":"2025-06-03T10:52:13","date_gmt":"2025-06-03T10:52:13","guid":{"rendered":"https:\/\/www.europesays.com\/fr\/148714\/"},"modified":"2025-06-03T10:52:13","modified_gmt":"2025-06-03T10:52:13","slug":"sejour-en-allemagne-5-jours","status":"publish","type":"post","link":"https:\/\/www.europesays.com\/fr\/148714\/","title":{"rendered":"S\u00e9jour en Allemagne | 5 jours"},"content":{"rendered":"<p class=\"fig-paragraph\">De Dresde \u00e0 Leipzig, ce voyage a \u00e9t\u00e9 imagin\u00e9 pour vous faire d\u00e9couvrir un pays aux multiples facettes. L\u2018Allemagne de Felix Mendelssohn, de Richard Wagner et de Jean-S\u00e9bastien Bach. Mais aussi l\u2018Allemagne baroque de la cour saxonne et celle d\u2018Auguste le Fort, teint\u00e9e d\u2018orientalisme. \u00c0 Dresde, surnomm\u00e9e la \u00ab Florence de l\u2018Elbe\u00a0\u00bb, vous d\u00e9couvrirez la somptueuse vieille ville, le Zwinger, l\u2018op\u00e9ra Semper, la Frauenkirche et les tr\u00e9sors baroques des Vo\u00fbtes vertes. L\u2018exposition de chefs-d\u2019\u0153uvre dans la galerie des Ma\u00eetres-Anciens et la d\u00e9licatesse des porcelaines de Meissen vous feront comprendre la passion de la cour saxonne pour le beau, dans toutes ses formes et ses subtilit\u00e9s. \u00c0 Leipzig, cit\u00e9 de Bach et de Mendelssohn, la musique est partout\u00a0: dans les mus\u00e9es, les \u00e9glises, et m\u00eame dans les rues. De l\u2018universit\u00e9 aux collections du mus\u00e9e Grassi, chaque visite vous r\u00e9v\u00e9lera une nouvelle facette de cette ville berc\u00e9e par les symphonies.<\/p>\n<p class=\"fig-body-cta-link\" data-module=\"fig-cta-link\" data-context=\"was @visible\">\n    <a class=\"fig-body-cta-link__link\" href=\"https:\/\/lb.affilae.com\/r\/?p=634524ae85241d4aa9b4f639&amp;af=4&amp;ad=41&amp;lp=https%3A%2F%2Flesvoyagesf.lefigaro.fr%2Fallemagne%2Fsplendeurs-de-saxe-dresde-leipzig\" target=\"_blank\" rel=\"nofollow noopener\" data-js-gtm=\"{&quot;event&quot;:&quot;customEventGA4&quot;,&quot;eventName&quot;:&quot;click_navigation&quot;,&quot;button_action&quot;:&quot;crossclick&quot;,&quot;feature&quot;:&quot;Contextuel_bouton&quot;,&quot;feature_details&quot;:&quot;EN SAVOIR PLUS&quot;,&quot;link_url&quot;:&quot;https:\\\/\\\/lb.affilae.com\\\/r\\\/?p=634524ae85241d4aa9b4f639&amp;af=4&amp;ad=41&amp;lp=https%3A%2F%2Flesvoyagesf.lefigaro.fr%2Fallemagne%2Fsplendeurs-de-saxe-dresde-leipzig&quot;}\"><br \/>\n                EN SAVOIR PLUS<br \/>\n    <\/a>\n<\/p>\n<p>    Ch\u00e2teau de Moritzburg<br \/>\n                AdobeStock<\/p>\n<p>Itin\u00e9raire\u00a0:<\/p>\n<ul class=\"fig-list\">\n<li>Jour 1\u00a0: PARIS \u2022 BERLIN \u2022 DRESDE<\/li>\n<li>Jour 2\u00a0: DRESDE<\/li>\n<li>Jour 3\u00a0: DRESDE<\/li>\n<li>Jour 4\u00a0: DRESDE \u2022 LEIPZIG<\/li>\n<li>Jour 5\u00a0: LEIPZIG \u2022 BERLIN \u2022 PARIS<\/li>\n<\/ul>\n<p>    Complexe de l\u2018universit\u00e9 de Leipzig<br \/>\n                AdobeStock<\/p>\n<p class=\"fig-paragraph\"><strong>Les Tarifs\u00a0:<\/strong><\/p>\n<p class=\"fig-paragraph\"><strong>PRIX TTC PAR PERSONNE<\/strong><\/p>\n<ul class=\"fig-list\">\n<li>En chambre double &#8211; Tarif normal*\u00a0: 4 200\u20ac<\/li>\n<li>En chambre double \u2013 Tarif 1ers inscrits** (-210\u20ac)\u00a0: 3 990\u20ac<\/li>\n<li>Suppl\u00e9ment chambre individuelle\u00a0: 480\u20ac<\/li>\n<\/ul>\n<p class=\"fig-paragraph\">* Tarif TTC <strong>par personne<\/strong> sur la base d\u2019une chambre double \u00e0 partager.<\/p>\n<p class=\"fig-paragraph\">**Tarif 1ers inscrits valable pour les 8 premiers inscrits jusqu\u2019au 14 juillet 2025.<\/p>\n<p class=\"fig-body-cta-link\" data-module=\"fig-cta-link\" data-context=\"was @visible\">\n    <a class=\"fig-body-cta-link__link\" href=\"https:\/\/lb.affilae.com\/r\/?p=634524ae85241d4aa9b4f639&amp;af=4&amp;ad=41&amp;lp=https%3A%2F%2Flesvoyagesf.lefigaro.fr%2Fallemagne%2Fsplendeurs-de-saxe-dresde-leipzig\" target=\"_blank\" rel=\"nofollow noopener\" data-js-gtm=\"{&quot;event&quot;:&quot;customEventGA4&quot;,&quot;eventName&quot;:&quot;click_navigation&quot;,&quot;button_action&quot;:&quot;crossclick&quot;,&quot;feature&quot;:&quot;Contextuel_bouton&quot;,&quot;feature_details&quot;:&quot;EN SAVOIR PLUS&quot;,&quot;link_url&quot;:&quot;https:\\\/\\\/lb.affilae.com\\\/r\\\/?p=634524ae85241d4aa9b4f639&amp;af=4&amp;ad=41&amp;lp=https%3A%2F%2Flesvoyagesf.lefigaro.fr%2Fallemagne%2Fsplendeurs-de-saxe-dresde-leipzig&quot;}\"><br \/>\n                EN SAVOIR PLUS<br \/>\n    <\/a><\/p>\n","protected":false},"excerpt":{"rendered":"De Dresde \u00e0 Leipzig, ce voyage a \u00e9t\u00e9 imagin\u00e9 pour vous faire d\u00e9couvrir un pays aux multiples facettes.&hellip;\n","protected":false},"author":2,"featured_media":148715,"comment_status":"","ping_status":"","sticky":false,"template":"","format":"standard","meta":{"footnotes":""},"categories":[1587],"tags":[11,672,1804,21651,21650,1805,10009,1803,1777,674,1801,12952,12,1802,2520,602,12954,21652,12953,12956,12955],"class_list":{"0":"post-148714","1":"post","2":"type-post","3":"status-publish","4":"format-standard","5":"has-post-thumbnail","7":"category-allemagne","8":"tag-actualites","9":"tag-allemagne","10":"tag-bundesrepublik-deutschland","11":"tag-circuit-touristique","12":"tag-circuit-voyage","13":"tag-de","14":"tag-destination","15":"tag-deutschland","16":"tag-eu","17":"tag-europe","18":"tag-germany","19":"tag-meilleure-destination","20":"tag-news","21":"tag-republique-federale-dallemagne","22":"tag-sejour","23":"tag-tourisme","24":"tag-voyage-afrique","25":"tag-voyage-amerique","26":"tag-voyage-asie","27":"tag-voyage-europe","28":"tag-voyage-oceanie"},"share_on_mastodon":{"url":"https:\/\/pubeurope.com\/@fr\/114619058965140981","error":""},"_links":{"self":[{"href":"https:\/\/www.europesays.com\/fr\/wp-json\/wp\/v2\/posts\/148714","targetHints":{"allow":["GET"]}}],"collection":[{"href":"https:\/\/www.europesays.com\/fr\/wp-json\/wp\/v2\/posts"}],"about":[{"href":"https:\/\/www.europesays.com\/fr\/wp-json\/wp\/v2\/types\/post"}],"author":[{"embeddable":true,"href":"https:\/\/www.europesays.com\/fr\/wp-json\/wp\/v2\/users\/2"}],"replies":[{"embeddable":true,"href":"https:\/\/www.europesays.com\/fr\/wp-json\/wp\/v2\/comments?post=148714"}],"version-history":[{"count":0,"href":"https:\/\/www.europesays.com\/fr\/wp-json\/wp\/v2\/posts\/148714\/revisions"}],"wp:featuredmedia":[{"embeddable":true,"href":"https:\/\/www.europesays.com\/fr\/wp-json\/wp\/v2\/media\/148715"}],"wp:attachment":[{"href":"https:\/\/www.europesays.com\/fr\/wp-json\/wp\/v2\/media?parent=148714"}],"wp:term":[{"taxonomy":"category","embeddable":true,"href":"https:\/\/www.europesays.com\/fr\/wp-json\/wp\/v2\/categories?post=148714"},{"taxonomy":"post_tag","embeddable":true,"href":"https:\/\/www.europesays.com\/fr\/wp-json\/wp\/v2\/tags?post=148714"}],"curies":[{"name":"wp","href":"https:\/\/api.w.org\/{rel}","templated":true}]}}