{"id":148718,"date":"2025-06-03T10:54:10","date_gmt":"2025-06-03T10:54:10","guid":{"rendered":"https:\/\/www.europesays.com\/fr\/148718\/"},"modified":"2025-06-03T10:54:10","modified_gmt":"2025-06-03T10:54:10","slug":"suisse-ue-lespoir-revit-le-temps","status":"publish","type":"post","link":"https:\/\/www.europesays.com\/fr\/148718\/","title":{"rendered":"Suisse-UE: l\u2019espoir revit &#8211; Le Temps"},"content":{"rendered":"<p>              <a tabindex=\"-1\" title=\"Joseph Deiss\" href=\"https:\/\/www.letemps.ch\/profil\/jospeh-deiss\" target=\"_blank\" rel=\"noopener\"><\/p>\n<p>                    <img decoding=\"async\" src=\"https:\/\/www.europesays.com\/fr\/wp-content\/uploads\/2025\/06\/small.jpeg\" class=\"lazy\" alt=\"\"\/><\/p>\n<p><\/a>        <\/p>\n<p>              <a href=\"https:\/\/www.letemps.ch\/profil\/jospeh-deiss\" target=\"_blank\" rel=\"noopener\">Joseph Deiss<\/a><\/p>\n<p>              ancien conseiller f\u00e9d\u00e9ral; ancien professeur d&rsquo;\u00e9conomie<\/p>\n<p>    Publi\u00e9 le 03 juin 2025 \u00e0 08:41. \/ Modifi\u00e9 le 03 juin 2025 \u00e0 08:43.<\/p>\n<p> 3 min. de lecture<\/p>\n<p>Le Temps consacre de tr\u00e8s nombreux articles et tribunes \u00e0 la relation Suisse-UE,<\/p>\n<p><a href=\"https:\/\/www.letemps.ch\/tags\/suisse-ue?srsltid=AfmBOoph2tuL8XTzNijEGa-0YhXLCsVuLSbGZIC84F3JvZvBPox7SejH\" rel=\"nofollow noopener\" target=\"_blank\">\u00e0 retrouver ici<\/a><\/p>\n<p>Au moment de prendre acte avec satisfaction de l\u2019aboutissement des n\u00e9gociations entre la Suisse et l\u2019Union europ\u00e9enne, le Conseil f\u00e9d\u00e9ral s\u2019est vu confront\u00e9 au branle-bas des protectionnistes traditionnels de la gauche syndicale et de la droite du Alleingang (\u00abrepli sur soi\u00bb). Les uns ont r\u00e9clam\u00e9 des mesures d\u2019accompagnement pour prot\u00e9ger les salaires, les autres se sont appropri\u00e9 des \u00e9l\u00e9ments de notre patrimoine \u2013 jougs de b\u0153uf, sonnailles, hallebardes et menottes \u2013 comme instruments p\u00e9dagogiques pour faire peur aux gens.<\/p>\n<p>Face au brouhaha provoqu\u00e9 par les forcen\u00e9s du verrouillage, d\u2019autres se sont mis au travail pour r\u00e9unir les conditions permettant d\u2019amener \u00e0 bon port cette entreprise, effa\u00e7ant les deux \u00e9checs qu\u2019ont connus nos rapports avec l\u2019Union europ\u00e9enne. Il s\u2019agit du refus de l\u2019Espace \u00e9conomique europ\u00e9en (EEE) en 1992 et de la rupture par le Conseil f\u00e9d\u00e9ral des n\u00e9gociations sur l\u2019accord institutionnel en 2021. Philippe Nell, par exemple, un chevronn\u00e9 de la diplomatie \u00e9conomique, fournit l\u2019\u00e9tude la plus d\u00e9taill\u00e9e et la plus instructive sur la marche des tractations men\u00e9es par les n\u00e9gociateurs suisses avec l\u2019Union europ\u00e9enne (<a href=\"https:\/\/www.slatkine.com\/fr\/editions-slatkine\/76671-book-07211380-9782832113806.html\" rel=\"nofollow noopener\" target=\"_blank\">\u00abN\u00e9gociations Suisse-Union europ\u00e9enne. Regard critique sur deux grands \u00e9checs et nouveaux espoirs\u00bb<\/a>, Slatkine).<\/p>\n","protected":false},"excerpt":{"rendered":"Joseph Deiss ancien conseiller f\u00e9d\u00e9ral; ancien professeur d&rsquo;\u00e9conomie Publi\u00e9 le 03 juin 2025 \u00e0 08:41. \/ Modifi\u00e9 le&hellip;\n","protected":false},"author":2,"featured_media":148719,"comment_status":"","ping_status":"","sticky":false,"template":"","format":"standard","meta":{"footnotes":""},"categories":[1586],"tags":[11,1777,674,1779,1011,27,27801,12,301,25,2582,1778,364],"class_list":{"0":"post-148718","1":"post","2":"type-post","3":"status-publish","4":"format-standard","5":"has-post-thumbnail","7":"category-europe","8":"tag-actualites","9":"tag-eu","10":"tag-europe","11":"tag-european-union","12":"tag-fr","13":"tag-france","14":"tag-le-centre","15":"tag-news","16":"tag-premium","17":"tag-republique-francaise","18":"tag-suisse-ue","19":"tag-ue","20":"tag-union-europeenne"},"share_on_mastodon":{"url":"https:\/\/pubeurope.com\/@fr\/114619066869260348","error":""},"_links":{"self":[{"href":"https:\/\/www.europesays.com\/fr\/wp-json\/wp\/v2\/posts\/148718","targetHints":{"allow":["GET"]}}],"collection":[{"href":"https:\/\/www.europesays.com\/fr\/wp-json\/wp\/v2\/posts"}],"about":[{"href":"https:\/\/www.europesays.com\/fr\/wp-json\/wp\/v2\/types\/post"}],"author":[{"embeddable":true,"href":"https:\/\/www.europesays.com\/fr\/wp-json\/wp\/v2\/users\/2"}],"replies":[{"embeddable":true,"href":"https:\/\/www.europesays.com\/fr\/wp-json\/wp\/v2\/comments?post=148718"}],"version-history":[{"count":0,"href":"https:\/\/www.europesays.com\/fr\/wp-json\/wp\/v2\/posts\/148718\/revisions"}],"wp:featuredmedia":[{"embeddable":true,"href":"https:\/\/www.europesays.com\/fr\/wp-json\/wp\/v2\/media\/148719"}],"wp:attachment":[{"href":"https:\/\/www.europesays.com\/fr\/wp-json\/wp\/v2\/media?parent=148718"}],"wp:term":[{"taxonomy":"category","embeddable":true,"href":"https:\/\/www.europesays.com\/fr\/wp-json\/wp\/v2\/categories?post=148718"},{"taxonomy":"post_tag","embeddable":true,"href":"https:\/\/www.europesays.com\/fr\/wp-json\/wp\/v2\/tags?post=148718"}],"curies":[{"name":"wp","href":"https:\/\/api.w.org\/{rel}","templated":true}]}}