{"id":148731,"date":"2025-06-03T11:03:12","date_gmt":"2025-06-03T11:03:12","guid":{"rendered":"https:\/\/www.europesays.com\/fr\/148731\/"},"modified":"2025-06-03T11:03:12","modified_gmt":"2025-06-03T11:03:12","slug":"rins-peine-a-comprendre-ses-difficultes-face-a-quartararo-et-miller","status":"publish","type":"post","link":"https:\/\/www.europesays.com\/fr\/148731\/","title":{"rendered":"Rins peine \u00e0 comprendre ses difficult\u00e9s face \u00e0 Quartararo et Miller"},"content":{"rendered":"<p>Les pilotes Yamaha ont connu des fortunes diverses \u00e0 Silverstone. Pendant que <a href=\"https:\/\/fr.motorsport.com\/driver\/fabio-quartararo\/109400\/\" target=\"_blank\" rel=\"noopener\">Fabio Quartararo<\/a> survolait les d\u00e9bats mais devait abandonner en raison d&rsquo;un <a href=\"https:\/\/fr.motorsport.com\/motogp\/news\/quartararo-course-dechirante-domination-larmes-silverstone\/10726561\/\" target=\"_blank\" rel=\"noopener\">souci de holeshot device<\/a> et que <a href=\"https:\/\/fr.motorsport.com\/driver\/jack-miller\/96423\/\" target=\"_blank\" rel=\"noopener\">Jack Miller<\/a> luttait aussi pour les premi\u00e8res positions avant de <a href=\"https:\/\/fr.motorsport.com\/motogp\/news\/miller-pas-pu-suivre-quartararo-forcer-moto\/10727262\/\" target=\"_blank\" rel=\"noopener\">baisser de rythme pour prendre la septi\u00e8me place<\/a>, <a href=\"https:\/\/fr.motorsport.com\/driver\/alex-rins\/109402\/\" target=\"_blank\" rel=\"noopener\">\u00c1lex Rins<\/a> ne se battait que pour quelques points.<\/p>\n<p>Comme les deux autres pilotes, l&rsquo;Espagnol a bien atteint la Q2 en qualifications, cependant une mauvaise gestion de ses relais et un drapeau jaune l&rsquo;ont rel\u00e9gu\u00e9 en 12e position sur la grille. Ensuite, ses courses ont \u00e9t\u00e9 difficiles, entre un passage hors de la piste lors du sprint et de grandes difficult\u00e9s \u00e0 exploiter le pneu arri\u00e8re le dimanche.<\/p>\n<p>Rins se dirigeait vers une lointaine 13e place quand il a eu lui aussi un probl\u00e8me de holeshot device, qui lui a fait perdre deux positions. Mais plus que ce souci ponctuel, il veut surtout identifier ses difficult\u00e9s \u00e0 exploiter la gomme arri\u00e8re, ce qui l&#8217;emp\u00eache en ce moment de se mesurer aux pilotes les plus performants chez Yamaha.<\/p>\n<p>\u00ab\u00a0C&rsquo;\u00e9tait frustrant, sinc\u00e8rement, parce que j&rsquo;avais beaucoup de mal \u00e0 faire chauffer le pneu arri\u00e8re\u00a0\u00bb, a expliqu\u00e9 Rins \u00e0 Silverstone. \u00ab\u00a0Il faut comprendre pourquoi parce que Miller et Fabio ont la m\u00eame machine que moi, la m\u00eame Yamaha, et ils arrivent \u00e0 \u00eatre plus rapides que moi au d\u00e9but.\u00a0\u00bb<\/p>\n<p>\u00ab\u00a0Ce n&rsquo;est pas la premi\u00e8re course [o\u00f9 \u00e7a arrive]. Au Mans et \u00e0 la course pr\u00e9c\u00e9dente, du milieu jusqu&rsquo;\u00e0 la fin de la course, j&rsquo;arrivais \u00e0 faire les m\u00eames chronos qu&rsquo;eux mais dans les premiers tours, c&rsquo;\u00e9tait impossible de mettre de la temp\u00e9rature dans le pneu arri\u00e8re. J&rsquo;ai failli partir en highside deux fois au virage 9, dans des tours diff\u00e9rents. J&rsquo;ai perdu beaucoup, beaucoup de positions \u00e0 cet endroit.\u00a0\u00bb<\/p>\n<p>   <img decoding=\"async\" draggable=\"false\" src=\"https:\/\/www.europesays.com\/fr\/wp-content\/uploads\/2025\/06\/alex-rins-yamaha-factory-racin.jpg\" alt=\"Alex Rins, Yamaha Factory Racing\" width=\"1200\" height=\"800\" loading=\"lazy\"\/> <\/p>\n<p class=\"title\">\u00c1lex Rins<\/p>\n<p class=\"photographer\">Photo de: Yamaha MotoGP<\/p>\n<p>Les performances de Quartararo, auteur de trois poles cons\u00e9cutives et longtemps leader \u00e0 Silverstone, donnent n\u00e9anmoins de l&rsquo;espoir \u00e0 Rins s&rsquo;il parvient \u00e0 rem\u00e9dier \u00e0 ce probl\u00e8me : \u00ab\u00a0Je suis optimiste, oui. Yamaha travaille tr\u00e8s dur.\u00a0\u00bb<\/p>\n<p>\u00ab\u00a0Dans mon cas, il faut juste comprendre le genre de soucis que l&rsquo;on a dans les premi\u00e8res parties des courses. Ensuite, on voit que les chronos sont assez similaires et que l&rsquo;on a progress\u00e9 depuis l&rsquo;an dernier. C&rsquo;est ce qui est bien, c&rsquo;est ce qui maintient ma motivation.\u00a0\u00bb<\/p>\n<p>La Yamaha a \u00e9volu\u00e9 r\u00e9cemment, avec un <a href=\"https:\/\/fr.motorsport.com\/motogp\/news\/pilotes-yamaha-evolution-moteur-mans\/10720746\/\" target=\"_blank\" rel=\"noopener\">nouveau moteur lanc\u00e9 au Mans<\/a> et des \u00e9volutions a\u00e9rodynamiques \u00e0 Silverstone. Rins a cependant renonc\u00e9 \u00e0 ces derni\u00e8res, qui ne lui ont pas donn\u00e9 d&rsquo;aussi bonnes sensations qu&rsquo;\u00e0 Quartararo, mais il veut les tester \u00e0 nouveau.<\/p>\n<p>\u00ab\u00a0On travaille encore sur des d\u00e9tails. Je dois encore \u00e9valuer le car\u00e9nage \u00e0 l&rsquo;avant parce qu&rsquo;il \u00e9tait \u00e9galement disponible pour moi mais je ne l&rsquo;ai pas trop appr\u00e9ci\u00e9 \u00e0 Misano [lors d&rsquo;un test] donc je suis rest\u00e9 sur le standard. On verra si on pourra progresser d&rsquo;un cran sur le moteur et il faudra corriger ce nouveau bras oscillant, que Fabio et moi n&rsquo;avons pas trop appr\u00e9ci\u00e9.\u00a0\u00bb<\/p>\n<p>Lire aussi :<\/p>\n<p>Dans cet article<\/p>\n<p>    Vincent Lalanne-Sicaud\n<\/p>\n<p>    MotoGP\n<\/p>\n<p>    \u00c1lex Rins\n<\/p>\n<p>    Yamaha Factory Racing\n<\/p>\n<p>Soyez le premier inform\u00e9 et souscrivez aux alertes mails pour recevoir les infos en temps r\u00e9el<\/p>\n<p>    S&rsquo;abonner aux alertes de news<\/p>\n","protected":false},"excerpt":{"rendered":"Les pilotes Yamaha ont connu des fortunes diverses \u00e0 Silverstone. Pendant que Fabio Quartararo survolait les d\u00e9bats mais&hellip;\n","protected":false},"author":2,"featured_media":148732,"comment_status":"","ping_status":"","sticky":false,"template":"","format":"standard","meta":{"footnotes":""},"categories":[1413],"tags":[1011,27,23124,1457,1456,1458,23125,60,10648,3796],"class_list":{"0":"post-148731","1":"post","2":"type-post","3":"status-publish","4":"format-standard","5":"has-post-thumbnail","7":"category-moto","8":"tag-fr","9":"tag-france","10":"tag-gp-de-grande-bretagne","11":"tag-moto","12":"tag-motocycle","13":"tag-motogp","14":"tag-silverstone","15":"tag-sports","16":"tag-u00c1lex-rins","17":"tag-yamaha-factory-racing"},"share_on_mastodon":{"url":"https:\/\/pubeurope.com\/@fr\/114619102225926339","error":""},"_links":{"self":[{"href":"https:\/\/www.europesays.com\/fr\/wp-json\/wp\/v2\/posts\/148731","targetHints":{"allow":["GET"]}}],"collection":[{"href":"https:\/\/www.europesays.com\/fr\/wp-json\/wp\/v2\/posts"}],"about":[{"href":"https:\/\/www.europesays.com\/fr\/wp-json\/wp\/v2\/types\/post"}],"author":[{"embeddable":true,"href":"https:\/\/www.europesays.com\/fr\/wp-json\/wp\/v2\/users\/2"}],"replies":[{"embeddable":true,"href":"https:\/\/www.europesays.com\/fr\/wp-json\/wp\/v2\/comments?post=148731"}],"version-history":[{"count":0,"href":"https:\/\/www.europesays.com\/fr\/wp-json\/wp\/v2\/posts\/148731\/revisions"}],"wp:featuredmedia":[{"embeddable":true,"href":"https:\/\/www.europesays.com\/fr\/wp-json\/wp\/v2\/media\/148732"}],"wp:attachment":[{"href":"https:\/\/www.europesays.com\/fr\/wp-json\/wp\/v2\/media?parent=148731"}],"wp:term":[{"taxonomy":"category","embeddable":true,"href":"https:\/\/www.europesays.com\/fr\/wp-json\/wp\/v2\/categories?post=148731"},{"taxonomy":"post_tag","embeddable":true,"href":"https:\/\/www.europesays.com\/fr\/wp-json\/wp\/v2\/tags?post=148731"}],"curies":[{"name":"wp","href":"https:\/\/api.w.org\/{rel}","templated":true}]}}