{"id":148735,"date":"2025-06-03T11:05:10","date_gmt":"2025-06-03T11:05:10","guid":{"rendered":"https:\/\/www.europesays.com\/fr\/148735\/"},"modified":"2025-06-03T11:05:10","modified_gmt":"2025-06-03T11:05:10","slug":"profils-horaires-parcours-tout-savoir-de-la-112e-edition","status":"publish","type":"post","link":"https:\/\/www.europesays.com\/fr\/148735\/","title":{"rendered":"profils, horaires, parcours&#8230; Tout savoir de la 112e \u00e9dition"},"content":{"rendered":"<p>De Lille, le samedi 5 juillet, aux mythiques Champs Elys\u00e9es de Paris, le dimanche 27 juillet, le peloton du Tour de France 2025 va s&rsquo;affronter sur 21 \u00e9tapes, 3 320 km de course et 51 550 m\u00e8tres de d\u00e9nivel\u00e9 positif. Retrouvez le parcours complet, le profil jour par jour, ainsi que les horaires pr\u00e9vus pour cette 112e \u00e9dition qui traversera dans nos r\u00e9gions, le Vaucluse, la Dr\u00f4me, l&rsquo;Is\u00e8re et la Savoie.<\/p>\n","protected":false},"excerpt":{"rendered":"De Lille, le samedi 5 juillet, aux mythiques Champs Elys\u00e9es de Paris, le dimanche 27 juillet, le peloton&hellip;\n","protected":false},"author":2,"featured_media":148736,"comment_status":"","ping_status":"","sticky":false,"template":"","format":"standard","meta":{"footnotes":""},"categories":[1411],"tags":[2738,7004,14282,17024,27804,27806,1154,207,2730,113,7003,2735,107,1701,1011,27,329,5325,2798,9540,108,27803,27805,27802,5508,517,60,210,2733,2734,4520,1986],"class_list":{"0":"post-148735","1":"post","2":"type-post","3":"status-publish","4":"format-standard","5":"has-post-thumbnail","7":"category-cyclisme","8":"tag-ain","9":"tag-albertville","10":"tag-albertville-bassin","11":"tag-bollene","12":"tag-bollene-bassin","13":"tag-courchevel","14":"tag-cycling","15":"tag-cyclisme","16":"tag-drome","17":"tag-edition-gresivaudan-oisans","18":"tag-edition-tarentaise-maurienne","19":"tag-edition-valence-rhone-crussol-vallee-de-la-drome","20":"tag-fil-info","21":"tag-fil-info-sport","22":"tag-fr","23":"tag-france","24":"tag-france-monde","25":"tag-galerie-media","26":"tag-galerie-photo","27":"tag-galerie-sport","28":"tag-isere","29":"tag-la-plagne","30":"tag-la-plagne-tarentaise","31":"tag-mont-ventoux","32":"tag-savoie","33":"tag-sport","34":"tag-sports","35":"tag-tour-de-france","36":"tag-valence","37":"tag-valence-bassin","38":"tag-vaucluse","39":"tag-vif"},"share_on_mastodon":{"url":"https:\/\/pubeurope.com\/@fr\/114619110115624545","error":""},"_links":{"self":[{"href":"https:\/\/www.europesays.com\/fr\/wp-json\/wp\/v2\/posts\/148735","targetHints":{"allow":["GET"]}}],"collection":[{"href":"https:\/\/www.europesays.com\/fr\/wp-json\/wp\/v2\/posts"}],"about":[{"href":"https:\/\/www.europesays.com\/fr\/wp-json\/wp\/v2\/types\/post"}],"author":[{"embeddable":true,"href":"https:\/\/www.europesays.com\/fr\/wp-json\/wp\/v2\/users\/2"}],"replies":[{"embeddable":true,"href":"https:\/\/www.europesays.com\/fr\/wp-json\/wp\/v2\/comments?post=148735"}],"version-history":[{"count":0,"href":"https:\/\/www.europesays.com\/fr\/wp-json\/wp\/v2\/posts\/148735\/revisions"}],"wp:featuredmedia":[{"embeddable":true,"href":"https:\/\/www.europesays.com\/fr\/wp-json\/wp\/v2\/media\/148736"}],"wp:attachment":[{"href":"https:\/\/www.europesays.com\/fr\/wp-json\/wp\/v2\/media?parent=148735"}],"wp:term":[{"taxonomy":"category","embeddable":true,"href":"https:\/\/www.europesays.com\/fr\/wp-json\/wp\/v2\/categories?post=148735"},{"taxonomy":"post_tag","embeddable":true,"href":"https:\/\/www.europesays.com\/fr\/wp-json\/wp\/v2\/tags?post=148735"}],"curies":[{"name":"wp","href":"https:\/\/api.w.org\/{rel}","templated":true}]}}