{"id":148756,"date":"2025-06-03T11:17:09","date_gmt":"2025-06-03T11:17:09","guid":{"rendered":"https:\/\/www.europesays.com\/fr\/148756\/"},"modified":"2025-06-03T11:17:09","modified_gmt":"2025-06-03T11:17:09","slug":"%f0%9f%94%b4inflation-europeenne-elections-en-coree-du-sud-lessentiel-de-lactualite-ce-mardi-3-juin","status":"publish","type":"post","link":"https:\/\/www.europesays.com\/fr\/148756\/","title":{"rendered":"\ud83d\udd34Inflation europ\u00e9enne, \u00e9lections en Cor\u00e9e du Sud&#8230; L&rsquo;essentiel de l&rsquo;actualit\u00e9 ce mardi 3 juin"},"content":{"rendered":"<p>Bonjour \u00e0 toutes et \u00e0 tous. Voici les informations \u00e9conomiques qu&rsquo;il ne fallait pas manquer ce matin. L&rsquo;<strong>OCDE<\/strong> a revu \u00e0 la baisse son estimation de <strong>croissance en 2025<\/strong>. En Cor\u00e9e du Sud, <strong>le candidat centre gauche\u00a0triomphe<\/strong> \u00e0 l&rsquo;\u00e9lection pr\u00e9sidentielle.\u00a0Enfin, les ventes d&rsquo;<strong>Airbus<\/strong> ont diminu\u00e9 de 4 % en mai.<\/p>\n<p>\ud83d\udcf0\u00a0Bonne lecture et bonne journ\u00e9e !\u00a0\ud83d\udc47<\/p>\n<p>\ud83d\udccd L&rsquo;OCDE revoit \u00e0 la baisse la croissance fran\u00e7aise en 2025<\/p>\n<p>\u00ab La croissance \u00e9conomique devrait <strong>ralentir<\/strong> de mani\u00e8re significative en 2025 \u00bb. Voil\u00e0 la mise en garde de\u00a0l&rsquo;Organisation de coop\u00e9ration et de d\u00e9veloppement \u00e9conomiques. L&rsquo;institution a donc revu en baisse sa pr\u00e9vision de croissance pour la France en 2025, \u00e0 <strong>0,6\u00a0%<\/strong> contre 0,8 % annonc\u00e9 en mars. Elle met en avant \u00ab la hausse de l&rsquo;incertitude et les <strong>tensions commerciales<\/strong> \u00bb\u00a0et appelle Paris \u00e0 assainir ses comptes publics.<\/p>\n<p>Avec cette r\u00e9vision, l&rsquo;OCDE s&rsquo;aligne sur la pr\u00e9vision publi\u00e9e en avril par le Fonds mon\u00e9taire international (FMI), tandis que la Banque de France et le gouvernement fran\u00e7ais tablent sur une progression de 0,7 % du produit int\u00e9rieur brut (PIB) cette ann\u00e9e.<\/p>\n<p>\ud83d\udc49<strong>Pour approfondir le sujet :\u00a0<\/strong><a href=\"https:\/\/www.latribune.fr\/economie\/international\/droits-de-douane-deficit-l-ocde-revoit-a-la-baisse-ses-previsions-de-croissance-pour-la-france-1026493.html\" target=\"_blank\" rel=\"noopener\">Droits de douane, d\u00e9ficit&#8230; L&rsquo;OCDE revoit \u00e0 la baisse ses pr\u00e9visions de croissance pour la France<\/a><\/p>\n<p>\ud83d\udccdCor\u00e9e du Sud: triomphe du candidat de centre gauche Lee Jae-myung<\/p>\n<p>Le candidat du Parti d\u00e9mocrate Lee Jae-myung (centre-gauche) est donn\u00e9 tr\u00e8s largement vainqueur de l&rsquo;\u00e9lection pr\u00e9sidentielle mardi en Cor\u00e9e du Sud, selon un sondage sorti des urnes \u00e0 la cl\u00f4ture de ce scrutin \u00e0 un seul tour.\u00a0Le candidat d\u00e9mocrate est cr\u00e9dit\u00e9 de <strong>51,7 % des voix, contre 39,3 % pour son principal adversaire, le conservateur<\/strong> Kim Moon-soo (PPP, droite), d&rsquo;apr\u00e8s les chiffres des trois plus grandes cha\u00eenes de t\u00e9l\u00e9vision nationales.<\/p>\n<p>\ud83d\udccdApr\u00e8s des ann\u00e9es de croissance, les investissements climatiques stagnent en Europe<\/p>\n<p>Apr\u00e8s plusieurs ann\u00e9es de croissance soutenue, les investissements publics et priv\u00e9s favorables au climat dans l&rsquo;UE sont pass\u00e9s de 491 milliards d&rsquo;euros en 2022 \u00e0 498 milliards en 2023, selon ce rapport, soit une quasi-stagnation. Et <strong>les premi\u00e8res donn\u00e9es recueillies pour 2024 laissent craindre une \u00ab baisse des investissements \u00bb<\/strong>, estime\u00a0l&rsquo;Institut de l&rsquo;\u00e9conomie pour le climat (I4CE) dans une \u00e9tude qui pointe <strong>le retard en mati\u00e8re d&rsquo;\u00e9olien et de r\u00e9novation \u00e9nerg\u00e9tique des b\u00e2timents.<\/strong><\/p>\n<p>\ud83d\udccd Les ventes d&rsquo;Airbus ont baiss\u00e9<\/p>\n<p>Airbus a livr\u00e9 environ <strong>51 avions<\/strong> en mai, selon des sources industrielles, soit une <strong>baisse de 4 %<\/strong> par rapport au m\u00eame mois de l&rsquo;ann\u00e9e pr\u00e9c\u00e9dente. Ce chiffre porte les livraisons depuis le d\u00e9but de l&rsquo;ann\u00e9e \u00e0 environ 243 appareils, en baisse de 5 % par rapport aux cinq premiers mois de 2024.<\/p>\n<p>Le premier avionneur mondial subit une pression croissante de la part des compagnies a\u00e9riennes concernant <strong>les retards de livraison<\/strong>, alors qu&rsquo;il vise une augmentation de 7 % des livraisons \u00e0 ses clients sur l&rsquo;ensemble de l&rsquo;ann\u00e9e, pour atteindre 820 appareils.<\/p>\n<p>\ud83d\udc49<strong> Sur le m\u00eame sujet :<\/strong>\u00a0<a href=\"https:\/\/www.latribune.fr\/entreprises-finance\/industrie\/aeronautique-defense\/fort-de-ses-progres-boeing-regagne-peu-a-peu-la-confiance-des-autorites-americaines-1026224.html\" target=\"_blank\" rel=\"noopener\">Fort de ses progr\u00e8s, Boeing regagne peu \u00e0 peu la confiance des autorit\u00e9s am\u00e9ricaines<\/a><\/p>\n<p>\ud83d\udccd DPE : la Cour des comptes demande la mise en place d&rsquo;une carte professionnelle<\/p>\n<p>La Cour des comptes recommande dans un rapport d&rsquo;instaurer \u00ab une <strong>carte professionnelle<\/strong> pour les diagnostiqueurs \u00bb. Une mesure qui permettrait\u00a0de fiabiliser le diagnostic de performance \u00e9nerg\u00e9tique (<strong>DPE<\/strong>), principal outil de la r\u00e9novation \u00e9nerg\u00e9tique des b\u00e2timents.<\/p>\n<p>R\u00e9guli\u00e8rement accus\u00e9 d&rsquo;\u00eatre l&rsquo;objet de fraudes, de manipulations et d&rsquo;approximations au doigt mouill\u00e9, le DPE est pourtant d\u00e9sormais obligatoire pour toute location ou vente d&rsquo;un logement. \u00c0 noter que les cas de <strong>fraude<\/strong> caract\u00e9ris\u00e9e d\u00e9tect\u00e9s par la DGCCRF (services de r\u00e9pression des fraudes) sont cependant \u00ab marginaux \u00bb.<\/p>\n<p><strong>\ud83d\udc49Notre article sur\u00a0le sujet :\u00a0<\/strong><a href=\"https:\/\/www.latribune.fr\/entreprises-finance\/industrie\/biens-d-equipement-btp-immobilier\/dpe-la-cour-des-comptes-invite-l-etat-a-integrer-toutes-ses-dimensions-societales-1026484.html\" target=\"_blank\" rel=\"noopener\">DPE : la Cour des comptes invite l&rsquo;\u00c9tat \u00e0 \u00ab int\u00e9grer toutes ses dimensions soci\u00e9tales \u00bb<\/a><\/p>\n<p><strong>\ud83d\udcca\u00a0L&rsquo;AGENDA ECO<\/strong><\/p>\n<p><strong>11 heures<\/strong> | Bruxelles |\u00a0Zone euro : chiffres sur l&rsquo;inflation de mai\u00a0et le ch\u00f4mage d&rsquo;avril (Eurostat)<\/p>\n<p><strong>16 heures<\/strong> | Paris | Commission des comptes de la S\u00e9curit\u00e9 sociale (CCSS)<\/p>\n<p><strong>18 heures<\/strong> | Paris |\u00a0Publication du rapport 2025 de l&rsquo;Observatoire des in\u00e9galit\u00e9s<\/p>\n<p><strong>18h05<\/strong> | Rome |\u00a0La Premi\u00e8re ministre italienne Giorgia Meloni re\u00e7oit Emmanuel Macron<\/p>\n<p><strong>Toute la journ\u00e9e<\/strong> | Paris | R\u00e9union minist\u00e9rielle du conseil de l&rsquo;OCDE et publication de\u00a0ses pr\u00e9visions \u00e9conomiques mondiales actualis\u00e9es.<\/p>\n<p><strong>Toute la journ\u00e9e<\/strong> | Copenhague | Visite de la pr\u00e9sidente du Parlement europ\u00e9en.<\/p>\n<p>(Veille r\u00e9alis\u00e9e par\u00a0La Tribune\u00a0avec l&rsquo;AFP, Reuters et d&rsquo;autres sources m\u00e9dias)<\/p>\n","protected":false},"excerpt":{"rendered":"Bonjour \u00e0 toutes et \u00e0 tous. Voici les informations \u00e9conomiques qu&rsquo;il ne fallait pas manquer ce matin. L&rsquo;OCDE&hellip;\n","protected":false},"author":2,"featured_media":43545,"comment_status":"","ping_status":"","sticky":false,"template":"","format":"standard","meta":{"footnotes":""},"categories":[6],"tags":[17,35,27808,33,34,5949,4538,1011,27,15468,18158,7053,27807],"class_list":{"0":"post-148756","1":"post","2":"type-post","3":"status-publish","4":"format-standard","5":"has-post-thumbnail","7":"category-economie","8":"tag-17","9":"tag-business","10":"tag-coree","11":"tag-economie","12":"tag-economy","13":"tag-elections","14":"tag-europeenne","15":"tag-fr","16":"tag-france","17":"tag-lessentiel","18":"tag-lactualite","19":"tag-sud","20":"tag-inflation"},"share_on_mastodon":{"url":"https:\/\/pubeurope.com\/@fr\/114619157370118523","error":""},"_links":{"self":[{"href":"https:\/\/www.europesays.com\/fr\/wp-json\/wp\/v2\/posts\/148756","targetHints":{"allow":["GET"]}}],"collection":[{"href":"https:\/\/www.europesays.com\/fr\/wp-json\/wp\/v2\/posts"}],"about":[{"href":"https:\/\/www.europesays.com\/fr\/wp-json\/wp\/v2\/types\/post"}],"author":[{"embeddable":true,"href":"https:\/\/www.europesays.com\/fr\/wp-json\/wp\/v2\/users\/2"}],"replies":[{"embeddable":true,"href":"https:\/\/www.europesays.com\/fr\/wp-json\/wp\/v2\/comments?post=148756"}],"version-history":[{"count":0,"href":"https:\/\/www.europesays.com\/fr\/wp-json\/wp\/v2\/posts\/148756\/revisions"}],"wp:featuredmedia":[{"embeddable":true,"href":"https:\/\/www.europesays.com\/fr\/wp-json\/wp\/v2\/media\/43545"}],"wp:attachment":[{"href":"https:\/\/www.europesays.com\/fr\/wp-json\/wp\/v2\/media?parent=148756"}],"wp:term":[{"taxonomy":"category","embeddable":true,"href":"https:\/\/www.europesays.com\/fr\/wp-json\/wp\/v2\/categories?post=148756"},{"taxonomy":"post_tag","embeddable":true,"href":"https:\/\/www.europesays.com\/fr\/wp-json\/wp\/v2\/tags?post=148756"}],"curies":[{"name":"wp","href":"https:\/\/api.w.org\/{rel}","templated":true}]}}