{"id":148760,"date":"2025-06-03T11:20:12","date_gmt":"2025-06-03T11:20:12","guid":{"rendered":"https:\/\/www.europesays.com\/fr\/148760\/"},"modified":"2025-06-03T11:20:12","modified_gmt":"2025-06-03T11:20:12","slug":"lamine-yamal-parmi-les-favoris-propose-a-ousmane-dembele-le-match-espagne-france-pour-trancher","status":"publish","type":"post","link":"https:\/\/www.europesays.com\/fr\/148760\/","title":{"rendered":"Lamine Yamal, parmi les favoris, propose \u00e0 Ousmane Demb\u00e9l\u00e9 le match Espagne-France pour trancher"},"content":{"rendered":"<p>        <img decoding=\"async\" loading=\"lazy\" src=\"https:\/\/www.europesays.com\/fr\/wp-content\/uploads\/2025\/06\/bd96650_sirius-fs-upload-1-tlsqonafmcnq-1748936935054-000-47823r7.jpg\"  width=\"728\" height=\"410\" alt=\"Lamine Yamal, ici lors du match FC Barcelone-Villarreal CF en Liga, le 18\u00a0mai 2025.\"\/>  <\/p>\n<p>MANAURE QUINTERO \/ AFP<\/p>\n<p>Lamine Yamal, ici lors du match FC Barcelone-Villarreal CF en Liga, le 18\u00a0mai 2025.<\/p>\n<p class=\"asset asset-text\">FOOTBALL &#8211; Apr\u00e8s la Ligue des champions, cap sur le Ballon d\u2019Or. Avec sa tr\u00e8s belle saison, le Parisien Ousmane Demb\u00e9l\u00e9 peut mettre la main sur le troph\u00e9e individuel le plus convoit\u00e9 du football, <a href=\"https:\/\/www.huffingtonpost.fr\/sport\/article\/ousmane-dembele-elu-meilleur-joueur-de-la-saison-aux-trophees-unfp_249874.html\" target=\"_blank\" rel=\"noopener\">lui qui a d\u00e9j\u00e0 \u00e9t\u00e9 \u00e9lu meilleur joueur de la saison aux Troph\u00e9es UNFP le 11\u00a0mai<\/a>.<\/p>\n<p class=\"asset asset-text\">Grand favori chez les bookmakers <a href=\"https:\/\/www.oddschecker.com\/football\/football-specials\/ballon-dor\/winner\" target=\"_blank\" rel=\"noopener\" title=\"Nouvelle fen\u00eatre\">avec une cote moyenne de 1,40<\/a>, son concurrent le plus s\u00e9rieux est le Barcelonnais Lamine Yamal, dont la cote n\u2019\u00e9merge qu\u2019\u00e0 4. Qu\u2019\u00e0 cela ne tienne, ce dernier, du haut de ses 17\u00a0ans, a indirectement lanc\u00e9 un d\u00e9fi \u00e0 Ousmane Demb\u00e9l\u00e9.<\/p>\n<p class=\"asset asset-text\">Invit\u00e9 dans une \u00e9mission de football parmi les plus \u00e9cout\u00e9es de la radio espagnole, El Partizado de Cope, le jeune prodige a propos\u00e9 \u00e0 l\u2019attaquant du <a href=\"https:\/\/www.huffingtonpost.fr\/sport\/article\/le-maillot-du-psg-a-son-etoile-le-petit-detail-qui-provoque-3-heures-de-queue-dans-la-boutique-du-club_250766.html\" target=\"_blank\" rel=\"noopener\">PSG<\/a> de \u00ab\u00a0jouer\u00a0\u00bb le Ballon d\u2019Or lors de la demi-finale <a href=\"https:\/\/www.huffingtonpost.fr\/sport\/article\/france-croatie-les-bleus-decrochent-aux-tirs-au-but-leur-place-pour-la-demi-finale-de-ligue-des-nations_247843.html\" target=\"_blank\" rel=\"noopener\">du Final 4\u00a0de la Ligue des nations<\/a>, entre l\u2019Espagne et la <a href=\"https:\/\/www.huffingtonpost.fr\/sport\/article\/equipe-de-france-rayan-cherki-appele-pour-la-premiere-fois-par-didier-deschamps_250338.html\" target=\"_blank\" rel=\"noopener\">France<\/a>, ce jeudi \u00e0 Munich (21h). Il \u00e9tait alors interrog\u00e9 sur le d\u00e9bat actuel autour des potentiels vainqueurs du Ballon d\u2019Or, l\u2019occasion pour lui de souligner que son obtention devait malgr\u00e9 tout refl\u00e9ter la r\u00e9gularit\u00e9 et les performances globales.<\/p>\n<p class=\"asset asset-text\">\u00ab\u00a0Ce prix r\u00e9compense le meilleur joueur de l\u2019ann\u00e9e. Que nous gagnions ou non jeudi, je voterai pour le meilleur joueur de l\u2019ann\u00e9e (ce sont en r\u00e9alit\u00e9 les journalistes d\u2019une centaine de\u00a0pays qui votent, NDLR). Si quelque chose arrive \u00e0 moi ou \u00e0 Demb\u00e9l\u00e9 ce jour-l\u00e0 (jeudi soir, NDLR), pour qui voterez-vous\u00a0? Pour quelqu\u2019un d\u2019autre qui jouera la finale dimanche\u00a0?\u00a0\u00bb, a-t-il interrog\u00e9, <a href=\"https:\/\/www.beinsports.com\/en-us\/soccer\/articles-video\/lamine-yamal-reveals-when-the-ballon-d-or-will-truly-be-decided-2025-06-02\" target=\"_blank\" rel=\"noopener\" title=\"Nouvelle fen\u00eatre\">comme le rapporte BeIN Sports<\/a>, avant de conclure avec malice\u00a0: \u00ab\u00a0s\u2019ils veulent prendre leur d\u00e9cision jeudi, alors qu\u2019il en soit ainsi.\u00a0\u00bb<\/p>\n<p>                     \u00ab\u00a0\u00c7a finira par arriver\u00a0\u00bb    <\/p>\n<p class=\"asset asset-text\">Relanc\u00e9 sur le vote qu\u2019il attribuerait s\u2019il \u00e9tait lui-m\u00eame membre du jury, Lamine Yamal est rest\u00e9 myst\u00e9rieux\u00a0: \u00ab\u00a0pour le meilleur joueur de l\u2019ann\u00e9e, mais je garde \u00e7a pour moi.\u00a0\u00bb<\/p>\n<p> La lecture de ce contenu est susceptible d\u2019entra\u00eener un d\u00e9p\u00f4t de cookies de la part de l\u2019op\u00e9rateur tiers qui l\u2019h\u00e9berge. Compte-tenu des choix que vous avez exprim\u00e9s en mati\u00e8re de d\u00e9p\u00f4t de cookies, nous avons bloqu\u00e9 l\u2019affichage de ce contenu. Si vous souhaitez y acc\u00e9der, vous devez accepter la cat\u00e9gorie de cookies \u201cContenus tiers\u201d en cliquant sur le bouton ci-dessous. <\/p>\n<p> Lire la Vid\u00e9o        <\/p>\n<p class=\"asset asset-text\">Il conclut en assurant ne pas faire une obsession du troph\u00e9e, lui qui n\u2019a finalement que 17\u00a0ans, et d\u2019autant plus quand on sait que le plus jeune joueur \u00e0 l\u2019avoir remport\u00e9 fut le Br\u00e9silien Ronaldo \u00e0 21\u00a0ans, en 1997. \u00ab\u00a0Au final, je ne pense pas au troph\u00e9e\u00a0\u00bb, dit-il \u00e0 la radio espagnole. \u00ab\u00a0Je ne me demande pas si je l\u2019aurais, parce que je pense que \u00e7a va mal se passer si on pense au Ballon d\u2019Or. Je veux jouer, gagner et \u00e7a finira par arriver. Si je gagne la Ligue des champions et la Coupe du monde l\u2019ann\u00e9e prochaine, \u00e7a viendra.\u00a0\u00bb<\/p>\n<p class=\"asset asset-text\">De son c\u00f4t\u00e9, \u00e0 28\u00a0ans, Ousmane Demb\u00e9l\u00e9 a sign\u00e9 la plus belle saison de sa carri\u00e8re, remportant un tripl\u00e9 Ligue 1-Coupe-Ligue des champions avec le PSG. Ses stats (33 buts, 15 passes d\u00e9cisives toutes comp\u00e9titions confondues) parlent d\u2019elles-m\u00eames, mais c\u2019est aussi dans son influence sur le jeu qu\u2019il a marqu\u00e9 les esprits, avec ce r\u00f4le de faux 9, m\u00e9lange de meneur de jeu et d\u2019avant-centre, que lui a confi\u00e9 son entra\u00eeneur Luis Enrique.<\/p>\n","protected":false},"excerpt":{"rendered":"MANAURE QUINTERO \/ AFP Lamine Yamal, ici lors du match FC Barcelone-Villarreal CF en Liga, le 18\u00a0mai 2025.&hellip;\n","protected":false},"author":2,"featured_media":148761,"comment_status":"","ping_status":"","sticky":false,"template":"","format":"standard","meta":{"footnotes":""},"categories":[2],"tags":[11,27809,63,1011,27,12,2782,2332,517],"class_list":{"0":"post-148760","1":"post","2":"type-post","3":"status-publish","4":"format-standard","5":"has-post-thumbnail","7":"category-actualites","8":"tag-actualites","9":"tag-ballon-d-or","10":"tag-football","11":"tag-fr","12":"tag-france","13":"tag-news","14":"tag-ousmane-dembele","15":"tag-paris-saint-germain-psg","16":"tag-sport"},"share_on_mastodon":{"url":"https:\/\/pubeurope.com\/@fr\/114619169060281768","error":""},"_links":{"self":[{"href":"https:\/\/www.europesays.com\/fr\/wp-json\/wp\/v2\/posts\/148760","targetHints":{"allow":["GET"]}}],"collection":[{"href":"https:\/\/www.europesays.com\/fr\/wp-json\/wp\/v2\/posts"}],"about":[{"href":"https:\/\/www.europesays.com\/fr\/wp-json\/wp\/v2\/types\/post"}],"author":[{"embeddable":true,"href":"https:\/\/www.europesays.com\/fr\/wp-json\/wp\/v2\/users\/2"}],"replies":[{"embeddable":true,"href":"https:\/\/www.europesays.com\/fr\/wp-json\/wp\/v2\/comments?post=148760"}],"version-history":[{"count":0,"href":"https:\/\/www.europesays.com\/fr\/wp-json\/wp\/v2\/posts\/148760\/revisions"}],"wp:featuredmedia":[{"embeddable":true,"href":"https:\/\/www.europesays.com\/fr\/wp-json\/wp\/v2\/media\/148761"}],"wp:attachment":[{"href":"https:\/\/www.europesays.com\/fr\/wp-json\/wp\/v2\/media?parent=148760"}],"wp:term":[{"taxonomy":"category","embeddable":true,"href":"https:\/\/www.europesays.com\/fr\/wp-json\/wp\/v2\/categories?post=148760"},{"taxonomy":"post_tag","embeddable":true,"href":"https:\/\/www.europesays.com\/fr\/wp-json\/wp\/v2\/tags?post=148760"}],"curies":[{"name":"wp","href":"https:\/\/api.w.org\/{rel}","templated":true}]}}