{"id":148762,"date":"2025-06-03T11:21:10","date_gmt":"2025-06-03T11:21:10","guid":{"rendered":"https:\/\/www.europesays.com\/fr\/148762\/"},"modified":"2025-06-03T11:21:10","modified_gmt":"2025-06-03T11:21:10","slug":"saint-etienne-lancien-hotel-le-chaudron-vert-a-ete-demoli-le-futur-projet-en-attente","status":"publish","type":"post","link":"https:\/\/www.europesays.com\/fr\/148762\/","title":{"rendered":"Saint-\u00c9tienne. L\u2019ancien h\u00f4tel Le Chaudron vert a \u00e9t\u00e9 d\u00e9moli, le futur projet en attente"},"content":{"rendered":"<p>L\u2019ancien h\u00f4tel-restaurant \u00ab\u00a0Le Chaudron vert\u00a0\u00bb situ\u00e9 rue des 3 glorieuses, qui fut la propri\u00e9t\u00e9 de l\u2019ASSE de 2014 \u00e0 2022, vient d\u2019\u00eatre d\u00e9construit. Il \u00e9tait ferm\u00e9 depuis la crise sanitaire de 2020, et avait \u00e9t\u00e9 vendu par le club en 2022 \u00e0 un investisseur qui l\u2019avait lui m\u00eame c\u00e9d\u00e9 \u00e0 un promoteur immobilier.<\/p>\n<p>  Un centre d\u2019affaires de pr\u00e8s de 3000 m2<\/p>\n<p>L\u2019objectif \u00e9tant de construire sur cet emplacement un centre d\u2019affaires d\u2019une surface totale de 2985 m2. \u00ab\u00a0Nous avons d\u00e9moli l\u2019ancien b\u00e2timent pour des raisons de s\u00e9curit\u00e9 uniquement, afin d\u2019\u00e9viter qu\u2019il soit squatt\u00e9\u00a0\u00bb, explique Vincent Guerrier, de la soci\u00e9t\u00e9 GIT, en charge de la commercialisation de ce futur immeuble.<\/p>\n<p>Si le projet est toujours d\u2019actualit\u00e9, son calendrier de r\u00e9alisation est retard\u00e9 et aucune date de d\u00e9marrage de l\u2019op\u00e9ration n\u2019a \u00e9t\u00e9 fix\u00e9e \u00e0 ce jour. Pr\u00e9vu initialement pour ouvrir cette ann\u00e9e, le promoteur a pris en compte le contexte \u00e9conomique st\u00e9phanois\u00a0: \u00ab\u00a0La demande de bureaux a bien diminu\u00e9, et l\u2019offre de locaux similaires est importante sur le secteur\u00a0\u00bb, pr\u00e9cise Vincent Guerrier.<\/p>\n<p>  Flexible sur les modalit\u00e9s d\u2019entr\u00e9e dans les lieux<\/p>\n<p>Effectivement, les deux immeubles tertiaires situ\u00e9s \u00e0 proximit\u00e9 (LEX\u2019A rue du chanoine Ploton et le Saint-Exup\u00e9ry) sont termin\u00e9s, mais pas encore totalement r\u00e9serv\u00e9s, ni occup\u00e9s. Le projet voisin Sigale \u00e0 Saint-Priest-en-Jarez pr\u00e9voit aussi une mise sur le march\u00e9 de 7\u00a0000 m2 suppl\u00e9mentaires.<\/p>\n<p>De ce fait, les porteurs du futur \u00ab\u00a0Chaudron\u00a0\u00bb sont tr\u00e8s ouverts sur les modalit\u00e9s d\u2019entr\u00e9e dans les lieux\u00a0: vente ou location, engagement pour des surfaces petites, moyennes ou m\u00eame pour la totalit\u00e9 de l\u2019ensemble, avec un atout majeur\u00a0: le potentiel important de places de stationnement.<\/p>\n<p class=\"note\">GIT\u00a0: 04.77.57.52.92<\/p>\n","protected":false},"excerpt":{"rendered":"L\u2019ancien h\u00f4tel-restaurant \u00ab\u00a0Le Chaudron vert\u00a0\u00bb situ\u00e9 rue des 3 glorieuses, qui fut la propri\u00e9t\u00e9 de l\u2019ASSE de 2014&hellip;\n","protected":false},"author":2,"featured_media":148763,"comment_status":"","ping_status":"","sticky":false,"template":"","format":"standard","meta":{"footnotes":""},"categories":[9653],"tags":[1111,11,2430,4749,33,7539,1777,674,1011,27,12,25,4001,7538],"class_list":{"0":"post-148762","1":"post","2":"type-post","3":"status-publish","4":"format-standard","5":"has-post-thumbnail","7":"category-saint-etienne","8":"tag-actu","9":"tag-actualites","10":"tag-auvergne-rhone-alpes","11":"tag-btp-et-chantiers","12":"tag-economie","13":"tag-edition-loire-sud","14":"tag-eu","15":"tag-europe","16":"tag-fr","17":"tag-france","18":"tag-news","19":"tag-republique-francaise","20":"tag-saint-etienne","21":"tag-saint-etienne-ville"},"share_on_mastodon":{"url":"https:\/\/pubeurope.com\/@fr\/114619173142871909","error":""},"_links":{"self":[{"href":"https:\/\/www.europesays.com\/fr\/wp-json\/wp\/v2\/posts\/148762","targetHints":{"allow":["GET"]}}],"collection":[{"href":"https:\/\/www.europesays.com\/fr\/wp-json\/wp\/v2\/posts"}],"about":[{"href":"https:\/\/www.europesays.com\/fr\/wp-json\/wp\/v2\/types\/post"}],"author":[{"embeddable":true,"href":"https:\/\/www.europesays.com\/fr\/wp-json\/wp\/v2\/users\/2"}],"replies":[{"embeddable":true,"href":"https:\/\/www.europesays.com\/fr\/wp-json\/wp\/v2\/comments?post=148762"}],"version-history":[{"count":0,"href":"https:\/\/www.europesays.com\/fr\/wp-json\/wp\/v2\/posts\/148762\/revisions"}],"wp:featuredmedia":[{"embeddable":true,"href":"https:\/\/www.europesays.com\/fr\/wp-json\/wp\/v2\/media\/148763"}],"wp:attachment":[{"href":"https:\/\/www.europesays.com\/fr\/wp-json\/wp\/v2\/media?parent=148762"}],"wp:term":[{"taxonomy":"category","embeddable":true,"href":"https:\/\/www.europesays.com\/fr\/wp-json\/wp\/v2\/categories?post=148762"},{"taxonomy":"post_tag","embeddable":true,"href":"https:\/\/www.europesays.com\/fr\/wp-json\/wp\/v2\/tags?post=148762"}],"curies":[{"name":"wp","href":"https:\/\/api.w.org\/{rel}","templated":true}]}}