{"id":148774,"date":"2025-06-03T11:27:08","date_gmt":"2025-06-03T11:27:08","guid":{"rendered":"https:\/\/www.europesays.com\/fr\/148774\/"},"modified":"2025-06-03T11:27:08","modified_gmt":"2025-06-03T11:27:08","slug":"alain-barbe-le-temps-de-la-reflexion-et-loccitanie-cultive-le-bio","status":"publish","type":"post","link":"https:\/\/www.europesays.com\/fr\/148774\/","title":{"rendered":"Alain Barbe \u00ab\u00a0Le temps de la r\u00e9flexion\u00a0\u00bb et l&rsquo;Occitanie cultive le bio"},"content":{"rendered":"<p>            Par<br \/>\n        <strong><br \/>\n            <a href=\"https:\/\/actu.fr\/auteur\/metropoop\" title=\"Consulter tous les articles de R\u00e9daction M\u00e9tropolitain\" rel=\"nofollow noopener\" target=\"_blank\">R\u00e9daction M\u00e9tropolitain<\/a><br \/>\n        <\/strong><\/p>\n<p>        Publi\u00e9 le<\/p>\n<p>            3 juin 2025 \u00e0 13h01        <\/p>\n<p>Comme chaque semaine, <strong>l\u2019hebdomadaire M\u00e9tropolitain<\/strong> vous propose un autre regard sur <strong>l\u2019actualit\u00e9 de Montpellier et de l\u2019H\u00e9rault<\/strong>. D\u00e9couvrez le sommaire de notre nouveau num\u00e9ro.<\/p>\n<p>\u00c0 la Une<\/p>\n<p class=\" wall-content\">De l\u2019eau a coul\u00e9 sous les ponts, depuis notre dernier d\u00e9jeuner ensemble. C\u2019\u00e9tait le 4 septembre dernier, \u00e0 Montpellier. Nous avions, \u00e0 cette occasion, eu l\u2019opportunit\u00e9 d\u2019\u00e9changer longuement sur l\u2019eau, sujet qui animait alors Alain Barbe, maire des Matelles et pr\u00e9sident du Grand Pic Saint-Loup, la collectivit\u00e9 \u00ab\u00a0aux 36 communes\u00a0\u00bb. Il nous y annon\u00e7ait le passage en r\u00e9gie publique de l\u2019eau, dans une volont\u00e9 de pr\u00e9server la ressource et de g\u00e9rer cette derni\u00e8re de la mani\u00e8re la plus \u00e9quitable possible. \u00ab\u00a0Depuis le 1er janvier, c\u2019est chose faite !\u00a0\u00bb, indique-t-il fi\u00e8rement d\u00e8s le d\u00e9but de ce d\u00e9jeuner, probablement inspir\u00e9 par les rafraichissements qu\u2019on nous sert en guise d\u2019accueil. Nous qui esp\u00e9rions, cette fois, pouvoir go\u00fbter \u00e0 une s\u00e9lection des meilleurs crus du Pic Saint-Loup, ravalons \u00e0 nouveau notre salive\u2026 Mais chers lecteurs, levons malgr\u00e9 tout nos verres ! Alain Barbe est, en effet, venu la besace charg\u00e9e de bonnes nouvelles. Alors sans plus attendre, trinquons. Et \u00e9coutons.<\/p>\n<p>News.<\/p>\n<p class=\" wall-content\"><strong>Dossier sp\u00e9cial : l\u2019Occitanie cultive le bio en grand !<\/strong><\/p>\n<p class=\" wall-content\">Un Plan Bi\u2019O pour consolider la fili\u00e8re<\/p>\n<p class=\" wall-content\">Interview : Christian Soler pr\u00e9side Interbio Occitanie<\/p>\n<p class=\" wall-content\">Consommer bio et local, la combinaison gagnante<\/p>\n<p class=\" wall-content\">Le Domaine de La Maurine o\u00f9 courent l\u2019herbe et le mouton<\/p>\n<p>Vid\u00e9os : en ce moment sur Actu<\/p>\n<p class=\" wall-content\">Occit\u2019Alim : la boussole gourmande de la restauration<\/p>\n<p>Lifestyle.<\/p>\n<p class=\" wall-content\"><strong>De la ville d\u2019Ali \u00e0 la ville de Montpellier<\/strong> par Graham Shelby<\/p>\n<p class=\" wall-content\"><strong>Essai auto<\/strong> : Aston Martin Vanquish<\/p>\n<p class=\" wall-content\"><strong>S\u00e9lection caviste<\/strong> : Le Clos du Porteau<\/p>\n<p>\u00c9co.<\/p>\n<p class=\" wall-content\"><strong>La CAF aide les enfants \u00e0 avoir des vacances<\/strong> avec le retour du Pass Colo<\/p>\n<p>Annonces l\u00e9gales<\/p>\n<p class=\" wall-content\"><strong>O\u00f9 le trouver ?<\/strong><\/p>\n<p class=\" wall-content\">Le magazine M\u00e9tropolitain est disponible gratuitement chaque semaine dans plus de 350 points de passage dans le d\u00e9partement de l\u2019H\u00e9rault. M\u00e9tropolitain est \u00e9galement le seul titre de presse disponible en libre-service au sein des halls d\u2019embarquement des a\u00e9roports de Montpellier et de B\u00e9ziers. Il est bien s\u00fbr possible de s\u2019abonner, afin de le recevoir directement chez soi. Aussi, toutes les semaines, retrouvez en ligne la version digitale, <a href=\"https:\/\/v.calameo.com\/library\/?type=account&amp;id=5794458&amp;rows=1&amp;sortBy=latestPublished&amp;theme=wood&amp;bgColor=&amp;thumbSize=large&amp;showTitle=true&amp;showShadow=true&amp;showGloss=true&amp;showInfo=account&amp;linkTo=view&amp;linkTarget=_blank\" rel=\"nofollow noopener\" target=\"_blank\">consultable sur notre site<\/a>.<\/p>\n<p class=\" wall-content\">Suivez toute l\u2019actualit\u00e9 de vos villes et m\u00e9dias favoris en vous inscrivant \u00e0 <a href=\"https:\/\/moncompte.actu.fr\" title=\"D\u00e9couvez Mon Actu\" rel=\"nofollow noopener\" data-trk=\"{&quot;cta&quot;:{&quot;action&quot;:&quot;https:\\\/\\\/moncompte.actu.fr&quot;,&quot;category&quot;:&quot;mon compte&quot;,&quot;from&quot;:&quot;article footer&quot;,&quot;name&quot;:&quot;Mon actu&quot;,&quot;type&quot;:&quot;cta&quot;}}\" target=\"_blank\">Mon Actu<\/a>.<\/p>\n","protected":false},"excerpt":{"rendered":"Par R\u00e9daction M\u00e9tropolitain Publi\u00e9 le 3 juin 2025 \u00e0 13h01 Comme chaque semaine, l\u2019hebdomadaire M\u00e9tropolitain vous propose un&hellip;\n","protected":false},"author":2,"featured_media":148775,"comment_status":"","ping_status":"","sticky":false,"template":"","format":"standard","meta":{"footnotes":""},"categories":[9599],"tags":[1111,11,258,20504,1777,674,1011,27,2208,12,2680,25,104],"class_list":{"0":"post-148774","1":"post","2":"type-post","3":"status-publish","4":"format-standard","5":"has-post-thumbnail","7":"category-montpellier","8":"tag-actu","9":"tag-actualites","10":"tag-alimentation","11":"tag-caf","12":"tag-eu","13":"tag-europe","14":"tag-fr","15":"tag-france","16":"tag-montpellier","17":"tag-news","18":"tag-occitanie","19":"tag-republique-francaise","20":"tag-societe"},"share_on_mastodon":{"url":"https:\/\/pubeurope.com\/@fr\/114619196683593767","error":""},"_links":{"self":[{"href":"https:\/\/www.europesays.com\/fr\/wp-json\/wp\/v2\/posts\/148774","targetHints":{"allow":["GET"]}}],"collection":[{"href":"https:\/\/www.europesays.com\/fr\/wp-json\/wp\/v2\/posts"}],"about":[{"href":"https:\/\/www.europesays.com\/fr\/wp-json\/wp\/v2\/types\/post"}],"author":[{"embeddable":true,"href":"https:\/\/www.europesays.com\/fr\/wp-json\/wp\/v2\/users\/2"}],"replies":[{"embeddable":true,"href":"https:\/\/www.europesays.com\/fr\/wp-json\/wp\/v2\/comments?post=148774"}],"version-history":[{"count":0,"href":"https:\/\/www.europesays.com\/fr\/wp-json\/wp\/v2\/posts\/148774\/revisions"}],"wp:featuredmedia":[{"embeddable":true,"href":"https:\/\/www.europesays.com\/fr\/wp-json\/wp\/v2\/media\/148775"}],"wp:attachment":[{"href":"https:\/\/www.europesays.com\/fr\/wp-json\/wp\/v2\/media?parent=148774"}],"wp:term":[{"taxonomy":"category","embeddable":true,"href":"https:\/\/www.europesays.com\/fr\/wp-json\/wp\/v2\/categories?post=148774"},{"taxonomy":"post_tag","embeddable":true,"href":"https:\/\/www.europesays.com\/fr\/wp-json\/wp\/v2\/tags?post=148774"}],"curies":[{"name":"wp","href":"https:\/\/api.w.org\/{rel}","templated":true}]}}