{"id":148780,"date":"2025-06-03T11:30:21","date_gmt":"2025-06-03T11:30:21","guid":{"rendered":"https:\/\/www.europesays.com\/fr\/148780\/"},"modified":"2025-06-03T11:30:21","modified_gmt":"2025-06-03T11:30:21","slug":"en-retard-pour-le-boulot-il-fuit-la-police-et-finit-dans-un-talus-au-zenith-de-rouen","status":"publish","type":"post","link":"https:\/\/www.europesays.com\/fr\/148780\/","title":{"rendered":"\u00ab\u00a0En retard pour le boulot \u00bb, il fuit la police et finit dans un talus au Z\u00e9nith de Rouen"},"content":{"rendered":"<p>            Par<br \/>\n        <strong><br \/>\n            <a href=\"https:\/\/actu.fr\/auteur\/julien-bouteiller\" title=\"Consulter tous les articles de Julien Bouteiller\" rel=\"nofollow noopener\" target=\"_blank\">Julien Bouteiller<\/a><br \/>\n        <\/strong><\/p>\n<p>        Publi\u00e9 le<\/p>\n<p>            3 juin 2025 \u00e0 11h29        <\/p>\n<p><strong>Oui, il sera tr\u00e8s en retard pour le boulot<\/strong>. Ce mardi 3 juin 2025, un automobiliste un peu trop press\u00e9 a \u00e9t\u00e9 interpell\u00e9 au niveau <a href=\"https:\/\/actu.fr\/tag\/zenith-de-rouen\" rel=\"nofollow noopener\" target=\"_blank\">du Z\u00e9nith de Rouen<\/a>, apr\u00e8s avoir tent\u00e9 de<strong> fuir la police.<\/strong><\/p>\n<p>\u00ab\u00a0En retard\u00a0\u00bb, il fuit la police au Z\u00e9nith<\/p>\n<p class=\" wall-content\">Selon une source polici\u00e8re, vers 4h du matin, une patrouille rep\u00e8re ce conducteur qui \u00ab\u00a0circule \u00e0 vitesse excessive\u00a0\u00bb <strong>sur l\u2019avenue des Canadiens au Grand-Quevilly.\u00a0<\/strong><\/p>\n<p class=\" wall-content\">Les policiers l\u2019avertissent donc qu\u2019ils veulent le contr\u00f4ler. Mais l\u2019automobiliste ne se montre pas coop\u00e9rant. \u00ab\u00a0Il s\u2019arr\u00eate puis r\u00e9acc\u00e9l\u00e8re et tente de fuir sur le parking du Z\u00e9nith.\u00a0\u00bb<\/p>\n<p class=\" wall-content\">Toutefois, \u00ab\u00a0il ne semble pas savoir o\u00f9 aller et il finit dans un talus\u00a0\u00bb. Lorsque les policiers s\u2019approchent \u00e0 pied,<strong> il tente une marche arri\u00e8re et percute le v\u00e9hicule<\/strong> des agents, sans causer de dommage.\u00a0<\/p>\n<p class=\" wall-content\">\u00c2g\u00e9 de 40 ans, bien titulaire du permis et n\u00e9gatif \u00e0 l\u2019alcootest, le suspect est interpell\u00e9. Il expliquera<strong> \u00ab\u00a0qu\u2019il a tent\u00e9 de fuir car il \u00e9tait en retard au boulot<\/strong>\u00ab\u00a0. Au final, il devra expliquer \u00e0 son patron qu\u2019il a termin\u00e9 en garde \u00e0 vue. En bonus, son permis lui est retir\u00e9 et sa voiture plac\u00e9e en fourri\u00e8re.<\/p>\n<p>Vid\u00e9os : en ce moment sur ActuSuivez l\u2019actualit\u00e9 de Rouen <a href=\"https:\/\/www.whatsapp.com\/channel\/0029VaKfnf99hXF2ddApFB1D\" rel=\"nofollow noopener\" target=\"_blank\">sur notre cha\u00eene WhatsApp<\/a> et <a href=\"https:\/\/www.tiktok.com\/@76actu.fr?lang=fr\" rel=\"nofollow noopener\" target=\"_blank\">sur notre compte TikTok<\/a><\/p>\n<p class=\" wall-content\">Suivez toute l\u2019actualit\u00e9 de vos villes et m\u00e9dias favoris en vous inscrivant \u00e0 <a href=\"https:\/\/moncompte.actu.fr\" title=\"D\u00e9couvez Mon Actu\" rel=\"nofollow noopener\" data-trk=\"{&quot;cta&quot;:{&quot;action&quot;:&quot;https:\\\/\\\/moncompte.actu.fr&quot;,&quot;category&quot;:&quot;mon compte&quot;,&quot;from&quot;:&quot;article footer&quot;,&quot;name&quot;:&quot;Mon actu&quot;,&quot;type&quot;:&quot;cta&quot;}}\" target=\"_blank\">Mon Actu<\/a>.<\/p>\n<ul class=\"ac-article-tag wall-content\">\n<li><a href=\"https:\/\/actu.fr\/tag\/police\" data-trk=\"{&quot;cta&quot;:{&quot;action&quot;:&quot;Police&quot;,&quot;category&quot;:&quot;tag&quot;,&quot;from&quot;:&quot;article footer&quot;,&quot;name&quot;:&quot;Police&quot;,&quot;type&quot;:&quot;cta&quot;}}\" rel=\"nofollow noopener\" target=\"_blank\">#Police<\/a><\/li>\n<li><a href=\"https:\/\/actu.fr\/tag\/refus-d-obtemperer\" data-trk=\"{&quot;cta&quot;:{&quot;action&quot;:&quot;Refus d\\u2019obtemp\\u00e9rer&quot;,&quot;category&quot;:&quot;tag&quot;,&quot;from&quot;:&quot;article footer&quot;,&quot;name&quot;:&quot;Refus d\\u2019obtemp\\u00e9rer&quot;,&quot;type&quot;:&quot;cta&quot;}}\" rel=\"nofollow noopener\" target=\"_blank\">#Refus d\u2019obtemp\u00e9rer<\/a><\/li>\n<\/ul>\n<p>                    <script async src=\"\/\/www.tiktok.com\/embed.js\"><\/script><\/p>\n","protected":false},"excerpt":{"rendered":"Par Julien Bouteiller Publi\u00e9 le 3 juin 2025 \u00e0 11h29 Oui, il sera tr\u00e8s en retard pour le&hellip;\n","protected":false},"author":2,"featured_media":148697,"comment_status":"","ping_status":"","sticky":false,"template":"","format":"standard","meta":{"footnotes":""},"categories":[9587],"tags":[1111,11,1777,674,118,1011,27,12,5161,1072,2852,25,9590],"class_list":{"0":"post-148780","1":"post","2":"type-post","3":"status-publish","4":"format-standard","5":"has-post-thumbnail","7":"category-rouen","8":"tag-actu","9":"tag-actualites","10":"tag-eu","11":"tag-europe","12":"tag-faits-divers","13":"tag-fr","14":"tag-france","15":"tag-news","16":"tag-normandie","17":"tag-police","18":"tag-refus-dobtemperer","19":"tag-republique-francaise","20":"tag-rouen"},"share_on_mastodon":{"url":"https:\/\/pubeurope.com\/@fr\/114619208621609693","error":""},"_links":{"self":[{"href":"https:\/\/www.europesays.com\/fr\/wp-json\/wp\/v2\/posts\/148780","targetHints":{"allow":["GET"]}}],"collection":[{"href":"https:\/\/www.europesays.com\/fr\/wp-json\/wp\/v2\/posts"}],"about":[{"href":"https:\/\/www.europesays.com\/fr\/wp-json\/wp\/v2\/types\/post"}],"author":[{"embeddable":true,"href":"https:\/\/www.europesays.com\/fr\/wp-json\/wp\/v2\/users\/2"}],"replies":[{"embeddable":true,"href":"https:\/\/www.europesays.com\/fr\/wp-json\/wp\/v2\/comments?post=148780"}],"version-history":[{"count":0,"href":"https:\/\/www.europesays.com\/fr\/wp-json\/wp\/v2\/posts\/148780\/revisions"}],"wp:featuredmedia":[{"embeddable":true,"href":"https:\/\/www.europesays.com\/fr\/wp-json\/wp\/v2\/media\/148697"}],"wp:attachment":[{"href":"https:\/\/www.europesays.com\/fr\/wp-json\/wp\/v2\/media?parent=148780"}],"wp:term":[{"taxonomy":"category","embeddable":true,"href":"https:\/\/www.europesays.com\/fr\/wp-json\/wp\/v2\/categories?post=148780"},{"taxonomy":"post_tag","embeddable":true,"href":"https:\/\/www.europesays.com\/fr\/wp-json\/wp\/v2\/tags?post=148780"}],"curies":[{"name":"wp","href":"https:\/\/api.w.org\/{rel}","templated":true}]}}