{"id":148781,"date":"2025-06-03T11:31:16","date_gmt":"2025-06-03T11:31:16","guid":{"rendered":"https:\/\/www.europesays.com\/fr\/148781\/"},"modified":"2025-06-03T11:31:16","modified_gmt":"2025-06-03T11:31:16","slug":"de-nouvelles-enseignes-arrivent-en-centre-ville","status":"publish","type":"post","link":"https:\/\/www.europesays.com\/fr\/148781\/","title":{"rendered":"de nouvelles enseignes arrivent en centre-ville"},"content":{"rendered":"<p>C\u2019est un des plus vieux locaux commerciaux vides de Grenoble. Situ\u00e9 au c\u0153ur du centre-ville, il va enfin rena\u00eetre\u00a0!<\/p>\n<p>Au croisement du boulevard Gambetta et de la rue B\u00e9ranger, les travaux ont d\u00e9but\u00e9 dans cet espace qui a longtemps accueilli la Caisse d\u2019\u00c9pargne. C\u2019est une enseigne de sport lyonnaise, i-Run, qui va s\u2019y installer. \u00ab\u00a0Le meilleur du running, trail, fitness, outdoor et les plus grandes marques de chaussures\u00a0\u00bb, explique sur son site internet la marque. Nul doute qu\u2019\u00e0 Grenoble elle trouvera des clients\u00a0!<\/p>\n<p>Ce contenu est bloqu\u00e9 car vous n&rsquo;avez pas accept\u00e9 les cookies et autres traceurs.<\/p>\n<p>En cliquant sur \u00ab J\u2019accepte \u00bb, les cookies et autres traceurs seront d\u00e9pos\u00e9s et vous pourrez visualiser les contenus  (<a href=\"\" class=\"consentModule_policy\" target=\"_blank\" title=\"Consulter la politique de protection des donn\u00e9es du fournisseur\">plus d&rsquo;informations<\/a>).<\/p>\n<p>En cliquant sur \u00ab J\u2019accepte tous les cookies \u00bb, vous autorisez des d\u00e9p\u00f4ts de cookies et autres traceurs pour le stockage de vos donn\u00e9es sur nos sites et applications \u00e0 des fins de personnalisation et de ciblage publicitaire.<\/p>\n<p class=\"consentModule_secondaryText\">Vous gardez la possibilit\u00e9 de retirer votre consentement \u00e0 tout moment en consultant notre <a href=\"https:\/\/www.ledauphine.com\/protection-des-donnees\" target=\"_blank\" title=\"Consulter notre politique de protection des donn\u00e9es\" rel=\"nofollow noopener\">politique de protection des donn\u00e9es<\/a>. <br \/>&#13;<br \/>\n            <a href=\"https:\/\/www.ledauphine.com\/economie\/2025\/06\/03\/javascript:Didomi.notice.show()\" class=\"consentModule_cmp\" rel=\"nofollow noopener\" target=\"_blank\">G\u00e9rer mes choix<\/a>&#13;\n        <\/p>\n<p>&#13;<br \/>\n                        J&rsquo;accepte&#13;<br \/>\n            J&rsquo;accepte tous les cookies&#13;\n        <\/p>\n<p>Une arriv\u00e9e qui en accompagne d\u2019autres comme le supermarch\u00e9 Aldi qui ouvrira ce mois-ci \u00e0 la place d\u2019Habitat, rue Hoche. Citons aussi Animalis qui vient d\u2019ouvrir dans les anciens locaux de Burton, rue de la R\u00e9publique. Une enseigne sp\u00e9cialis\u00e9e dans la nourriture et les accessoires pour animaux.<\/p>\n<p>Du c\u00f4t\u00e9 de la rue de Bonne, \u00e0 l\u2019emplacement de l\u2019\u00e9ph\u00e9m\u00e8re Chaise Longue, c\u2019est une enseigne de lunettes qui s\u2019installe. Les travaux ont d\u00e9but\u00e9 et il s\u2019agit de Sea2see. Une marque 100\u00a0% fabriqu\u00e9e en Italie, 100\u00a0% \u00e9co-responsable et 100\u00a0% en plastique marin recyclable selon le slogan.<\/p>\n","protected":false},"excerpt":{"rendered":"C\u2019est un des plus vieux locaux commerciaux vides de Grenoble. Situ\u00e9 au c\u0153ur du centre-ville, il va enfin&hellip;\n","protected":false},"author":2,"featured_media":148782,"comment_status":"","ping_status":"","sticky":false,"template":"","format":"standard","meta":{"footnotes":""},"categories":[9566],"tags":[1111,11,1867,2430,4406,130,33,112,1777,674,107,1011,27,2731,2732,108,12,25],"class_list":{"0":"post-148781","1":"post","2":"type-post","3":"status-publish","4":"format-standard","5":"has-post-thumbnail","7":"category-grenoble","8":"tag-actu","9":"tag-actualites","10":"tag-animaux","11":"tag-auvergne-rhone-alpes","12":"tag-commerce-et-services","13":"tag-consommation","14":"tag-economie","15":"tag-edition-grenoble-agglomeration","16":"tag-eu","17":"tag-europe","18":"tag-fil-info","19":"tag-fr","20":"tag-france","21":"tag-grenoble","22":"tag-grenoble-bassin","23":"tag-isere","24":"tag-news","25":"tag-republique-francaise"},"share_on_mastodon":{"url":"https:\/\/pubeurope.com\/@fr\/114619212398295549","error":""},"_links":{"self":[{"href":"https:\/\/www.europesays.com\/fr\/wp-json\/wp\/v2\/posts\/148781","targetHints":{"allow":["GET"]}}],"collection":[{"href":"https:\/\/www.europesays.com\/fr\/wp-json\/wp\/v2\/posts"}],"about":[{"href":"https:\/\/www.europesays.com\/fr\/wp-json\/wp\/v2\/types\/post"}],"author":[{"embeddable":true,"href":"https:\/\/www.europesays.com\/fr\/wp-json\/wp\/v2\/users\/2"}],"replies":[{"embeddable":true,"href":"https:\/\/www.europesays.com\/fr\/wp-json\/wp\/v2\/comments?post=148781"}],"version-history":[{"count":0,"href":"https:\/\/www.europesays.com\/fr\/wp-json\/wp\/v2\/posts\/148781\/revisions"}],"wp:featuredmedia":[{"embeddable":true,"href":"https:\/\/www.europesays.com\/fr\/wp-json\/wp\/v2\/media\/148782"}],"wp:attachment":[{"href":"https:\/\/www.europesays.com\/fr\/wp-json\/wp\/v2\/media?parent=148781"}],"wp:term":[{"taxonomy":"category","embeddable":true,"href":"https:\/\/www.europesays.com\/fr\/wp-json\/wp\/v2\/categories?post=148781"},{"taxonomy":"post_tag","embeddable":true,"href":"https:\/\/www.europesays.com\/fr\/wp-json\/wp\/v2\/tags?post=148781"}],"curies":[{"name":"wp","href":"https:\/\/api.w.org\/{rel}","templated":true}]}}