{"id":148783,"date":"2025-06-03T11:32:11","date_gmt":"2025-06-03T11:32:11","guid":{"rendered":"https:\/\/www.europesays.com\/fr\/148783\/"},"modified":"2025-06-03T11:32:11","modified_gmt":"2025-06-03T11:32:11","slug":"grenoble-lfi-exige-queric-piolle-mette-fin-sans-delai-au-jumelage-avec-une-ville-disrael","status":"publish","type":"post","link":"https:\/\/www.europesays.com\/fr\/148783\/","title":{"rendered":"Grenoble. LFI exige qu&rsquo;\u00c9ric Piolle mette fin \u00ab\u00a0sans d\u00e9lai\u00a0\u00bb au jumelage avec une ville d&rsquo;Isra\u00ebl"},"content":{"rendered":"<p>            Par<br \/>\n        <strong><br \/>\n            <a href=\"https:\/\/actu.fr\/auteur\/lisa-rodrigues\" title=\"Consulter tous les articles de Lisa Rodrigues\" target=\"_blank\" rel=\"noopener\">Lisa Rodrigues<\/a><br \/>\n        <\/strong><\/p>\n<p>        Publi\u00e9 le<\/p>\n<p>            3 juin 2025 \u00e0 11h17        <\/p>\n<p>\u00ab\u00a0Le temps n\u2019est pas \u00e0 la normalisation.\u00a0\u00bb La branche is\u00e9roise de <a href=\"https:\/\/actu.fr\/tag\/la-france-insoumise-lfi\" target=\"_blank\" rel=\"noopener\">La France insoumise (LFI)<\/a> donne le ton dans un communiqu\u00e9 de presse envoy\u00e9 lundi 2 juin.<\/p>\n<p class=\" wall-content\">Alors que la <a href=\"https:\/\/actu.fr\/monde\/gaza-israel-accepte-la-proposition-de-treve-de-donald-trump-qui-ne-repond-a-aucune-demande-du-hamas_62705648.html\" target=\"_blank\" rel=\"noopener\">guerre entre le Hamas et Isra\u00ebl<\/a> fait toujours rage, le parti de Jean-Luc M\u00e9lenchon demande express\u00e9ment \u00e0 la Ville de Grenoble \u00ab\u00a0la <strong>fin imm\u00e9diate du jumelage<\/strong> entre Grenoble et Rehovot\u00a0\u00bb, une ville au sud de Tel-Aviv.<\/p>\n<p class=\" wall-content\">\n<p>\u00ab\u00a0Mettre fin sans d\u00e9lai au jumelage\u00a0\u00bb<\/p>\n<p class=\" wall-content\">Les Insoumis is\u00e9rois rappellent les appels r\u00e9p\u00e9t\u00e9s de la communaut\u00e9 internationale \u00e0 un \u00ab\u00a0cessez-le-feu imm\u00e9diat et permanent\u00a0\u00bb et soulignent d\u2019autres demandes \u00ab\u00a0d\u2019arr\u00eat de toute relation avec l\u2019\u00c9tat d\u2019Isra\u00ebl et ses repr\u00e9sentants\u00a0\u00bb responsables d\u2019un \u00ab\u00a0g\u00e9nocide\u00a0\u00bb contre le peuple palestinien.<\/p>\n<blockquote class=\"ac-article-quote wall-content\">\n<p>\u00c0 Grenoble, cette exigence se traduit par une demande claire : mettre fin sans d\u00e9lai au jumelage avec la ville isra\u00e9lienne de Rehovot. [&#8230;] Pourquoi continuer \u00e0 entretenir un lien, m\u00eame \u00ab\u00a0symbolique\u00a0\u00bb pour certains, avec une municipalit\u00e9 qui soutient la puissance occupante qui massacre et prive de ses droits les plus fondamentaux tout un peuple ?<\/p>\n<p>    <strong>Communiqu\u00e9 de presse de La France Insoumise Is\u00e8re<\/strong>\n            <\/p><\/blockquote>\n<p class=\" wall-content\">Cette demande est d\u2019autant plus l\u00e9gitime pour LFI, que \u00ab\u00a0les municipalit\u00e9s successives de Rehovot ont soutenu la politique de colonisation du gouvernement isra\u00e9lien\u00a0\u00bb d\u00e9nonc\u00e9e \u00e0 de multiples reprises par le parti.<\/p>\n<p>Vid\u00e9os : en ce moment sur ActuLes municipales en toile de fond<\/p>\n<p class=\" wall-content\">Pour porter leurs revendications, le parti annonce que \u00ab\u00a0les \u00e9lus de la France insoumise de la municipalit\u00e9 de Grenoble s\u2019engagent \u00e0 porter la proposition de dissolution de jumelage Grenoble-Rehovot\u00a0\u00bb au prochain conseil municipal. Il est \u00e0 noter que LFI est un <strong>alli\u00e9 de la majorit\u00e9 du maire<\/strong> \u00e9cologiste <a href=\"https:\/\/actu.fr\/tag\/eric-piolle\" target=\"_blank\" rel=\"noopener\">\u00c9ric Piolle<\/a>, au sein du groupe \u00ab\u00a0Grenoble en commun\u00a0\u00bb.<\/p>\n<p class=\" wall-content\">Cette prise de position intervient alors que LFI vient de d\u00e9signer deux chefs de file pour pr\u00e9parer les municipales \u00e0 Grenoble, Allan Brunon et \u00c9lisa Martin, ex-adjointe d\u2019\u00c9ric Piolle dont le nom est cit\u00e9e dans <a href=\"https:\/\/actu.fr\/auvergne-rhone-alpes\/grenoble_38185\/grenoble-eric-piolle-accuse-d-une-combine-avec-argent-liquide-une-enquete-ouverte_61159854.html\" target=\"_blank\" rel=\"noopener\">un scandale financier<\/a> \u00e0 la mairie.<\/p>\n<p class=\" wall-content\">\n<p>Une coop\u00e9ration \u00ab\u00a0en sommeil\u00a0\u00bb<\/p>\n<p class=\" wall-content\">La ville de Rehovot est jumel\u00e9e avec Grenoble depuis 1984. Toutefois, \u00ab\u00a0la coop\u00e9ration institutionnelle est <strong>en sommeil depuis 2009<\/strong>\u00ab\u00a0, peut-on lire sur le site de la municipalit\u00e9. Une d\u00e9cision prise apr\u00e8s des d\u00e9clarations du maire de la ville isra\u00e9lienne contre la solution \u00e0 deux \u00c9tats et le d\u00e9but de la guerre entre le Hamas et Isra\u00ebl.<\/p>\n<p class=\" wall-content\">\u00ab\u00a0Aujourd\u2019hui, en l\u2019absence d\u2019un cessez-le-feu et de lib\u00e9ration des otages, la Ville de Grenoble et le comit\u00e9 de jumelage n\u2019ont pas de projet avec Rehovot\u00a0\u00bb, assure la municipalit\u00e9.<\/p>\n<p class=\" wall-content\">Suivez toute l\u2019actualit\u00e9 de vos villes et m\u00e9dias favoris en vous inscrivant \u00e0 <a href=\"https:\/\/moncompte.actu.fr\" title=\"D\u00e9couvez Mon Actu\" rel=\"nofollow noopener\" data-trk=\"{&quot;cta&quot;:{&quot;action&quot;:&quot;https:\\\/\\\/moncompte.actu.fr&quot;,&quot;category&quot;:&quot;mon compte&quot;,&quot;from&quot;:&quot;article footer&quot;,&quot;name&quot;:&quot;Mon actu&quot;,&quot;type&quot;:&quot;cta&quot;}}\" target=\"_blank\">Mon Actu<\/a>.<\/p>\n","protected":false},"excerpt":{"rendered":"Par Lisa Rodrigues Publi\u00e9 le 3 juin 2025 \u00e0 11h17 \u00ab\u00a0Le temps n\u2019est pas \u00e0 la normalisation.\u00a0\u00bb La&hellip;\n","protected":false},"author":2,"featured_media":148784,"comment_status":"","ping_status":"","sticky":false,"template":"","format":"standard","meta":{"footnotes":""},"categories":[9566],"tags":[1111,11,2430,9607,1777,674,1011,27,2731,5643,1023,12,316,25],"class_list":{"0":"post-148783","1":"post","2":"type-post","3":"status-publish","4":"format-standard","5":"has-post-thumbnail","7":"category-grenoble","8":"tag-actu","9":"tag-actualites","10":"tag-auvergne-rhone-alpes","11":"tag-eric-piolle","12":"tag-eu","13":"tag-europe","14":"tag-fr","15":"tag-france","16":"tag-grenoble","17":"tag-guerre-israel-hamas","18":"tag-la-france-insoumise-lfi","19":"tag-news","20":"tag-politique","21":"tag-republique-francaise"},"share_on_mastodon":{"url":"https:\/\/pubeurope.com\/@fr\/114619216286234242","error":""},"_links":{"self":[{"href":"https:\/\/www.europesays.com\/fr\/wp-json\/wp\/v2\/posts\/148783","targetHints":{"allow":["GET"]}}],"collection":[{"href":"https:\/\/www.europesays.com\/fr\/wp-json\/wp\/v2\/posts"}],"about":[{"href":"https:\/\/www.europesays.com\/fr\/wp-json\/wp\/v2\/types\/post"}],"author":[{"embeddable":true,"href":"https:\/\/www.europesays.com\/fr\/wp-json\/wp\/v2\/users\/2"}],"replies":[{"embeddable":true,"href":"https:\/\/www.europesays.com\/fr\/wp-json\/wp\/v2\/comments?post=148783"}],"version-history":[{"count":0,"href":"https:\/\/www.europesays.com\/fr\/wp-json\/wp\/v2\/posts\/148783\/revisions"}],"wp:featuredmedia":[{"embeddable":true,"href":"https:\/\/www.europesays.com\/fr\/wp-json\/wp\/v2\/media\/148784"}],"wp:attachment":[{"href":"https:\/\/www.europesays.com\/fr\/wp-json\/wp\/v2\/media?parent=148783"}],"wp:term":[{"taxonomy":"category","embeddable":true,"href":"https:\/\/www.europesays.com\/fr\/wp-json\/wp\/v2\/categories?post=148783"},{"taxonomy":"post_tag","embeddable":true,"href":"https:\/\/www.europesays.com\/fr\/wp-json\/wp\/v2\/tags?post=148783"}],"curies":[{"name":"wp","href":"https:\/\/api.w.org\/{rel}","templated":true}]}}